{"id":227974,"date":"2026-08-31T22:00:08","date_gmt":"2026-08-31T22:00:08","guid":{"rendered":"https:\/\/www.europesays.com\/hu\/227974\/"},"modified":"2026-08-31T22:00:08","modified_gmt":"2026-08-31T22:00:08","slug":"karman-andras-uj-elnokot-nevezett-ki-a-nav-elere","status":"publish","type":"post","link":"https:\/\/www.europesays.com\/hu\/227974\/","title":{"rendered":"K\u00e1rm\u00e1n Andr\u00e1s \u00faj eln\u00f6k\u00f6t nevezett ki a NAV \u00e9l\u00e9re"},"content":{"rendered":"<p> K\u00e1rm\u00e1n Andr\u00e1s p\u00e9nz\u00fcgyminiszter R\u00f3zs\u00e1n\u00e9 S\u00e1dt M\u00f3nik\u00e1t nevezi ki a Nemzeti Ad\u00f3- \u00e9s V\u00e1mhivatal \u00faj eln\u00f6k\u00e9nek. A NAV leend\u0151 b\u0171n\u00fcgyi \u00e9s rend\u00e9szeti eln\u00f6khelyettese dr. Sis\u00e1k Attila lesz \u2013 k\u00f6z\u00f6lte a P\u00e9nz\u00fcgyminiszt\u00e9rium.<\/p>\n<p>A t\u00e1rca t\u00e1j\u00e9koztat\u00e1sa szerint A NAV eln\u00f6ki tiszts\u00e9g\u00e9re ki\u00edrt nyilv\u00e1nos p\u00e1ly\u00e1zatra \u00f6sszesen 49 jelentkez\u00e9s \u00e9rkezett a P\u00e9nz\u00fcgyminiszt\u00e9riumhoz, a szakmai \u00e9rt\u00e9kel\u00e9sek alapj\u00e1n kilenc jel\u00f6ltet javasolt az illet\u00e9kes test\u00fclet az els\u0151 k\u00f6r\u00f6s, \u00e1llamtitk\u00e1ri szint\u0171 meghallgat\u00e1sra. Az \u00e1llamtitk\u00e1ri bizotts\u00e1g ezt k\u00f6vet\u0151en \u00f6t jel\u00f6ltet terjesztett tov\u00e1bb miniszteri meghallgat\u00e1sra. A kiv\u00e1laszt\u00e1si folyamat \u00e9s a miniszteri bizotts\u00e1g javaslata alapj\u00e1n R\u00f3zs\u00e1n\u00e9 S\u00e1dt M\u00f3nika kap megb\u00edz\u00e1st a Nemzeti Ad\u00f3- \u00e9s V\u00e1mhivatal vezet\u00e9s\u00e9re.<\/p>\n<p>R\u00f3zs\u00e1n\u00e9 S\u00e1dt M\u00f3nika t\u00f6bb \u00e9vtizedes, sz\u00e9les k\u00f6r\u0171 ad\u00f3szakmai tapasztalattal rendelkezik. P\u00e1lyafut\u00e1sa sor\u00e1n a k\u00f6nyvvizsg\u00e1latt\u00f3l, az ad\u00f3bevall\u00e1sok, ad\u00f3jelent\u00e9sek k\u00e9sz\u00edt\u00e9s\u00e9n kereszt\u00fcl a kock\u00e1zatkezel\u00e9si rendszerek fel\u00fcgyelet\u00e9ig sz\u00e1mos ter\u00fcleten dolgozott. Jelenlegi munkahely\u00e9n, a DIAGEO Csoportn\u00e1l t\u00f6bb mint t\u00edz orsz\u00e1gban m\u0171k\u00f6d\u0151 szervezetet vezet, \u00e9s ad\u00f3z\u00e1si, adatszolg\u00e1ltat\u00e1si, ir\u00e1ny\u00edt\u00e1si, megfelel\u00e9si, k\u00fclkereskedelmi \u00e9s technol\u00f3giai folyamatok\u00e9rt felel \u2013 mutatta be r\u00f6viden az \u00faj vezet\u0151t a t\u00e1rca. Mint \u00edrt\u00e1k, a hazai \u00e9s nemzetk\u00f6zi szakmai tapasztalata mellett a Nemzeti Ad\u00f3- \u00e9s V\u00e1mhivatal j\u00f6v\u0151j\u00e9r\u0151l megfogalmazott strat\u00e9giai elk\u00e9pzel\u00e9sei is meghat\u00e1roz\u00f3 szerepet j\u00e1tszottak a kiv\u00e1laszt\u00e1s\u00e1ban, tekintve, hogy c\u00e9ljak\u00e9nt egy olyan korszer\u0171 ad\u00f3hat\u00f3s\u00e1g kialak\u00edt\u00e1s\u00e1t jel\u00f6lte meg, amely egyszer\u0171bb\u00e9 \u00e9s \u00e1tl\u00e1that\u00f3bb\u00e1 teszi az ad\u00f3z\u00e1st, hat\u00e9konyan t\u00e1mogatja a k\u00f6lts\u00e9gvet\u00e9si stabilit\u00e1st, szervezet\u00e9ben \u00e9s szeml\u00e9let\u00e9ben pedig alkalmazkodik a XXI. sz\u00e1zad kih\u00edv\u00e1saihoz.<\/p>\n<p>\u201eA k\u00edv\u00e1natos int\u00e9zm\u00e9nyi karakter: seg\u00edts\u00e9g a jogk\u00f6vet\u0151nek, kisz\u00e1m\u00edthat\u00f3s\u00e1g mindenkinek, k\u00f6vetkezetes fell\u00e9p\u00e9s a jogs\u00e9rt\u0151vel szemben\u201d \u2013 fogalmazott eln\u00f6ki p\u00e1ly\u00e1zat\u00e1ban R\u00f3zs\u00e1n\u00e9 S\u00e1dt M\u00f3nika.<\/p>\n<p>\ufeff<\/p>\n<p>\u201eBrav\u00f3, K\u00e1rm\u00e1n \u00far!\u201d<\/p>\n<p>K\u00e1rm\u00e1n Andr\u00e1s p\u00e9nz\u00fcgmyiniszter m\u00e9g j\u00fanius v\u00e9g\u00e9n \u00e1llt el\u0151 azzal a bejelent\u00e9ssel, hogy alapos szakmai egyeztet\u00e9st k\u00f6vet\u0151en Tam\u00e1sn\u00e9 Czinege Csill\u00e1t jel\u00f6lik a NAV eln\u00f6ki posztj\u00e1ra, aki a korm\u00e1nyv\u00e1lt\u00e1s \u00f3ta m\u00e1r gyakorolta az eln\u00f6ki jogk\u00f6rt. A bejelent\u00e9st k\u00f6vet\u0151en t\u00f6bben a nemtetsz\u00e9s\u00fcket fejezt\u00e9k ki, k\u00f6zt\u00fck Horv\u00e1th Andr\u00e1s, a 2013-as NAV-os \u00e1facsal\u00e1si botr\u00e1nyt kirobbant\u00f3 egykori ad\u00f3\u00fcgyi szakember is.<\/p>\n<p>\u201eNER-t kiszolg\u00e1l\u00f3 figur\u00e1k a NAV \u00e9l\u00e9n? Marad minden a r\u00e9giben? Brav\u00f3, K\u00e1rm\u00e1n \u00far!\u201d fel\u00fct\u00e9s\u0171 bejegyz\u00e9s\u00e9ben Horv\u00e1th Andr\u00e1s <a href=\"https:\/\/24.hu\/fn\/gazdasag\/2026\/06\/30\/horvath-andras-nav-tamasne-czinege-csilla-adohatosag\/\" target=\"_blank\" rel=\"noopener nofollow\">eml\u00e9keztetett a 2013-ban kirobbant NAV-botr\u00e1nyra:<\/a><\/p>\n<p>\u201eA f\u0151 \u00e1ll\u00edt\u00e1som akkor az volt, hogy olyan diszkriminat\u00edv ellen\u0151rz\u00e9si rendszert m\u0171k\u00f6dtetett a NAV, amely \u00e9ves szinten sz\u00e1zmilli\u00e1rdokkal k\u00e1ros\u00edtotta meg az \u00e1llami k\u00f6lts\u00e9gvet\u00e9st. K\u00e1rm\u00e1n Andr\u00e1s \u00e9ppen akkor l\u00e9pett le a NAV-ot fel\u00fcgyel\u0151 p\u00e9nz\u00fcgyminiszt\u00e9riumi \u00e1ll\u00e1s\u00e1b\u00f3l, amikor 2011 \u0151sz\u00e9n a NAV-on bel\u00fcl terjesztettem a fels\u0151 vezet\u00e9s el\u00e9, hogy milyen m\u00e9rt\u00e9k\u0171 k\u00e1rokat okoz az \u00c1FA-bev\u00e9teleket tekintve az a tudatosan kialak\u00edtott rendszer, amelyben az ellen\u0151rz\u00e9sek mindig meg\u00e1llnak a v\u00e9dett (kiemelt st\u00e1tusz\u00fa) ad\u00f3z\u00f3kn\u00e1l. Ekkor a NAV K\u00f6z\u00e9p-magyarorsz\u00e1gi Region\u00e1lis Ad\u00f3 F\u0151igazgat\u00f3s\u00e1g\u00e1n dolgoztam, a f\u0151igazgat\u00f3 az a Tam\u00e1sn\u00e9 Czinege Csilla volt, akit \u00fajdons\u00fclt p\u00e9nz\u00fcgyminiszter\u00fcnk \u00e9ppen h\u00e9tf\u0151n nevezett meg a NAV \u00faj eln\u00f6kek\u00e9nt.\u201d<\/p>\n<p>Tekintve, hogy a P\u00e9nz\u00fcgyminiszt\u00e9rium most egy \u00faj eln\u00f6k\u00f6t jelentett be az ad\u00f3hat\u00f3s\u00e1g \u00e9l\u00e9re, Tam\u00e1sn\u00e9 kinevez\u00e9se legfeljebb \u00e1tmenetinek volt tekinthet\u0151.<\/p>\n","protected":false},"excerpt":{"rendered":"K\u00e1rm\u00e1n Andr\u00e1s p\u00e9nz\u00fcgyminiszter R\u00f3zs\u00e1n\u00e9 S\u00e1dt M\u00f3nik\u00e1t nevezi ki a Nemzeti Ad\u00f3- \u00e9s V\u00e1mhivatal \u00faj eln\u00f6k\u00e9nek. A NAV leend\u0151&hellip;\n","protected":false},"author":2,"featured_media":227975,"comment_status":"","ping_status":"","sticky":false,"template":"","format":"standard","meta":{"footnotes":"","_share_on_mastodon":"0"},"categories":[33],"tags":[38,35,37,44,42,40,43,41,3765,11288,34,13589,60539,36,39],"class_list":["post-227974","post","type-post","status-publish","format-standard","has-post-thumbnail","category-hirek","tag-focimek","tag-headlines","tag-hirek","tag-hu","tag-hungarian","tag-hungary","tag-magyar","tag-magyarorszag","tag-nav","tag-nemzeti-ado-es-vamhivatal","tag-news","tag-penzugyminiszterium","tag-rozsane-sadt-monika","tag-top-stories","tag-vezeto-hirek"],"share_on_mastodon":{"url":"https:\/\/pubeurope.com\/@hu\/117192374599451138","error":""},"_links":{"self":[{"href":"https:\/\/www.europesays.com\/hu\/wp-json\/wp\/v2\/posts\/227974","targetHints":{"allow":["GET"]}}],"collection":[{"href":"https:\/\/www.europesays.com\/hu\/wp-json\/wp\/v2\/posts"}],"about":[{"href":"https:\/\/www.europesays.com\/hu\/wp-json\/wp\/v2\/types\/post"}],"author":[{"embeddable":true,"href":"https:\/\/www.europesays.com\/hu\/wp-json\/wp\/v2\/users\/2"}],"replies":[{"embeddable":true,"href":"https:\/\/www.europesays.com\/hu\/wp-json\/wp\/v2\/comments?post=227974"}],"version-history":[{"count":0,"href":"https:\/\/www.europesays.com\/hu\/wp-json\/wp\/v2\/posts\/227974\/revisions"}],"wp:featuredmedia":[{"embeddable":true,"href":"https:\/\/www.europesays.com\/hu\/wp-json\/wp\/v2\/media\/227975"}],"wp:attachment":[{"href":"https:\/\/www.europesays.com\/hu\/wp-json\/wp\/v2\/media?parent=227974"}],"wp:term":[{"taxonomy":"category","embeddable":true,"href":"https:\/\/www.europesays.com\/hu\/wp-json\/wp\/v2\/categories?post=227974"},{"taxonomy":"post_tag","embeddable":true,"href":"https:\/\/www.europesays.com\/hu\/wp-json\/wp\/v2\/tags?post=227974"}],"curies":[{"name":"wp","href":"https:\/\/api.w.org\/{rel}","templated":true}]}}