{"id":228018,"date":"2026-08-31T23:10:08","date_gmt":"2026-08-31T23:10:08","guid":{"rendered":"https:\/\/www.europesays.com\/hu\/228018\/"},"modified":"2026-08-31T23:10:08","modified_gmt":"2026-08-31T23:10:08","slug":"itthon-siofoki-halalos-gazolas-letartoztatas-helyett-bunugyi-felugyeletbe-kerult-a-gyanusitott","status":"publish","type":"post","link":"https:\/\/www.europesays.com\/hu\/228018\/","title":{"rendered":"Itthon: Si\u00f3foki hal\u00e1los g\u00e1zol\u00e1s: letart\u00f3ztat\u00e1s helyett b\u0171n\u00fcgyi fel\u00fcgyeletbe ker\u00fclt a gyan\u00fas\u00edtott"},"content":{"rendered":"<p>A letart\u00f3ztat\u00e1sra ir\u00e1nyul\u00f3 \u00fcgy\u00e9szi ind\u00edtv\u00e1nyt\u00f3l elt\u00e9r\u0151en <a href=\"https:\/\/ugyeszseg.hu\/halalos-baleset-siofokon-az-ugyeszseg-a-letartoztatast-inditvanyozta\/\" target=\"_blank\" rel=\"nofollow noopener\">b\u0171n\u00fcgyi fel\u00fcgyelet\u00e9t rendelte el<\/a> a b\u00edr\u00f3s\u00e1g annak a f\u00e9rfinak, aki a gyan\u00fa szerint hal\u00e1los k\u00f6z\u00fati balesetet okozott augusztus 11-\u00e9n Si\u00f3fokon.<\/p>\n<p>A Somogy Megyei F\u0151\u00fcgy\u00e9szs\u00e9g felid\u00e9zte: a f\u00e9rfi aznap d\u00e9lut\u00e1n az aut\u00f3j\u00e1val a megengedett sebess\u00e9get l\u00e9nyegesen t\u00fall\u00e9pve k\u00f6zlekedett a Balaton-parti v\u00e1rosban, \u00e9s <a href=\"https:\/\/hvg.hu\/itthon\/20260812_auto-utott-el-egy-kerekparost-siofokon-meghalt-a-biciklis\" target=\"_self\" rel=\"nofollow noopener\">el\u00fct\u00f6tte az elektromos ker\u00e9kp\u00e1rral szab\u00e1lyosan halad\u00f3 s\u00e9rtettet<\/a>, aki a helysz\u00ednen belehalt s\u00e9r\u00fcl\u00e9seibe.<\/p>\n<p>A Kaposv\u00e1ri J\u00e1r\u00e1si \u00dcgy\u00e9szs\u00e9g a nyomoz\u00f3 hat\u00f3s\u00e1g el\u0151terjeszt\u00e9se alapj\u00e1n a sz\u00f6k\u00e9s \u00e9s a bizony\u00edt\u00e1s megnehez\u00edt\u00e9s\u00e9nek vesz\u00e9ly\u00e9re figyelemmel ind\u00edtv\u00e1nyozta a gyan\u00fas\u00edtott letart\u00f3ztat\u00e1s\u00e1t. Ennek a Kaposv\u00e1ri J\u00e1r\u00e1sb\u00edr\u00f3s\u00e1g nyomoz\u00e1si b\u00edr\u00e1ja r\u00e9szben helyt adott, \u00e9s <\/p>\n<p class=\"highlighted\">egy h\u00f3napra, nyomk\u00f6vet\u0151 eszk\u00f6z alkalmaz\u00e1sa mellett, a gyan\u00fas\u00edtott b\u0171n\u00fcgyi fel\u00fcgyelet\u00e9t rendelte el.<\/p>\n<p>\u00a0Az \u00fcgy\u00e9szs\u00e9g fellebbez\u00e9st jelentett be a b\u00edr\u00f3s\u00e1g v\u00e9gz\u00e9s\u00e9vel szemben, amelyr\u0151l m\u00e1sodfokon a Kaposv\u00e1ri T\u00f6rv\u00e9nysz\u00e9k d\u00f6nt.<\/p>\n<p>A 18 \u00e9ves f\u00e9rfi, aki k\u00e9t h\u00f3nappal kor\u00e1bban szerzett jogos\u00edtv\u00e1nyt, augusztus 11-\u00e9n a si\u00f3foki Batthy\u00e1ny g\u00e1zolta el a ker\u00e9kp\u00e1rost. <a href=\"https:\/\/hvg.hu\/itthon\/20260821_halalos-gazolas-baleset-siofok-polgarmester\" target=\"_self\" rel=\"nofollow noopener\">Mint kider\u00fclt<\/a>, a 40-es t\u00e1bl\u00e1n\u00e1l nagyj\u00e1b\u00f3l \u00f3r\u00e1nk\u00e9nt 100 kilom\u00e9teres sebess\u00e9ggel sz\u00e1guldott. <\/p>\n<p>Sajt\u00f3besz\u00e1mol\u00f3k szerint a g\u00e1zol\u00e1s egy \u00fagynevezett okoszebra k\u00f6zel\u00e9ben t\u00f6rt\u00e9nt, ahol \u00e9jszak\u00e1nk\u00e9nt villog\u00f3 f\u00e9nyek figyelmeztetik az aut\u00f3sokat. A kocsi az \u00e1tkel\u0151 kezdet\u00e9t jelz\u0151 vil\u00e1g\u00edt\u00f3 oszlopot is kit\u00f6rte. A trag\u00e9di\u00e1t t\u00e9rfigyel\u0151 kamera is r\u00f6gz\u00edtette, annak felv\u00e9tele alapj\u00e1n\u00a0egy igazs\u00e1g\u00fcgyi szak\u00e9rt\u0151 <a href=\"https:\/\/hvg.hu\/itthon\/20260822_igazsagugyi-szakerto-animacios-video-siofok-gazolas-baleset\" target=\"_self\" rel=\"nofollow noopener\">anim\u00e1ci\u00f3s jelenetsort<\/a> is k\u00e9sz\u00edtett\u00a0az esetr\u0151l.<\/p>\n<p>A si\u00f3foki trag\u00e9di\u00e1ra nemr\u00e9giben reag\u00e1lt Vit\u00e9zy D\u00e1vid k\u00f6zleked\u00e9si \u00e9s beruh\u00e1z\u00e1si miniszter is, aki k\u00f6z\u00f6lte, hogy <a href=\"https:\/\/hvg.hu\/itthon\/20260822_vitezy-siofoki-gazolas-szabalyok-felulvizsgalat\" target=\"_self\" rel=\"nofollow noopener\">itt az ideje fel\u00fclvizsg\u00e1lni a hat\u00e1lyos jogszab\u00e1lyokat<\/a>. Szerinte probl\u00e9m\u00e1s, hogy a kir\u00edv\u00f3 gyorshajt\u00e1s \u00f6nmag\u00e1ban nem sz\u00e1m\u00edt b\u0171ncselekm\u00e9nynek, \u00e9s a hal\u00e1los balesetek sz\u00e1m\u00e1nak cs\u00f6kkent\u00e9se \u00e9rdek\u00e9ben ezen v\u00e1ltoztatni kellene.\u00a0<\/p>\n<p>Fot\u00f3: Orsz\u00e1gos Katasztr\u00f3fav\u00e9delmi F\u0151igazgat\u00f3s\u00e1g<\/p>\n","protected":false},"excerpt":{"rendered":"A letart\u00f3ztat\u00e1sra ir\u00e1nyul\u00f3 \u00fcgy\u00e9szi ind\u00edtv\u00e1nyt\u00f3l elt\u00e9r\u0151en b\u0171n\u00fcgyi fel\u00fcgyelet\u00e9t rendelte el a b\u00edr\u00f3s\u00e1g annak a f\u00e9rfinak, aki a gyan\u00fa&hellip;\n","protected":false},"author":2,"featured_media":228019,"comment_status":"","ping_status":"","sticky":false,"template":"","format":"standard","meta":{"footnotes":"","_share_on_mastodon":"0"},"categories":[6],"tags":[469,889,700,44,42,40,43,41,14191],"class_list":["post-228018","post","type-post","status-publish","format-standard","has-post-thumbnail","category-magyarorszag","tag-baleset","tag-gazolas","tag-halalos-baleset","tag-hu","tag-hungarian","tag-hungary","tag-magyar","tag-magyarorszag","tag-siofok"],"share_on_mastodon":{"url":"https:\/\/pubeurope.com\/@hu\/117192649907699629","error":""},"_links":{"self":[{"href":"https:\/\/www.europesays.com\/hu\/wp-json\/wp\/v2\/posts\/228018","targetHints":{"allow":["GET"]}}],"collection":[{"href":"https:\/\/www.europesays.com\/hu\/wp-json\/wp\/v2\/posts"}],"about":[{"href":"https:\/\/www.europesays.com\/hu\/wp-json\/wp\/v2\/types\/post"}],"author":[{"embeddable":true,"href":"https:\/\/www.europesays.com\/hu\/wp-json\/wp\/v2\/users\/2"}],"replies":[{"embeddable":true,"href":"https:\/\/www.europesays.com\/hu\/wp-json\/wp\/v2\/comments?post=228018"}],"version-history":[{"count":0,"href":"https:\/\/www.europesays.com\/hu\/wp-json\/wp\/v2\/posts\/228018\/revisions"}],"wp:featuredmedia":[{"embeddable":true,"href":"https:\/\/www.europesays.com\/hu\/wp-json\/wp\/v2\/media\/228019"}],"wp:attachment":[{"href":"https:\/\/www.europesays.com\/hu\/wp-json\/wp\/v2\/media?parent=228018"}],"wp:term":[{"taxonomy":"category","embeddable":true,"href":"https:\/\/www.europesays.com\/hu\/wp-json\/wp\/v2\/categories?post=228018"},{"taxonomy":"post_tag","embeddable":true,"href":"https:\/\/www.europesays.com\/hu\/wp-json\/wp\/v2\/tags?post=228018"}],"curies":[{"name":"wp","href":"https:\/\/api.w.org\/{rel}","templated":true}]}}