{"id":228030,"date":"2026-08-31T23:25:08","date_gmt":"2026-08-31T23:25:08","guid":{"rendered":"https:\/\/www.europesays.com\/hu\/228030\/"},"modified":"2026-08-31T23:25:08","modified_gmt":"2026-08-31T23:25:08","slug":"telex-kozel-ezeroldalnyi-dokumentumot-adott-at-az-mnb-a-vegrehajtasi-visszaeleseket-vizsgalo-bizottsagnak","status":"publish","type":"post","link":"https:\/\/www.europesays.com\/hu\/228030\/","title":{"rendered":"Telex: K\u00f6zel ezeroldalnyi dokumentumot adott \u00e1t az MNB a v\u00e9grehajt\u00e1si vissza\u00e9l\u00e9seket vizsg\u00e1l\u00f3 bizotts\u00e1gnak"},"content":{"rendered":"<p>\u201e\u2705\ufe0fK\u00f6zel 1000 oldalnyi adattal \u00e9s inform\u00e1ci\u00f3val seg\u00edtj\u00fck a V\u00e9grehajt\u00e1si Vissza\u00e9l\u00e9seket Felt\u00e1r\u00f3 Vizsg\u00e1l\u00f3bizotts\u00e1g munk\u00e1j\u00e1t\u201d \u2013 \u00edrta h\u00e9tf\u0151n Facebook-oldal\u00e1n Varga Mih\u00e1ly jegybankeln\u00f6k. Ez a bizotts\u00e1g egyike annak az \u00f6t parlamenti vizsg\u00e1l\u00f3bizotts\u00e1gnak, amelyek <a href=\"https:\/\/telex.hu\/belfold\/2026\/05\/20\/tisza-part-parlament-ot-vizsgalobizottsag-felallitasa\" class=\"\" rel=\"nofollow noopener\" target=\"_blank\">a Tisza P\u00e1rt kezdem\u00e9nyez\u00e9s\u00e9re<\/a> j\u00f6ttek l\u00e9tre m\u00e9g j\u00faniusban, az eln\u00f6ke a Mi Haz\u00e1nk parlamenti frakci\u00f3j\u00e1t \u00e9s mag\u00e1t a p\u00e1rtot is vezet\u0151 Toroczkai L\u00e1szl\u00f3, \u00e9s logikus m\u00f3don az a feladata, hogy felt\u00e1rja a v\u00e9grehajt\u00f3i vissza\u00e9l\u00e9seket. Varga t\u00e1j\u00e9koztat\u00e1sa szerint a bizotts\u00e1g nyolc pontban k\u00e9rt seg\u00edts\u00e9get, most \u00e1t is adt\u00e1k nekik a vizsg\u00e1latokhoz sz\u00fcks\u00e9ges statisztik\u00e1kat \u00e9s dokumentumokat.<\/p>\n<p>Varga elmondta, hogy a k\u00e9rt inform\u00e1ci\u00f3k k\u00f6z\u00f6tt vannak k\u00f6vetel\u00e9sekkel kapcsolatos kimutat\u00e1sok, a k\u00f6zponti hitelinform\u00e1ci\u00f3s rendszer adatai, vagy \u00e9ppen az \u00fcgyfelek panaszainak elb\u00edr\u00e1l\u00e1s\u00e1ra vonatkoz\u00f3 inform\u00e1ci\u00f3k. A bizotts\u00e1g eln\u00f6k\u00e9nek meger\u0151s\u00edtette azt is, hogy az MNB a j\u00f6v\u0151ben is seg\u00edti majd a vizsg\u00e1l\u00f3bizotts\u00e1g munk\u00e1j\u00e1t, \u00e9s mint mondta, a jegybank \u00faj vezet\u0151je elk\u00f6telezett a t\u00f6rv\u00e9nyes, \u00e1tl\u00e1that\u00f3 m\u0171k\u00f6d\u00e9s mellett. \u201eMinden olyan esetben, ahol t\u00f6rv\u00e9nytelen m\u0171k\u00f6d\u00e9s gyan\u00faja mer\u00fcl fel, magunk is megtett\u00fck a sz\u00fcks\u00e9ges feljelent\u00e9seket, \u00e9s \u00edgy j\u00e1runk el a j\u00f6v\u0151ben is\u201d \u2013 mondta.<\/p>\n<p>Toroczkai kor\u00e1bban m\u00e1r jelezte, hogy a k\u00f6vetkez\u0151 h\u00f3napokban durv\u00e1n sz\u00e1zezer oldalnyi dokumentumot fognak majd \u00e1tvizsg\u00e1lni, amihez sz\u00e1mos int\u00e9zm\u00e9nyt fognak majd megkeresni, k\u00f6zt\u00fck a Magyar Nemzeti Bankot is. Toroczkai azt is jelezte, hogy 1994-t\u0151l vizsg\u00e1ln\u00e1 a felel\u0151ss\u00e9g k\u00e9rd\u00e9s\u00e9t, \u00e9s egyebek mellett Orb\u00e1n Viktort, Gyurcs\u00e1ny Ferencet, Rog\u00e1n Antalt, kor\u00e1bbi minisztereket \u00e9s k\u00e9pvisel\u0151ket is meghallgatna. Ha ez \u00edgy lesz, elm\u00e9letileg k\u00f6telez\u0151 lesz megjelenni\u00fck, \u00e9s igazat mondaniuk, a bizotts\u00e1gok jogk\u00f6reit ugyanis <a href=\"https:\/\/telex.hu\/belfold\/2026\/06\/23\/parlament-szavazas-parlamenti-vizsgalobizottsag-jogkorei\" class=\"\" rel=\"nofollow noopener\" target=\"_blank\">j\u00faniusban komolyan szigor\u00edtotta az Orsz\u00e1ggy\u0171l\u00e9s<\/a>.<\/p>\n<p>Magyar P\u00e9ter a parlament j\u00fanius elsejei \u00fcl\u00e9s\u00e9n <a href=\"https:\/\/telex.hu\/belfold\/2026\/06\/01\/toroczkai-laszlo-vezetheti-a-vegrehajto-maffia-ugyeit-kivizsgalo-parlamenti-bizottsagot\" class=\"\" rel=\"nofollow noopener\" target=\"_blank\">aj\u00e1nlotta fel<\/a> Toroczkainak a v\u00e9grehajt\u00e1si vissza\u00e9l\u00e9seket felt\u00e1r\u00f3 vizsg\u00e1l\u00f3bizotts\u00e1g eln\u00f6ki posztj\u00e1t, miut\u00e1n a Mi Haz\u00e1nk eln\u00f6ke diktat\u00f3rikusnak, a demokr\u00e1ci\u00e1t \u00e9s a j\u00f3 \u00edzl\u00e9st s\u00e9rt\u0151nek nevezte, hogy a Tisza P\u00e1rt <a href=\"https:\/\/telex.hu\/belfold\/2026\/05\/27\/magyar-kozlony-parlamenti-vizsgalobizottsagok-orszaggyules\" class=\"\" rel=\"nofollow noopener\" target=\"_blank\">a kor\u00e1bban elfogadott<\/a> \u00f6t parlamenti vizsg\u00e1l\u00f3bizotts\u00e1g vezet\u00e9s\u00e9t mag\u00e1n\u00e1l tartotta, \u00e9s arr\u00f3l besz\u00e9lt, hogy \u0151 m\u00e1r akkor \u00fcld\u00f6zte \u201ea v\u00e9grehajt\u00f3i maffi\u00e1t\u201d, amikor Magyar m\u00e9g val\u00f3sz\u00edn\u0171leg nem is hallott err\u0151l. Ahogy azt k\u00e9s\u0151bb meg\u00edrtuk, nem volt v\u00e9letlen a gesztus, <a href=\"https:\/\/telex.hu\/belfold\/2026\/06\/05\/magyar-peter-toroczkai-laszlo-tisza-part-mi-hazank-parlament\" class=\"\" rel=\"nofollow noopener\" target=\"_blank\">Magyar P\u00e9ternek m\u00e9g sz\u00fcks\u00e9ge lehet a Mi Haz\u00e1nkra<\/a>.<\/p>\n","protected":false},"excerpt":{"rendered":"\u201e\u2705\ufe0fK\u00f6zel 1000 oldalnyi adattal \u00e9s inform\u00e1ci\u00f3val seg\u00edtj\u00fck a V\u00e9grehajt\u00e1si Vissza\u00e9l\u00e9seket Felt\u00e1r\u00f3 Vizsg\u00e1l\u00f3bizotts\u00e1g munk\u00e1j\u00e1t\u201d \u2013 \u00edrta h\u00e9tf\u0151n Facebook-oldal\u00e1n Varga&hellip;\n","protected":false},"author":2,"featured_media":228031,"comment_status":"","ping_status":"","sticky":false,"template":"","format":"standard","meta":{"footnotes":"","_share_on_mastodon":"0"},"categories":[33],"tags":[1441,38,63,35,37,44,42,40,4231,43,4232,41,4230,34,36,4804,4373,39,11839],"class_list":["post-228030","post","type-post","status-publish","format-standard","has-post-thumbnail","category-hirek","tag-adat","tag-focimek","tag-gazdasag","tag-headlines","tag-hirek","tag-hu","tag-hungarian","tag-hungary","tag-jegybank","tag-magyar","tag-magyar-nemzeti-bank","tag-magyarorszag","tag-mnb","tag-news","tag-top-stories","tag-toroczkai-laszlo","tag-varga-mihaly","tag-vezeto-hirek","tag-vizsgalobizottsag"],"share_on_mastodon":{"url":"https:\/\/pubeurope.com\/@hu\/117192708946009833","error":""},"_links":{"self":[{"href":"https:\/\/www.europesays.com\/hu\/wp-json\/wp\/v2\/posts\/228030","targetHints":{"allow":["GET"]}}],"collection":[{"href":"https:\/\/www.europesays.com\/hu\/wp-json\/wp\/v2\/posts"}],"about":[{"href":"https:\/\/www.europesays.com\/hu\/wp-json\/wp\/v2\/types\/post"}],"author":[{"embeddable":true,"href":"https:\/\/www.europesays.com\/hu\/wp-json\/wp\/v2\/users\/2"}],"replies":[{"embeddable":true,"href":"https:\/\/www.europesays.com\/hu\/wp-json\/wp\/v2\/comments?post=228030"}],"version-history":[{"count":0,"href":"https:\/\/www.europesays.com\/hu\/wp-json\/wp\/v2\/posts\/228030\/revisions"}],"wp:featuredmedia":[{"embeddable":true,"href":"https:\/\/www.europesays.com\/hu\/wp-json\/wp\/v2\/media\/228031"}],"wp:attachment":[{"href":"https:\/\/www.europesays.com\/hu\/wp-json\/wp\/v2\/media?parent=228030"}],"wp:term":[{"taxonomy":"category","embeddable":true,"href":"https:\/\/www.europesays.com\/hu\/wp-json\/wp\/v2\/categories?post=228030"},{"taxonomy":"post_tag","embeddable":true,"href":"https:\/\/www.europesays.com\/hu\/wp-json\/wp\/v2\/tags?post=228030"}],"curies":[{"name":"wp","href":"https:\/\/api.w.org\/{rel}","templated":true}]}}