{"id":228086,"date":"2026-09-01T00:47:12","date_gmt":"2026-09-01T00:47:12","guid":{"rendered":"https:\/\/www.europesays.com\/hu\/228086\/"},"modified":"2026-09-01T00:47:12","modified_gmt":"2026-09-01T00:47:12","slug":"egy-fiatal-hazaspar-dezertalt-az-orosz-hadseregbol-es-nyolc-nap-alatt-kajakkal-evezett-at-torokorszagba-most-visszatoloncolhatjak-oket","status":"publish","type":"post","link":"https:\/\/www.europesays.com\/hu\/228086\/","title":{"rendered":"Egy fiatal h\u00e1zasp\u00e1r dezert\u00e1lt az orosz hadseregb\u0151l \u00e9s nyolc nap alatt, kajakkal evezett \u00e1t T\u00f6r\u00f6korsz\u00e1gba. Most visszatoloncolhatj\u00e1k \u0151ket"},"content":{"rendered":"<p>K\u00f6nnyen f\u00e1jdalmas v\u00e9get \u00e9rhet annak az orosz p\u00e1rnak a t\u00f6rt\u00e9nete, amelyik, miut\u00e1n dezert\u00e1lt az orosz hadseregb\u0151l, kajakkal kelt \u00e1t a Fekete-tengeren T\u00f6r\u00f6korsz\u00e1gba. M\u00e1r onnan is siker\u00fclt elmenni\u00fck, \u00e9s az \u00c9gei-tengeren keltek volna \u00e1t G\u00f6r\u00f6gorsz\u00e1gba, amikor a g\u00f6r\u00f6g parti \u0151rs\u00e9g visszaford\u00edtotta \u0151ket, hogy azt\u00e1n a t\u00f6r\u00f6k hat\u00e1r\u0151r\u00f6k kez\u00e9be ker\u00fcljenek. Ha most visszatoloncolj\u00e1k \u0151ket Oroszorsz\u00e1gba, ott ak\u00e1r 10 \u00e9v b\u00f6rt\u00f6nb\u00fcntet\u00e9st is kaphatnak.<\/p>\n<p>Az orosz <a href=\"https:\/\/www.rferl.org\/a\/russia-ukraine-war-deserters-odyssey-black-sea\/33831096.html\" target=\"_blank\" rel=\"nofollow noopener\">Szabad Eur\u00f3pa R\u00e1di\u00f3 \u00e1ltal bemutatott<\/a> t\u00f6rt\u00e9net m\u00e9g 2022-ben kezd\u0151d\u00f6tt, amikor Oroszorsz\u00e1g lerohanta Ukrajn\u00e1t. Szergej \u00e9s Alisa Szadovnikov akkor m\u00e9g Putyin \u00e9s a h\u00e1bor\u00fa lelkes t\u00e1mogat\u00f3i voltak, annyira, hogy m\u00e1sf\u00e9l \u00e9ven bel\u00fcl mindketten \u00f6nk\u00e9nt csatlakoztak a hadsereghez.<\/p>\n<p>A most 37 \u00e9ves Szergej el\u0151sz\u00f6r a Wagner mag\u00e1nhadseregn\u00e9l dolgozott orvosk\u00e9nt, majd 2023-ban, a Wagner feloszlat\u00e1sa ut\u00e1n a hivatalos hadsereghez csatlakozott. Feles\u00e9ge, Alisa, ebben az id\u0151ben matematikatan\u00e1rk\u00e9nt dolgozott \u00e9s egy k\u00e1v\u00e9z\u00f3t is \u00fczemeltetett, de annyira belelkesedett a h\u00e1bor\u00fa gondolat\u00e1t\u00f3l, hogy \u0151 is be\u00e1llt a hadseregbe. \u201eMindent elhitt\u00fcnk, amit a t\u00e9v\u00e9ben mondtak. Elment\u00fcnk a haz\u00e1nk\u00e9rt harcolni, hogy legy\u0151zz\u00fck az ukr\u00e1n fasiszt\u00e1kat\u201d \u2013 mondta Alisa a Szabad Eur\u00f3pa R\u00e1di\u00f3nak.<\/p>\n<p>A fronton azt\u00e1n szembes\u00fcltek vele, hogy a val\u00f3s\u00e1g nem pont az, mint amit az orosz propagand\u00e1ban hallottak. Szergej egy bevet\u00e9s sor\u00e1n megsebes\u00fclt, a parancsnokai azonban n\u00e9h\u00e1ny h\u00e9ttel k\u00e9s\u0151bb visszak\u00fcldt\u00e9k harcolni. Ekkor tal\u00e1lkozott szem\u00e9lyesen az orosz hadsereg \u201eh\u00fasdar\u00e1l\u00f3nak\u201d nevezett taktik\u00e1j\u00e1val, amelynek l\u00e9nyege, hogy a katon\u00e1kat kis l\u00e9tsz\u00e1m\u00fa csapatokban, egym\u00e1s ut\u00e1n ind\u00edtj\u00e1k neki az ukr\u00e1n \u00e1ll\u00e1soknak. \u201eA szemem l\u00e1tt\u00e1ra, k\u00f6r\u00fclbel\u00fcl sz\u00e1z m\u00e9terre t\u0151lem, k\u00e9t teljes sz\u00e1zadot megsemmis\u00edtettek\u201d \u2013 mondta Szergej, hozz\u00e1t\u00e9ve, hogy ekkor az egyik legjobb bar\u00e1tj\u00e1t is elvesztette.<\/p>\n<p>Szergej azt is probl\u00e9m\u00e1snak tal\u00e1lta, hogy az orosz hadseregben \u201ea katon\u00e1kat a legkisebb v\u00e9ts\u00e9gek\u00e9rt is nagyon s\u00falyosan megb\u00fcntett\u00e9k, megvert\u00e9k \u0151ket, f\u00e1khoz k\u00f6t\u00f6zt\u00e9k ki \u0151ket, vagy bilincsbe vert\u00e9k \u0151ket. M\u00e1skor g\u00f6dr\u00f6kbe z\u00e1rt\u00e1k \u0151ket, ahol n\u00e9ha h\u00f3napokig tarthatt\u00e1k \u0151ket fogva.\u201d<\/p>\n<p>Egy m\u00e1sik egys\u00e9gben dolgoz\u00f3 Alisa ehhez hasonl\u00f3 rossz k\u00f6r\u00fclm\u00e9nyekkel tal\u00e1lta szembe mag\u00e1t, azzal tet\u00e9zve, hogy a n\u0151kkel szerinte nagyon rosszul \u00e9s megal\u00e1z\u00f3an b\u00e1ntak a hadseregben. \u201eAz uralkod\u00f3 hozz\u00e1\u00e1ll\u00e1s az volt, hogy a n\u0151 a legaljasabb fajta s\u00f6pred\u00e9k\u201d.<\/p>\n<p>Alisa 2024-ben t\u00f6bbsz\u00f6r is k\u00e9rv\u00e9nyezte a leszerel\u00e9s\u00e9t, azonban minden alkalommal elutas\u00edtott\u00e1k a k\u00e9r\u00e9seit. Ekkor d\u00f6nt\u00f6tt\u00e9k el Szergejjel, hogy dezert\u00e1lnak, \u00e9s valamilyen m\u00f3don megsz\u00f6knek Oroszorsz\u00e1gb\u00f3l.<\/p>\n<p>Alisa egyszer elt\u00e1voz\u00e1st kapott, amelyr\u0151l nem t\u00e9rt vissza az egys\u00e9g\u00e9hez. Szerzett egy civil szem\u00e9lyaut\u00f3t, \u00e9s egy alkalommal, amikor Szergej egys\u00e9ge \u00e9ppen \u00e1tl\u00e9pett Ukrajn\u00e1b\u00f3l Oroszorsz\u00e1gba, \u0151 egy meg\u00e1ll\u00f3n\u00e1l kisz\u00e1llt a katonai j\u00e1rm\u0171b\u0151l \u00e9s besz\u00e1llt a feles\u00e9ge civil aut\u00f3j\u00e1ba.<\/p>\n<p>Elmond\u00e1suk szerint ezut\u00e1n lecser\u00e9lt\u00e9k a SIM-k\u00e1rty\u00e1ikat \u00e9s n\u00e9h\u00e1ny h\u00e9ten kereszt\u00fcl sz\u00e1llod\u00e1kban laktak, de a katonai rend\u0151rs\u00e9gt\u0151l tartva k\u00e9s\u0151bb ink\u00e1bb kik\u00f6lt\u00f6ztek egy s\u00e1torral egy erd\u0151be. T\u00f6bb h\u00f3napot t\u00f6lt\u00f6ttek ott, de azt\u00e1n \u00fagy d\u00f6nt\u00f6ttek, hogy ink\u00e1bb teljes eg\u00e9sz\u00e9ben elhagyj\u00e1k az orsz\u00e1got.<\/p>\n<p>Mivel az \u00e9szak-eur\u00f3pai orsz\u00e1gok t\u00f6bbs\u00e9ge m\u00e1r nem fogad be orosz menek\u00fclteket, azt tal\u00e1lt\u00e1k ki, hogy T\u00f6r\u00f6korsz\u00e1gon kereszt\u00fcl Spanyolorsz\u00e1gba sz\u00f6knek. Vettek ez\u00e9rt egy kajakot, amelyet k\u00e9kre festettek, \u00e9s amellyel Szocsi k\u00f6rny\u00e9k\u00e9n tengerre sz\u00e1lltak.<\/p>\n<p>Elmond\u00e1suk szerint nyolc napot t\u00f6lt\u00f6ttek a tengeren, de a szembesz\u00e9l meg a hatalmas hull\u00e1mok miatt nagyon lassan haladtak, \u00edgy az \u00e9lelm\u00fck is elfogyott. A f\u00e1radts\u00e1gt\u00f3l \u00e9s az \u00e9hs\u00e9gt\u0151l m\u00e1r hallucin\u00e1ltak, amikor v\u00e9gre megl\u00e1tt\u00e1k a t\u00f6r\u00f6k partokat. Amikor a t\u00f6r\u00f6korsz\u00e1gi Espiye v\u00e1ros\u00e1n\u00e1l v\u00e9g\u00fcl partot \u00e9rtek, el\u0151sz\u00f6r csak f\u00e1radtan a f\u00f6ldre zuhantak. A kenuz\u00e1s egy vid\u00e1mabb pillanat\u00e1r\u00f3l vide\u00f3t is k\u00e9sz\u00edtettek:<\/p>\n<p>Ezut\u00e1n a sz\u00e1razf\u00f6ld\u00f6n folytatt\u00e1k az \u00fatjukat, majd T\u00f6r\u00f6korsz\u00e1g nyugati partjain\u00e1l ism\u00e9t kenuba sz\u00e1lltak abban a rem\u00e9nyben, hogy \u00e1t tudnak kelni G\u00f6r\u00f6gorsz\u00e1gba. Az \u00c9gei-tengeren azonban elkapt\u00e1k \u0151ket a g\u00f6r\u00f6g parti \u0151r\u00f6k, akik a telefonjaik, az akkumul\u00e1toraik \u00e9s a holmijaik nagy r\u00e9sz\u00e9t elvett\u00e9k t\u0151l\u00fck, majd \u00e1tadt\u00e1k \u0151ket a t\u00f6r\u00f6k hat\u00e1r\u0151r\u00f6knek.<\/p>\n<p>A t\u00f6r\u00f6k hat\u00f3s\u00e1gok most egy, a kiutas\u00edt\u00e1s el\u0151tt \u00e1ll\u00f3knak fenntartott k\u00f6zpontban tartj\u00e1k \u0151ket fogva, ahol hetente k\u00e9t \u00f3r\u00e1t besz\u00e9lhetnek egym\u00e1ssal. \u00c1ll\u00edt\u00e1suk szerint Szergejt egyszer megvert\u00e9k az \u0151r\u00f6k, miut\u00e1n a helyis\u00e9gben kikapcsolt\u00e1k a biztons\u00e1gi kamer\u00e1kat.<\/p>\n<p>A t\u00f6r\u00f6k hat\u00f3s\u00e1gok az eset\u00fck megvizsg\u00e1l\u00e1sa ut\u00e1n arr\u00f3l d\u00f6nt\u00f6ttek, hogy kitoloncolj\u00e1k \u0151ket Oroszorsz\u00e1gba. Alisa \u00e9s Szergej most fogadott egy \u00fcgyv\u00e9det, aki fellebbezett a kitoloncol\u00e1s ellen, \u00edgy legal\u00e1bb a fellebbez\u00e9s elb\u00edr\u00e1l\u00e1sa idej\u00e9re a t\u00f6r\u00f6korsz\u00e1gi t\u00e1borban maradhatnak. Ha kitoloncolj\u00e1k \u0151ket Oroszorsz\u00e1gba, ott 10 \u00e9v b\u00f6rt\u00f6nt kaphatnak.<\/p>\n<p>A teljes t\u00f6rt\u00e9netet a Szabad Eur\u00f3pa oldal\u00e1n angol nyelven <a href=\"https:\/\/www.rferl.org\/a\/russia-ukraine-war-deserters-odyssey-black-sea\/33831096.html\" target=\"_blank\" rel=\"nofollow noopener\">itt lehet elolvasni<\/a>.<\/p>\n","protected":false},"excerpt":{"rendered":"K\u00f6nnyen f\u00e1jdalmas v\u00e9get \u00e9rhet annak az orosz p\u00e1rnak a t\u00f6rt\u00e9nete, amelyik, miut\u00e1n dezert\u00e1lt az orosz hadseregb\u0151l, kajakkal kelt&hellip;\n","protected":false},"author":2,"featured_media":228087,"comment_status":"","ping_status":"","sticky":false,"template":"","format":"standard","meta":{"footnotes":"","_share_on_mastodon":"0"},"categories":[8],"tags":[60599,42,6735,64,43,34,102,2266,94,93,92],"class_list":["post-228086","post","type-post","status-publish","format-standard","has-post-thumbnail","category-vilag","tag-dezertalas","tag-hungarian","tag-kajak","tag-kulfold","tag-magyar","tag-news","tag-oroszorszag","tag-torokorszag","tag-vilag","tag-world","tag-world-news"],"share_on_mastodon":{"url":"https:\/\/pubeurope.com\/@hu\/117193031695681137","error":""},"_links":{"self":[{"href":"https:\/\/www.europesays.com\/hu\/wp-json\/wp\/v2\/posts\/228086","targetHints":{"allow":["GET"]}}],"collection":[{"href":"https:\/\/www.europesays.com\/hu\/wp-json\/wp\/v2\/posts"}],"about":[{"href":"https:\/\/www.europesays.com\/hu\/wp-json\/wp\/v2\/types\/post"}],"author":[{"embeddable":true,"href":"https:\/\/www.europesays.com\/hu\/wp-json\/wp\/v2\/users\/2"}],"replies":[{"embeddable":true,"href":"https:\/\/www.europesays.com\/hu\/wp-json\/wp\/v2\/comments?post=228086"}],"version-history":[{"count":0,"href":"https:\/\/www.europesays.com\/hu\/wp-json\/wp\/v2\/posts\/228086\/revisions"}],"wp:featuredmedia":[{"embeddable":true,"href":"https:\/\/www.europesays.com\/hu\/wp-json\/wp\/v2\/media\/228087"}],"wp:attachment":[{"href":"https:\/\/www.europesays.com\/hu\/wp-json\/wp\/v2\/media?parent=228086"}],"wp:term":[{"taxonomy":"category","embeddable":true,"href":"https:\/\/www.europesays.com\/hu\/wp-json\/wp\/v2\/categories?post=228086"},{"taxonomy":"post_tag","embeddable":true,"href":"https:\/\/www.europesays.com\/hu\/wp-json\/wp\/v2\/tags?post=228086"}],"curies":[{"name":"wp","href":"https:\/\/api.w.org\/{rel}","templated":true}]}}