{"id":228088,"date":"2026-09-01T00:48:09","date_gmt":"2026-09-01T00:48:09","guid":{"rendered":"https:\/\/www.europesays.com\/hu\/228088\/"},"modified":"2026-09-01T00:48:09","modified_gmt":"2026-09-01T00:48:09","slug":"telex-jo-emberek-varkonyi-andrea-es-meszaros-lorinc-lefekeztek-es-vissza-is-fordultak-megmenteni-egy-teknost-tihanyban","status":"publish","type":"post","link":"https:\/\/www.europesays.com\/hu\/228088\/","title":{"rendered":"Telex: J\u00f3 emberek: V\u00e1rkonyi Andrea \u00e9s M\u00e9sz\u00e1ros L\u0151rinc lef\u00e9keztek, \u00e9s vissza is fordultak megmenteni egy tekn\u0151st Tihanyban"},"content":{"rendered":"<p>B\u00e9k\u00e9sen aut\u00f3k\u00e1zott f\u00e9rj\u00e9vel V\u00e1rkonyi Andrea Tihanyban, amikor egy arasznyi tekn\u0151st vett \u00e9szre az \u00faton. \u201eSzeg\u00e9nyke a f\u0151\u00fat k\u00f6zep\u00e9n lap\u00edtott megzavarodva mikor elment\u00fcnk mellette\u201d \u2013 \u00edrta, de h\u00e1t melyik\u00fcnk ne lap\u00edtana megzavarodva, ha elsz\u00e1guld mellette L\u0151rinc \u00e9s Andrea.<\/p>\n<p>A tekn\u0151s nem \u00faszta meg a dolgot, V\u00e1rkonyi ugyanis felsz\u00f3l\u00edtotta a f\u00e9rj\u00e9t, hogy azonnal forduljon vissza. A forgalmat is feltartott\u00e1k egy ideig, de kit \u00e9rdekel, ha ak\u00e1r Ouagadougouig is \u00e1ll a sor, mikor egy tekn\u0151cr\u0151l van sz\u00f3! Andrea megragadta a j\u00f3sz\u00e1got, \u00e9s addig ment, am\u00edg biztos helyet nem tal\u00e1lt, ahol vissza tudta tenni a Balatonba, de \u00fagy, hogy ne tudjon visszamenni sem az \u00fatra. Term\u00e9szetesen vide\u00f3t is posztolt az esetr\u0151l, amin a tekn\u0151s nagy duzzogva visszamegy a v\u00edzbe, majd p\u00e1r m\u00e9ter ut\u00e1n v\u00e1rja, hogy elt\u0171nj\u00f6n mindenki.<\/p>\n<p>N\u00e9h\u00e1ny t\u00e9ny a tekn\u0151s\u00f6kr\u0151l:<\/p>\n<p>gy\u00edkokkal, k\u00edgy\u00f3kkal \u00e9s krokodilokkal \u00e1llnak rokons\u00e1gban,p\u00e1nc\u00e9ljuk a test\u00fck r\u00e9sze: a bord\u00e1ik \u00e9s a gerinc\u00fck is kapcsol\u00f3dik hozz\u00e1,nem kapj\u00e1k el a chikungunya-l\u00e1zat, mert a betegs\u00e9get terjeszt\u0151 sz\u00fanyogok els\u0151sorban eml\u0151s\u00f6ket \u00e9s f\u0151eml\u0151s\u00f6ket fert\u0151znek,fogak helyett kem\u00e9ny cs\u0151rrel rendelkeznek, amellyel t\u00e1pl\u00e1l\u00e9kukat feldarabolj\u00e1k,ak\u00e1r t\u00f6bb \u00e9vtizedig is \u00e9lhetnek, f\u0151leg akkor, ha megmenti \u0151ket V\u00e1rkonyi Andrea.<\/p>\n","protected":false},"excerpt":{"rendered":"B\u00e9k\u00e9sen aut\u00f3k\u00e1zott f\u00e9rj\u00e9vel V\u00e1rkonyi Andrea Tihanyban, amikor egy arasznyi tekn\u0151st vett \u00e9szre az \u00faton. \u201eSzeg\u00e9nyke a f\u0151\u00fat k\u00f6zep\u00e9n&hellip;\n","protected":false},"author":2,"featured_media":228089,"comment_status":"","ping_status":"","sticky":false,"template":"","format":"standard","meta":{"footnotes":"","_share_on_mastodon":"0"},"categories":[6],"tags":[44,42,40,43,41,2949,20569,12943,7761,916],"class_list":["post-228088","post","type-post","status-publish","format-standard","has-post-thumbnail","category-magyarorszag","tag-hu","tag-hungarian","tag-hungary","tag-magyar","tag-magyarorszag","tag-meszaros-lorinc","tag-teknos","tag-tihany","tag-varkonyi-andrea","tag-zacc"],"share_on_mastodon":{"url":"https:\/\/pubeurope.com\/@hu\/117193035202570171","error":""},"_links":{"self":[{"href":"https:\/\/www.europesays.com\/hu\/wp-json\/wp\/v2\/posts\/228088","targetHints":{"allow":["GET"]}}],"collection":[{"href":"https:\/\/www.europesays.com\/hu\/wp-json\/wp\/v2\/posts"}],"about":[{"href":"https:\/\/www.europesays.com\/hu\/wp-json\/wp\/v2\/types\/post"}],"author":[{"embeddable":true,"href":"https:\/\/www.europesays.com\/hu\/wp-json\/wp\/v2\/users\/2"}],"replies":[{"embeddable":true,"href":"https:\/\/www.europesays.com\/hu\/wp-json\/wp\/v2\/comments?post=228088"}],"version-history":[{"count":0,"href":"https:\/\/www.europesays.com\/hu\/wp-json\/wp\/v2\/posts\/228088\/revisions"}],"wp:featuredmedia":[{"embeddable":true,"href":"https:\/\/www.europesays.com\/hu\/wp-json\/wp\/v2\/media\/228089"}],"wp:attachment":[{"href":"https:\/\/www.europesays.com\/hu\/wp-json\/wp\/v2\/media?parent=228088"}],"wp:term":[{"taxonomy":"category","embeddable":true,"href":"https:\/\/www.europesays.com\/hu\/wp-json\/wp\/v2\/categories?post=228088"},{"taxonomy":"post_tag","embeddable":true,"href":"https:\/\/www.europesays.com\/hu\/wp-json\/wp\/v2\/tags?post=228088"}],"curies":[{"name":"wp","href":"https:\/\/api.w.org\/{rel}","templated":true}]}}