{"id":228090,"date":"2026-09-01T00:49:08","date_gmt":"2026-09-01T00:49:08","guid":{"rendered":"https:\/\/www.europesays.com\/hu\/228090\/"},"modified":"2026-09-01T00:49:08","modified_gmt":"2026-09-01T00:49:08","slug":"maris-megprobaljak-magyarra-forditani-a-kajak-kenu-vb-eredmenyeit-ermeit-infostart","status":"publish","type":"post","link":"https:\/\/www.europesays.com\/hu\/228090\/","title":{"rendered":"M\u00e1ris megpr\u00f3b\u00e1lj\u00e1k \u201emagyarra ford\u00edtani\u201d a kajak-kenu vb eredm\u00e9nyeit, \u00e9rmeit &#8211; Infostart"},"content":{"rendered":"<p><a href=\"https:\/\/news.google.com\/rss\/articles\/CBMirwFBVV95cUxOenVZeU9wNWlZS1lKMTJmTWtmVzdPUlVMQXctbUo4SE1vVUVpZDFNS1EyanlqTks2Wnl3TFNFVDdjUm0tS0JVWGV2anBJTHphYTROQXBoaG45MW1CYTNfRlZOVUJvNE5nM2J2bHBna01tWVU2OG84bGJiMTNHMTRaZkc4QlVwZHJHZmdsa0VfZHFpYUt6NW9XZmhkWXVsdTdnYlJEM0k2Qk8tMHhmMElj0gG0AUFVX3lxTE40Y21GdmtzeXp3ek9EeXExRkxjY0VLeTJ0ZWlkOVVfVzZMd3luamZxVFE1UTMxc1dPQThUMmtiSlpWS3VmRGU0TU8xaUhUXzd3Z0tob3ZmSTAtWklBWWhKMGVSeVNnRDVWYW5iLXZ1eWhsNEpYZzB4QXZ2dzdpeVc5Vy0wSjlQNTNPdnAxamNHVzJTM25HS0dnZ09jelB0RTVsdmE4eE5qWkQwR3Vkb0wydTU0Yw?oc=5\" target=\"_blank\" rel=\"nofollow noopener\">M\u00e1ris megpr\u00f3b\u00e1lj\u00e1k \u201emagyarra ford\u00edtani\u201d a kajak-kenu vb eredm\u00e9nyeit, \u00e9rmeit<\/a>&nbsp;&nbsp;Infostart<a href=\"https:\/\/news.google.com\/rss\/articles\/CBMi6AFBVV95cUxPSW4xYk4yejg3VHFYclVWZFROOWpIODJURVlNOElMMUx6LWloekYzQ0lzRndsY0J4QUZ2cUo5VTQwZkMzazBFcjEtZU0wcTdIWmNseU5HZVJ2Z3doMGdrWEU2eUxnMVk2N3RPb3ZjOGNOaFZxNlBXRkhSbGNHZXY1TXBRNTU4VnEyV1YzczNwWGhSNEIyVDlvS1Vyek4zSEVheHBjMUUybmRuWFNUQmIyN0lsVW9WbW9KYVpyVTgwS2JsdXV4ODlKQTRpMDZYYVhFLVdvcmFETW5jcjdRVEZTakpnZm9PN0lE?oc=5\" target=\"_blank\" rel=\"nofollow noopener\">Sport &#8211; N\u00e9gy \u00fajabb magyar \u00e9rem a kajak-kenu vil\u00e1gbajnoks\u00e1gon<\/a>&nbsp;&nbsp;Index.hu<a href=\"https:\/\/news.google.com\/rss\/articles\/CBMixAFBVV95cUxNNjFsSC1HNWVlM2I3a01nYVZkSXVPSl81R1ctbENSQkJXeV9JNDh4VTZPYUpnelgxVnFJVEJNVXhNTTBoS2w1NHdWMmd1UHRIZi1NV3JQYk54VW1qbnZpUHgwZXZWZkozOTM2NlJoOG9zWlZfNVdscE5UdkJ1MjIzalBuMndzU1BDZjkyWlM5bC1ua3FpY2pDYnlncUNLaTZONzNLVGRmcXIxOTh2NWV3VUhTZ2dqWGY2dktyWE1lQjloREV3?oc=5\" target=\"_blank\" rel=\"nofollow noopener\">Varga, Lucz \u00e9s n\u0151i kenu n\u00e9gyes\u00fcnk vb-ez\u00fcst\u00e9rmes, f\u00e9rfi kenu kettes\u00fcnk harmadik<\/a>&nbsp;&nbsp;nemzetisport.hu<a href=\"https:\/\/news.google.com\/rss\/articles\/CBMiqwFBVV95cUxQeTh2aHY3RlZla2llY2tiLWEyQlp5dlRqS3h5STR4bzVPVW80VGhrTHRLd05DR0lvR1RaT2VCclk0ZHFpQy03VVd4V18yNzVWaGVyenZneWJrQmQ2cDF6bVJZY0EtY0J4ZlQzbWx2YmQxa19lYmtpQ0N2MjZmNVZKcGZkQk1xUk5pSzFTek9nYnVkY0NKLTZxTmVLTTllZXZwNm42UmlxakQ0NE0?oc=5\" target=\"_blank\" rel=\"nofollow noopener\">Adolf Bal\u00e1zs vil\u00e1gbajnok kenu egyes 5000 m\u00e9teren, a n\u0151kn\u00e9l k\u00e9t ez\u00fcst\u00e9rmet is hozott a z\u00e1r\u00f3nap d\u00e9lut\u00e1nja<\/a>&nbsp;&nbsp;telex.hu<a href=\"https:\/\/news.google.com\/rss\/articles\/CBMitAFBVV95cUxOQS1FWk11ZXpGX01jandhVm5sN18zb1ZsQWk5dGFwZFdtTktIMV9rSUh4NjZUcnY1T3U3aFR1cElBUkF6YkhrWHlkaHJ0TWV2UTZVUjEwYnh0TmtWczZfWkZxWS1pSW1pWE5PLWNkdTBUS3FXbS14MUlxcXo1czVDLUhsdHppeXJpRG9QdDZYS2ZKUFJSbElLcWNqUHpIZU43T1o4a3FZall3OGhBLWVqUE5NZ0w?oc=5\" target=\"_blank\" rel=\"nofollow noopener\">Adolf-arany, Varga-ez\u00fcst a kajak-kenu vil\u00e1gbajnoks\u00e1gon!<\/a>&nbsp;&nbsp;Fradi.hu<\/p>\n","protected":false},"excerpt":{"rendered":"M\u00e1ris megpr\u00f3b\u00e1lj\u00e1k \u201emagyarra ford\u00edtani\u201d a kajak-kenu vb eredm\u00e9nyeit, \u00e9rmeit&nbsp;&nbsp;InfostartSport &#8211; N\u00e9gy \u00fajabb magyar \u00e9rem a kajak-kenu vil\u00e1gbajnoks\u00e1gon&nbsp;&nbsp;Index.huVarga, Lucz&hellip;\n","protected":false},"author":2,"featured_media":228091,"comment_status":"","ping_status":"","sticky":false,"template":"","format":"standard","meta":{"footnotes":"","_share_on_mastodon":"0"},"categories":[33],"tags":[38,35,37,44,42,40,60601,6735,6656,60066,43,41,34,36,60600,39],"class_list":["post-228090","post","type-post","status-publish","format-standard","has-post-thumbnail","category-hirek","tag-focimek","tag-headlines","tag-hirek","tag-hu","tag-hungarian","tag-hungary","tag-ifjabb-foltan-laszlo","tag-kajak","tag-kajak-kenu","tag-kenu","tag-magyar","tag-magyarorszag","tag-news","tag-top-stories","tag-toth-david","tag-vezeto-hirek"],"share_on_mastodon":{"url":"https:\/\/pubeurope.com\/@hu\/117193039105472525","error":""},"_links":{"self":[{"href":"https:\/\/www.europesays.com\/hu\/wp-json\/wp\/v2\/posts\/228090","targetHints":{"allow":["GET"]}}],"collection":[{"href":"https:\/\/www.europesays.com\/hu\/wp-json\/wp\/v2\/posts"}],"about":[{"href":"https:\/\/www.europesays.com\/hu\/wp-json\/wp\/v2\/types\/post"}],"author":[{"embeddable":true,"href":"https:\/\/www.europesays.com\/hu\/wp-json\/wp\/v2\/users\/2"}],"replies":[{"embeddable":true,"href":"https:\/\/www.europesays.com\/hu\/wp-json\/wp\/v2\/comments?post=228090"}],"version-history":[{"count":0,"href":"https:\/\/www.europesays.com\/hu\/wp-json\/wp\/v2\/posts\/228090\/revisions"}],"wp:featuredmedia":[{"embeddable":true,"href":"https:\/\/www.europesays.com\/hu\/wp-json\/wp\/v2\/media\/228091"}],"wp:attachment":[{"href":"https:\/\/www.europesays.com\/hu\/wp-json\/wp\/v2\/media?parent=228090"}],"wp:term":[{"taxonomy":"category","embeddable":true,"href":"https:\/\/www.europesays.com\/hu\/wp-json\/wp\/v2\/categories?post=228090"},{"taxonomy":"post_tag","embeddable":true,"href":"https:\/\/www.europesays.com\/hu\/wp-json\/wp\/v2\/tags?post=228090"}],"curies":[{"name":"wp","href":"https:\/\/api.w.org\/{rel}","templated":true}]}}