{"id":228149,"date":"2026-09-01T02:25:08","date_gmt":"2026-09-01T02:25:08","guid":{"rendered":"https:\/\/www.europesays.com\/hu\/228149\/"},"modified":"2026-09-01T02:25:08","modified_gmt":"2026-09-01T02:25:08","slug":"telex-kaliforniai-hullamokrol-a-tronra-viii-haakonnak-zuros-kiralyi-hazat-kell-gatyaba-raznia-norvegiaban","status":"publish","type":"post","link":"https:\/\/www.europesays.com\/hu\/228149\/","title":{"rendered":"Telex: Kaliforniai hull\u00e1mokr\u00f3l a tr\u00f3nra: VIII. Haakonnak z\u0171r\u00f6s kir\u00e1lyi h\u00e1zat kell gaty\u00e1ba r\u00e1znia Norv\u00e9gi\u00e1ban"},"content":{"rendered":"<p>VIII. Haakon n\u00e9ven foglalhatta el a norv\u00e9g tr\u00f3nt az 53 \u00e9ves kor\u00e1bbi koronaherceg, miut\u00e1n augusztus 28-\u00e1n <a href=\"https:\/\/telex.hu\/kulfold\/2026\/08\/28\/norveg-kiraly-v-harald-meghalt\" class=\"\" rel=\"nofollow noopener\" target=\"_blank\">meghalt az apja<\/a>, V. Harald. Haakon apja roml\u00f3 eg\u00e9szs\u00e9ge miatt az ut\u00f3bbi \u00e9vekben m\u00e1r t\u00f6bb feladatot l\u00e1tott el, t\u00f6bb k\u00f6zszerepl\u00e9st v\u00e1llalt, mint kor\u00e1bban. A <a href=\"https:\/\/www.nytimes.com\/2026\/08\/28\/world\/europe\/norway-new-king-haakon.html\" target=\"_blank\" rel=\"nofollow noopener\">New York Times<\/a> megjegyzi, a kir\u00e1ly \u00e9s a monarchia szerepe m\u00e1ra ink\u00e1bb szimbolikuss\u00e1 \u00e9s ceremoni\u00e1liss\u00e1 v\u00e1lt, de az orsz\u00e1g k\u00e9pviselet\u00e9ben \u00e9s a t\u00e1rsadalomban m\u00e9g mindig fontos szerepet j\u00e1tszik.<\/p>\n<p>Haakont \u00faj kir\u00e1lyk\u00e9nt hamar sz\u00f3l\u00edtotta a k\u00f6teless\u00e9g, m\u00e1r p\u00e9nteken tal\u00e1lkozott Jonas Gahr St\u00f8re minisztereln\u00f6kkel \u00e9s kabinetj\u00e9vel. Mag\u00e1val vitte els\u0151sz\u00fcl\u00f6tt gyerek\u00e9t, a 22 \u00e9ves Ingrid Alexandra koronahercegn\u0151t is. Ez az\u00e9rt is \u00e9rdekes, mert Haakon m\u00e9g a r\u00e9gi szab\u00e1lyok szerint \u00f6r\u00f6k\u00f6lhette a tr\u00f3nt. Hi\u00e1ba van egy n\u0151v\u00e9re, M\u00e1rta Lujza, 1990 el\u0151tt alapj\u00e1raton a f\u00e9rfi \u00f6r\u00f6k\u00f6s\u00f6k voltak jogosultak a kir\u00e1lyi c\u00edmre. Az 1990-es t\u00f6rv\u00e9nym\u00f3dos\u00edt\u00e1s teremtette meg a lehet\u0151s\u00e9get, hogy Ingrid Alexandra egyszer kir\u00e1lyn\u0151 legyen \u2013 \u00edrja a New York Times.<\/p>\n<p>A <a href=\"https:\/\/people.com\/king-haakon-norway-wont-have-coronation-like-king-charles-12071403\" target=\"_blank\" rel=\"nofollow noopener\">People<\/a> eml\u00e9keztet, hogy Norv\u00e9gi\u00e1ban nem v\u00e1rhat\u00f3 olyan hatalmas \u00fcnneps\u00e9gsorozat, pompa, giccs \u00e9s f\u0151k\u00e9pp koron\u00e1z\u00e1s, mint p\u00e9ld\u00e1ul Nagy-Britanni\u00e1ban volt <a href=\"https:\/\/telex.hu\/kulfold\/2023\/05\/06\/iii-karoly-kiraly-koronazas-brit-uralkodo-nagy-britannia-egyesult-kiralysag-kamilla-kiralyne-westminster\" class=\"\" rel=\"nofollow noopener\" target=\"_blank\">K\u00e1roly kir\u00e1ly\u00e9 2023-ban<\/a>.<\/p>\n<p>VIII. Haakon szeptember 1-j\u00e9n teszi le a kir\u00e1lyi esk\u00fct a Storting, a norv\u00e9g parlament el\u0151tt. 1906 \u00f3ta nem tartottak koron\u00e1z\u00e1st. Akkor a mostani kir\u00e1ly k\u00f6zvetlen n\u00e9vel\u0151dje, VII. Haakon \u00e9s Maud kir\u00e1lyn\u00e9 estek \u00e1t a puccos \u00fcnneps\u00e9gen Trondheimben, a k\u00f6z\u00e9pkori f\u0151v\u00e1rosban, a k\u00f6zel ezer \u00e9ves Nidaros katedr\u00e1lisban. K\u00e9t \u00e9vre r\u00e1 a Storting t\u00f6r\u00f6lte a koron\u00e1z\u00e1st az alkotm\u00e1nyb\u00f3l. 1957-ben V. Olaf beiktat\u00e1sa m\u00e1r egyszer\u0171en zajlott, meg\u00e1ldott\u00e1k az uralkod\u00f3t, aki esk\u00fct tett a Storting el\u0151tt. Ezt a mint\u00e1t k\u00f6vette V. Harald \u00e9s most VIII. Haakon is. D\u00e1ni\u00e1ban is ez t\u00f6rt\u00e9nt 2024-ben, Margit kir\u00e1lyn\u0151 <a href=\"https:\/\/telex.hu\/kulfold\/2024\/01\/02\/margit-dan-kiralyno-lemondas-monarchia\" class=\"\" rel=\"nofollow noopener\" target=\"_blank\">v\u00e1ratlan lemond\u00e1sa<\/a> ut\u00e1n egyszer\u0171en proklam\u00e1lt\u00e1k X. Frigyes kir\u00e1ly <a href=\"https:\/\/telex.hu\/kulfold\/2024\/01\/14\/uj-kiralya-van-danianak-tronra-lepett-x-frigyes\" class=\"\" rel=\"nofollow noopener\" target=\"_blank\">tr\u00f3nfoglal\u00e1s\u00e1t<\/a>.<\/p>\n<p>A cerem\u00f3nia azonban v\u00e1ltozatlanul Trondheimben zajlik majd, ahol az \u00faj kir\u00e1ly a k\u00f6vetkez\u0151 sz\u00f6veggel esk\u00fcszik fel a tr\u00f3nra: \u201e\u00cdg\u00e9rem \u00e9s esk\u00fcsz\u00f6m, hogy a Norv\u00e9g Kir\u00e1lys\u00e1got alkotm\u00e1nya \u00e9s t\u00f6rv\u00e9nyei szerint fogom korm\u00e1nyozni. Isten, a Mindenhat\u00f3 \u00e9s Mindentud\u00f3 \u00fagy seg\u00e9ljen.\u201d A cerem\u00f3ni\u00e1n Mette-Marit kir\u00e1lyn\u00e9 is \u00e1tesik. A kir\u00e1lyi p\u00e1r k\u00e9t gyereke is jelen lesz.<\/p>\n<p>Az udvart\u00f3l a kaliforniai hull\u00e1mokon \u00e1t az udvarig<\/p>\n<p>Haakon 1973. j\u00falius 20-\u00e1n sz\u00fcletett Osl\u00f3ban Harald kir\u00e1ly \u00e9s Szonja kir\u00e1lyn\u00e9 gyerekek\u00e9nt. \u00c1llami \u00e9s mag\u00e1niskol\u00e1kban is tanult, majd a csal\u00e1di hagyom\u00e1nyt k\u00f6vetve bevonult a hadseregbe, egy torped\u00f3nasz\u00e1don szolg\u00e1lt. Miut\u00e1n v\u00e9gzett a Kir\u00e1lyi Norv\u00e9g Haditenger\u00e9szeti Akad\u00e9mi\u00e1n h\u00e1rom \u00e9v ut\u00e1n, szint\u00e9n a csal\u00e1di trad\u00edci\u00f3t k\u00f6vetve elment Oxfordba tov\u00e1bbtanulni. K\u00e9s\u0151bb a Kaliforniai Egyetem berkeley-i int\u00e9zm\u00e9ny\u00e9ben hallgatott politikatudom\u00e1nyt, majd fejleszt\u00e9si szakon szerzett mesterdiplom\u00e1t a London School of Economics k\u00f6zgazdas\u00e1gi egyetemen 2003-ban. A nemzetk\u00f6zi kereskedelemre \u00e9s Afrik\u00e1ra f\u00f3kusz\u00e1lt diplomamunk\u00e1j\u00e1ban.<\/p>\n<p>A kaliforniai tanulm\u00e1nyok m\u00e1sik ok\u00e1r\u00f3l a <a href=\"https:\/\/www.sfchronicle.com\/entertainment\/article\/norway-king-haakon-uc-berkeley-22408348.php\" target=\"_blank\" rel=\"nofollow noopener\">San Francisco Chronicle<\/a> cikkezett nemr\u00e9g. Haakon 2023-as \u00e9letrajz\u00e1ban arr\u00f3l \u00edrt, annyira t\u00e1volt akart lenni a kir\u00e1lyi l\u00e9tt\u0151l \u00e9s otthon\u00e1t\u00f3l, amennyire lehet. Itt sim\u00e1n el tudott ugrani sz\u00f6rf\u00f6zni vagy koncertekre an\u00e9lk\u00fcl, hogy felismert\u00e9k volna. \u201eA v\u00edzben \u00f6nmagam lehettem\u201d \u2013 \u00edrta a hull\u00e1mokkal val\u00f3 viszony\u00e1r\u00f3l az akkori herceg, aki m\u00e9g a brooklyni rapper, <a href=\"https:\/\/telex.hu\/after\/2024\/04\/27\/telex-after-playlistek-nas-illmatic-30-eves-evfordulo-glsch\" class=\"\" rel=\"nofollow noopener\" target=\"_blank\">Nas<\/a> koncertj\u00e9re is elment. 2024 \u00e1prilis\u00e1ban egy\u00e9bk\u00e9nt visszat\u00e9rt az alma materbe, technol\u00f3gi\u00e1r\u00f3l, gazdas\u00e1gi egy\u00fcttm\u0171k\u00f6d\u00e9sr\u0151l, s\u0151t b\u00fcntet\u00e9s-v\u00e9grehajt\u00e1si met\u00f3dusokr\u00f3l is egyeztetett kaliforniai szerepl\u0151kkel, t\u00f6bbek k\u00f6zt Gavin Newsom korm\u00e1nyz\u00f3val.<\/p>\n<p>Koronahercegk\u00e9nt m\u00e1ra kialakult a f\u00f3kusza: k\u00f6rnyezetv\u00e9delem, rasszizmus \u00e9s homof\u00f3bia elleni k\u00fczdelem \u2013 \u00edrja r\u00f3la a <a href=\"https:\/\/www.france24.com\/en\/europe\/20260828-norway-s-king-haakon-the-new-face-of-a-monarchy-shaken-by-scandal\" target=\"_blank\" rel=\"nofollow noopener\">France24<\/a>. \u201eFontos, hogy megv\u00e9dj\u00fck, akik vagyunk, \u00e9s hogy Norv\u00e9gia olyan orsz\u00e1g legyen, ahol azt szerethetj\u00fck \u00e9s azzal lehet\u00fcnk, akivel akarunk\u201d \u2013 mondta 2022-ben, az osl\u00f3i Pride-on t\u00f6rt\u00e9nt <a href=\"https:\/\/telex.hu\/kulfold\/2022\/06\/26\/iszlamista-terror-oslo-tamadas-pride\" class=\"\" rel=\"nofollow noopener\" target=\"_blank\">l\u00f6v\u00f6ld\u00f6z\u00e9s<\/a> ut\u00e1n.<\/p>\n<p>1999-ben, egy kristiansandi zenei fesztiv\u00e1lon ismerkedett meg, majd 2001-ben h\u00e1zasodott \u00f6ssze a k\u00f6zrend\u0171 Mette-Marit Tjessem H\u00f8ibyvel. A kir\u00e1lyn\u00e9v\u00e9 lett Mette-Marit nagy l\u00e1zad\u00f3 \u00e9s partidroghaszn\u00e1l\u00f3 volt fiatalon, ezen el\u0151szeretettel cs\u00e1mcsogtak a bulv\u00e1rlapok akkoriban. A n\u0151nek h\u00e1zass\u00e1gk\u00f6t\u00e9s\u00fckkor m\u00e1r volt egy fia egy el\u0151z\u0151 kapcsolat\u00e1b\u00f3l. Az id\u0151k\u00f6zben etik\u00e1t \u00e9s afrikai tanulm\u00e1nyokat hallgat\u00f3, menek\u00fclt\u00fcgyekben is seg\u00edt\u0151 Mette-Marit \u00e1llta a sarat, \u00e9s a norv\u00e9gi k\u00f6zv\u00e9lem\u00e9ny is elfogadta \u0151t. V\u00e9g\u00fcl k\u00e9t gyerek\u00fck sz\u00fcletett, 2004-ben az eml\u00edtett tr\u00f3n\u00f6r\u00f6k\u00f6s, Ingrid Alexandra, valamint 2005-ben Sverre Magnus herceg. A kir\u00e1lyn\u00e9 id\u00e9n komoly m\u0171t\u00e9ten, t\u00fcd\u0151\u00e1t\u00fcltet\u00e9sen is \u00e1tesett \u00e9vek \u00f3ta fenn\u00e1ll\u00f3 <a href=\"https:\/\/egeszsegvonal.gov.hu\/egeszseg-a-z\/t-ty\/tudofibrozis.html\" target=\"_blank\" rel=\"nofollow noopener\">kr\u00f3nikus t\u00fcd\u0151fibr\u00f3zisa<\/a> miatt \u2013 ennek sor\u00e1n a t\u00fcd\u0151sz\u00f6vet hegesedik, k\u00e1rosodik, neh\u00e9zl\u00e9gz\u00e9s alakul ki.<\/p>\n<p><img decoding=\"async\" src=\"https:\/\/www.europesays.com\/hu\/wp-content\/uploads\/2026\/09\/1788189747-temp-tf4fa2dpk90h1fjejaj_cikktorzs:xl.jpg\"  loading=\"lazy\" alt=\"Balr\u00f3l jobbra: Sverre Magnus herceg, az \u00f6zvegy Szonja kir\u00e1lyn\u00e9, Ingrid Alexandra koronahercegn\u0151 \u00e9s VIII. Haakon kir\u00e1ly az elhunyt V. Harald b\u00facs\u00faztat\u00e1s\u00e1n \u2013 Fot\u00f3: Cornelius Poppe \/ NTB \/ AFP\" class=\"placeholder_\"\/><\/p>\n<p>Balr\u00f3l jobbra: Sverre Magnus herceg, az \u00f6zvegy Szonja kir\u00e1lyn\u00e9, Ingrid Alexandra koronahercegn\u0151 \u00e9s VIII. Haakon kir\u00e1ly az elhunyt V. Harald b\u00facs\u00faztat\u00e1s\u00e1n \u2013 Fot\u00f3: Cornelius Poppe \/ NTB \/ AFP<\/p>\n<p>A norv\u00e9g kir\u00e1lyi h\u00e1zat sorra r\u00e1zt\u00e1k meg a botr\u00e1nyok a 2020-as \u00e9vekben. A kir\u00e1lyn\u00e9v\u00e9 lett Mette-Maritnak bocs\u00e1natot kellett k\u00e9rnie az el\u00edt\u00e9lt szexu\u00e1lis ragadoz\u00f3, kiskor\u00fa l\u00e1nyokat kik\u00f6zvet\u00edt\u0151 Jeffrey Epsteinnel val\u00f3 bar\u00e1ti <a href=\"https:\/\/telex.hu\/kulfold\/2026\/03\/20\/mette-marit-norveg-koronahercegne-reakcio-epstein-aktak\" class=\"\" rel=\"nofollow noopener\" target=\"_blank\">kapcsolata miatt<\/a>. Fia, Marius Borg H\u00f8iby nemi er\u0151szak miatt ker\u00fclt b\u00edr\u00f3s\u00e1g el\u00e9, \u00e9s <a href=\"https:\/\/telex.hu\/kulfold\/2026\/06\/15\/nemi-eroszakert-eliteltek-a-norveg-tronorokosne-fiat\" class=\"\" rel=\"nofollow noopener\" target=\"_blank\">n\u00e9gy \u00e9v b\u00f6rt\u00f6nt<\/a> kapott. M\u00e1rta Lujza hercegn\u0151 pedig kihaszn\u00e1lta c\u00edm\u00e9t, hogy alternat\u00edv gy\u00f3gym\u00f3dokat n\u00e9pszer\u0171s\u00edtsen, majd <a href=\"https:\/\/telex.hu\/kulfold\/2024\/09\/02\/marta-lujza-hercegno-norvegia-amerikai-saman-durek-verrett-eskuvo\" class=\"\" rel=\"nofollow noopener\" target=\"_blank\">\u00f6sszeh\u00e1zasodott<\/a> az amerikai s\u00e1m\u00e1nnal \u00e9s konte\u00f3h\u00edv\u0151vel, Durek Verrettel.<\/p>\n<p>Sz\u00f3val Haakonnak van teend\u0151je a \u2013 botr\u00e1nyok ellen\u00e9re m\u00e9g n\u00e9pszer\u0171 \u2013 uralkod\u00f3i Gl\u00fccksburgi-h\u00e1z reput\u00e1ci\u00f3ja ter\u00e9n, de rutinja is akad: betegesked\u0151 apja miatt r\u00e9gensk\u00e9nt m\u00e1r ell\u00e1tta t\u00f6bbsz\u00f6r az uralkod\u00f3i feladatokat. De v\u00e1rhat\u00f3an tartani fogja mag\u00e1t az egy \u00e9vsz\u00e1zada v\u00e1ltozatlan kir\u00e1lyi jelmondathoz: \u201eMindent Norv\u00e9gi\u00e1\u00e9rt\u201d.<\/p>\n<p>A j\u00f6v\u0151<\/p>\n<p>Haakon lemond\u00e1sa vagy hal\u00e1la eset\u00e9n teh\u00e1t 22 \u00e9ves l\u00e1nya, Ingrid Alexandra l\u00e9p majd a tr\u00f3nra. \u00d6ccs\u00e9vel egy\u00fctt a csal\u00e1d Skaugumban tal\u00e1lhat\u00f3 birtok\u00e1n cseperedett, 2023-ban \u00e9retts\u00e9gizett \u2013 \u00edrja r\u00f3la a <a href=\"https:\/\/people.com\/all-about-king-haakon-wife-queen-mette-marit-kids-12071234\" target=\"_blank\" rel=\"nofollow noopener\">People<\/a>. A csal\u00e1di szok\u00e1st nem szak\u00edtotta meg, szolg\u00e1lt a norv\u00e9g seregben 2024\u201325-ben, majd Ausztr\u00e1li\u00e1ban, a Sydney Egyetemen tanult. 2026-t\u00f3l Osl\u00f3ban tanult tov\u00e1bb, hogy k\u00f6zel legyen eg\u00e9szs\u00e9g\u00fcgyi gondokkal k\u00fczd\u0151 anyj\u00e1hoz. Sokatmond\u00f3, hogy apja mag\u00e1val vitte az els\u0151 k\u00f6z\u00f6s \u00fcl\u00e9s\u00e9re a kabinettel.<\/p>\n<p>A k\u00f6vetkez\u0151 a tr\u00f3nut\u00f3dl\u00e1si sorban Ingrid Alexandra \u00f6ccse, Sverre Magnus. \u0150 is Skaugumban lakott, majd 2024-ben \u00e9retts\u00e9gizett. A 20 \u00e9ves herceg \u00fczletmenedzsmentet tanul a lisszaboni Forward College-ben. Kevesebbszer jelenik meg n\u0151v\u00e9r\u00e9n\u00e9l nyilv\u00e1nosan, de p\u00e9ld\u00e1ul m\u00e1jus 17-\u00e9n lelkesen integetett a kir\u00e1lyi palota erk\u00e9ly\u00e9r\u0151l a n\u00e9pnek az alkotm\u00e1ny \u00fcnnep\u00e9n.<\/p>\n","protected":false},"excerpt":{"rendered":"VIII. Haakon n\u00e9ven foglalhatta el a norv\u00e9g tr\u00f3nt az 53 \u00e9ves kor\u00e1bbi koronaherceg, miut\u00e1n augusztus 28-\u00e1n meghalt az&hellip;\n","protected":false},"author":2,"featured_media":228150,"comment_status":"","ping_status":"","sticky":false,"template":"","format":"standard","meta":{"footnotes":"","_share_on_mastodon":"0"},"categories":[8],"tags":[42,3266,40483,64,43,34,2206,57691,60020,94,93,92],"class_list":["post-228149","post","type-post","status-publish","format-standard","has-post-thumbnail","category-vilag","tag-hungarian","tag-kiralyi-csalad","tag-koronazas","tag-kulfold","tag-magyar","tag-news","tag-norvegia","tag-v-harald","tag-viii-haakon","tag-vilag","tag-world","tag-world-news"],"share_on_mastodon":{"url":"https:\/\/pubeurope.com\/@hu\/117193417215589910","error":""},"_links":{"self":[{"href":"https:\/\/www.europesays.com\/hu\/wp-json\/wp\/v2\/posts\/228149","targetHints":{"allow":["GET"]}}],"collection":[{"href":"https:\/\/www.europesays.com\/hu\/wp-json\/wp\/v2\/posts"}],"about":[{"href":"https:\/\/www.europesays.com\/hu\/wp-json\/wp\/v2\/types\/post"}],"author":[{"embeddable":true,"href":"https:\/\/www.europesays.com\/hu\/wp-json\/wp\/v2\/users\/2"}],"replies":[{"embeddable":true,"href":"https:\/\/www.europesays.com\/hu\/wp-json\/wp\/v2\/comments?post=228149"}],"version-history":[{"count":0,"href":"https:\/\/www.europesays.com\/hu\/wp-json\/wp\/v2\/posts\/228149\/revisions"}],"wp:featuredmedia":[{"embeddable":true,"href":"https:\/\/www.europesays.com\/hu\/wp-json\/wp\/v2\/media\/228150"}],"wp:attachment":[{"href":"https:\/\/www.europesays.com\/hu\/wp-json\/wp\/v2\/media?parent=228149"}],"wp:term":[{"taxonomy":"category","embeddable":true,"href":"https:\/\/www.europesays.com\/hu\/wp-json\/wp\/v2\/categories?post=228149"},{"taxonomy":"post_tag","embeddable":true,"href":"https:\/\/www.europesays.com\/hu\/wp-json\/wp\/v2\/tags?post=228149"}],"curies":[{"name":"wp","href":"https:\/\/api.w.org\/{rel}","templated":true}]}}