{"id":228183,"date":"2026-09-01T03:23:11","date_gmt":"2026-09-01T03:23:11","guid":{"rendered":"https:\/\/www.europesays.com\/hu\/228183\/"},"modified":"2026-09-01T03:23:11","modified_gmt":"2026-09-01T03:23:11","slug":"holnap-indul-a-nyugtaadat-szolgaltatas-a-nav-januarig-nem-birsagol","status":"publish","type":"post","link":"https:\/\/www.europesays.com\/hu\/228183\/","title":{"rendered":"Holnap indul a nyugtaadat-szolg\u00e1ltat\u00e1s, a NAV janu\u00e1rig nem b\u00edrs\u00e1gol"},"content":{"rendered":"<p>Holnapt\u00f3l a pap\u00edron \u00e9s sz\u00e1m\u00edt\u00f3g\u00e9ppel ki\u00e1ll\u00edtott nyugt\u00e1kr\u00f3l is adatot kell szolg\u00e1ltatni a Nemzeti Ad\u00f3- \u00e9s V\u00e1mhivatalnak (NAV). A legegyszer\u0171bb megold\u00e1s az e-p\u00e9nzt\u00e1rg\u00e9p: a NAV ingyenes eP\u00e9nzt\u00e1rg\u00e9p alkalmaz\u00e1s\u00e1val a nyugta pillanatok alatt elk\u00e9sz\u00fcl, az adatszolg\u00e1ltat\u00e1s \u00e9s -meg\u0151rz\u00e9s pedig automatikus.<\/p>\n<p>\u00c9rdemes teh\u00e1t kipr\u00f3b\u00e1lni a digit\u00e1lis nyugtaad\u00e1st annak is, aki eddig pap\u00edrnyugt\u00e1t haszn\u00e1lt. Az alkalmaz\u00e1s okostelefonon m\u0171k\u00f6dik, haszn\u00e1lat\u00e1hoz nincs sz\u00fcks\u00e9g k\u00fcl\u00f6n p\u00e9nzt\u00e1rg\u00e9pre, \u00e9s a nyugtaadatokat sem kell ut\u00f3lag k\u00e9zzel r\u00f6gz\u00edteni. Az \u00fczembe helyez\u00e9se is rendk\u00edv\u00fcl egyszer\u0171, amelyhez a NAV\u00a0<a data-saferedirecturl=\"https:\/\/www.google.com\/url?q=https:\/\/www.youtube.com\/watch?v%3D6J2gvlt4lPA&amp;source=gmail&amp;ust=1788237103195000&amp;usg=AOvVaw2wsH0sb1rP_0MV2caoEYb1\" href=\"https:\/\/www.youtube.com\/watch?v=6J2gvlt4lPA\" target=\"_blank\" rel=\"nofollow noopener\">kisfilmje<\/a>\u00a0is seg\u00edts\u00e9get ad.<\/p>\n<p>Aki m\u00e9gis maradna a pap\u00edrnyugt\u00e1n\u00e1l, annak is biztos\u00edt egyszer\u0171 megold\u00e1st a NAV. A nyugtaadatok a P\u00e9nzt\u00e1rg\u00e9p Port\u00e1l webes fel\u00fclet\u00e9n k\u00e9zzel is r\u00f6gz\u00edthet\u0151k, ehhez pedig l\u00e9p\u00e9sr\u0151l l\u00e9p\u00e9sre k\u00f6vethet\u0151\u00a0<a data-saferedirecturl=\"https:\/\/www.google.com\/url?q=https:\/\/www.youtube.com\/watch?v%3DiuVT5oVxtjc&amp;source=gmail&amp;ust=1788237103195000&amp;usg=AOvVaw2BVWVKNn-SwidicCIFGI0n\" href=\"https:\/\/www.youtube.com\/watch?v=iuVT5oVxtjc\" target=\"_blank\" rel=\"nofollow noopener\">oktat\u00f3vide\u00f3<\/a>\u00a0\u00e9s r\u00e9szletes t\u00e1j\u00e9koztat\u00e1s is rendelkez\u00e9sre \u00e1ll. A nagyobb forgalm\u00fa v\u00e1llalkoz\u00e1sok g\u00e9pi kapcsolaton kereszt\u00fcl is teljes\u00edthetik az adatszolg\u00e1ltat\u00e1st. A\u00a0<a data-saferedirecturl=\"https:\/\/www.google.com\/url?q=https:\/\/kobakonline.nav.gov.hu\/&amp;source=gmail&amp;ust=1788237103196000&amp;usg=AOvVaw1bQED3B2e_aKmmgrlur_za\" href=\"https:\/\/kobakonline.nav.gov.hu\/\" target=\"_blank\" rel=\"nofollow noopener\">P\u00e9nzt\u00e1rg\u00e9p Port\u00e1l<\/a>\u00a0fel\u00fclet\u00e9n az adatr\u00f6gz\u00edt\u00e9s holnap \u00e9lesedik, hiszen a nyugtaadat-szolg\u00e1ltat\u00e1s \u00faj szab\u00e1lyai szeptember 1-t\u0151l l\u00e9pnek hat\u00e1lyba.<\/p>\n<p>Szeptember 1. \u00e9s december 31. k\u00f6z\u00f6tt a NAV a sz\u00e1monk\u00e9r\u00e9s helyett az oktat\u00e1sra \u00e9s a gyakorlati seg\u00edts\u00e9gre helyezi a hangs\u00falyt. Ha valakinek nem siker\u00fcl az \u00faj k\u00f6telezetts\u00e9get r\u00f6gt\u00f6n teljes\u00edteni, vagy hiba cs\u00faszik az adatszolg\u00e1ltat\u00e1sba, ebben az id\u0151szakban m\u00e9g nem b\u00edrs\u00e1golnak a revizorok. A k\u00f6telezetts\u00e9g teh\u00e1t m\u00e1r szeptember 1-j\u00e9t\u0151l \u00e9l, janu\u00e1rt\u00f3l viszont a mulaszt\u00e1snak m\u00e1r b\u00edrs\u00e1gk\u00f6vetkezm\u00e9nye is lehet.<\/p>\n<p>A NAV szerint\u00a0a v\u00e1llalkoz\u00e1soknak \u00e9rdemes kihaszn\u00e1lni a k\u00f6vetkez\u0151 h\u00f3napokat. Azt javasolj\u00e1k, hogy pr\u00f3b\u00e1lj\u00e1k ki az eP\u00e9nzt\u00e1rg\u00e9pet, ismerj\u00e9k meg a webes adatr\u00f6gz\u00edt\u00e9st, \u00e9s v\u00e1lassz\u00e1k azt a megold\u00e1st, amelyik a legjobban illeszkedik a m\u0171k\u00f6d\u00e9s\u00fckh\u00f6z!<\/p>\n<p>\t\t\t\t<img decoding=\"async\" src=\"https:\/\/www.europesays.com\/hu\/wp-content\/uploads\/2026\/09\/itt-az-elso-nagy-lepes-az-online-penztargepek-levaltasa-fele_th.jpg\" alt=\"Itt az els\u0151 nagy l\u00e9p\u00e9s az online p\u00e9nzt\u00e1rg\u00e9pek lev\u00e1lt\u00e1sa fel\u00e9\" class=\"cikkajanlo-kep img-fluid mb-0\"\/><\/p>\n","protected":false},"excerpt":{"rendered":"Holnapt\u00f3l a pap\u00edron \u00e9s sz\u00e1m\u00edt\u00f3g\u00e9ppel ki\u00e1ll\u00edtott nyugt\u00e1kr\u00f3l is adatot kell szolg\u00e1ltatni a Nemzeti Ad\u00f3- \u00e9s V\u00e1mhivatalnak (NAV). A&hellip;\n","protected":false},"author":2,"featured_media":228184,"comment_status":"","ping_status":"","sticky":false,"template":"","format":"standard","meta":{"footnotes":"","_share_on_mastodon":"0"},"categories":[33],"tags":[12103,38,35,37,44,42,40,60613,1565,43,41,3765,34,36,39],"class_list":["post-228183","post","type-post","status-publish","format-standard","has-post-thumbnail","category-hirek","tag-e-kereskedelem","tag-focimek","tag-headlines","tag-hirek","tag-hu","tag-hungarian","tag-hungary","tag-internetes-kereskedes","tag-kozelet","tag-magyar","tag-magyarorszag","tag-nav","tag-news","tag-top-stories","tag-vezeto-hirek"],"share_on_mastodon":{"url":"https:\/\/pubeurope.com\/@hu\/117193644942801681","error":""},"_links":{"self":[{"href":"https:\/\/www.europesays.com\/hu\/wp-json\/wp\/v2\/posts\/228183","targetHints":{"allow":["GET"]}}],"collection":[{"href":"https:\/\/www.europesays.com\/hu\/wp-json\/wp\/v2\/posts"}],"about":[{"href":"https:\/\/www.europesays.com\/hu\/wp-json\/wp\/v2\/types\/post"}],"author":[{"embeddable":true,"href":"https:\/\/www.europesays.com\/hu\/wp-json\/wp\/v2\/users\/2"}],"replies":[{"embeddable":true,"href":"https:\/\/www.europesays.com\/hu\/wp-json\/wp\/v2\/comments?post=228183"}],"version-history":[{"count":0,"href":"https:\/\/www.europesays.com\/hu\/wp-json\/wp\/v2\/posts\/228183\/revisions"}],"wp:featuredmedia":[{"embeddable":true,"href":"https:\/\/www.europesays.com\/hu\/wp-json\/wp\/v2\/media\/228184"}],"wp:attachment":[{"href":"https:\/\/www.europesays.com\/hu\/wp-json\/wp\/v2\/media?parent=228183"}],"wp:term":[{"taxonomy":"category","embeddable":true,"href":"https:\/\/www.europesays.com\/hu\/wp-json\/wp\/v2\/categories?post=228183"},{"taxonomy":"post_tag","embeddable":true,"href":"https:\/\/www.europesays.com\/hu\/wp-json\/wp\/v2\/tags?post=228183"}],"curies":[{"name":"wp","href":"https:\/\/api.w.org\/{rel}","templated":true}]}}