{"id":228200,"date":"2026-09-01T03:58:46","date_gmt":"2026-09-01T03:58:46","guid":{"rendered":"https:\/\/www.europesays.com\/hu\/228200\/"},"modified":"2026-09-01T03:58:46","modified_gmt":"2026-09-01T03:58:46","slug":"nagy-fero-elarulta-mennyi-a-nyugdija","status":"publish","type":"post","link":"https:\/\/www.europesays.com\/hu\/228200\/","title":{"rendered":"Nagy Fer\u00f3 el\u00e1rulta, mennyi a nyugd\u00edja"},"content":{"rendered":"<p><a href=\"https:\/\/nlc.hu\/sztarok\/20260401\/nagy-feronak-mar-nincs-sok-koncertje-szarul-nez-ki-a-naptaram\/\" target=\"_blank\" rel=\"noopener nofollow\">Nagy Fer\u00f3 80 \u00e9vesen sem mond vissza egy koncertet sem<\/a>, \u00e9s mindezt nemcsak a zene ir\u00e1nti elk\u00f6telezetts\u00e9gb\u0151l teszi, hanem anyagi megfontol\u00e1sb\u00f3l is. A nyugd\u00edja ugyanis, \u00e1ll\u00edt\u00e1sa szerint, meglehet\u0151sen alacsony \u2013 <a href=\"https:\/\/story.hu\/napi-friss\/2026\/08\/31\/nagy-fero-nyugdij\/dk524wf?tsrc=nlc_cross\" target=\"_blank\" rel=\"noopener noreferrer nofollow\">\u00edrja a story.hu<\/a>.<\/p>\n<p>\u201eAz\u00e9rt ez nagyon j\u00f3, valljuk be \u0151szint\u00e9n, ott el\u00e9g j\u00f3l fizetnek. \u00c9s mivel ennyi unok\u00e1m van, az nem \u00e1rt, mert minden nagyobb \u00fcnnepkor, sz\u00fclinapokkor, kar\u00e1csonykor, utalok a \u2019b\u00e9bik\u00f6tv\u00e9nyre\u2019 \u201d \u2013 id\u00e9zte a port\u00e1l az <a href=\"https:\/\/nlc.hu\/sztarok\/20260114\/otszoros-nagypapa-lesz-nagy-fero\/\" target=\"_blank\" rel=\"noopener nofollow\">\u00f6tsz\u00f6r\u00f6s nagypapa zen\u00e9szt<\/a>, aki az <a href=\"https:\/\/tv2play.hu\/aktiv\/mar_megint_rajtam_van_a_celkereszt!\" target=\"_blank\" rel=\"noopener noreferrer nofollow\">Akt\u00edvnak adott interj\u00faban<\/a> azt is el\u00e1rulta, mennyi a nyugd\u00edja.<\/p>\n<p>\u201eNekem el\u00e9g, 74 ezer forint\u201d \u2013 mondta nevetve Nagy Fer\u00f3, aki azt is kifejtett\u00e9k, hogyan tudja m\u00e9g kieg\u00e9sz\u00edteni a nyugd\u00edj\u00e1t. Elmondta, ezen fel\u00fcl van m\u00e9g bev\u00e9tele a Beatrice- \u00e9s egy\u00e9b saj\u00e1t szerzem\u00e9nyei ut\u00e1n j\u00e1r\u00f3 jogd\u00edjakb\u00f3l, a <a href=\"https:\/\/nlc.hu\/tv_sztarok\/20210403\/nagy-fero-kossuth-dij-16-millio-forint-sorsa\/\" target=\"_blank\" rel=\"noopener nofollow\">Kosssuth-d\u00edjjal j\u00e1r\u00f3 t\u00f6bb t\u00edzmilli\u00f3s p\u00e9nzjutalomb\u00f3l<\/a> is maradt m\u00e9g, tov\u00e1bb\u00e1 m\u0171sora is van az egyik orsz\u00e1gos r\u00e1di\u00f3n\u00e1l.<\/p>\n<p>Azokat a pletyk\u00e1kat viszont c\u00e1folta, miszerint a <a rel=\"nofollow noopener noreferrer\" href=\"https:\/\/telex.hu\/belfold\/2026\/03\/22\/dpk-sportarena-gyules-koltseg-nagy-fero-pataky-attila-human-telex-digitalis-demokraciafejlesztesi-ugynokseg\" target=\"_blank\">v\u00e1laszt\u00e1sok el\u0151tt p\u00e1ly\u00e1zati p\u00e9nzeket kapott<\/a>. \u201e\u00c9n nem kaptam p\u00e9nzt. Az rosszulesett, amikor meg\u00edrt\u00e1k az akkori ellenz\u00e9ki lapok, hogy milyen nagy<\/p>\n<p>Nagy Fer\u00f3 Moln\u00e1r Anik\u00f3val A Nagy Duettben 2025-ben:<\/p>\n<p><a id=\"galeria-1\" class=\"m-nextGallery _ce_measure_widget _ce_measure_link\" href=\"https:\/\/nlc.hu\/sztarok\/20260901\/nagy-fero-nyugdija\/?gallery=1\/1\/nagyduett01adas-260-of-283.jpg\" data-ce-measure-widget=\"gallery-open\" rel=\"nofollow noopener\" target=\"_blank\"><\/p>\n<p>\t\t<img decoding=\"async\" width=\"8256\" height=\"5504\" src=\"https:\/\/www.europesays.com\/hu\/wp-content\/uploads\/2026\/09\/nagyduett01adas-260-of-283.jpg\" class=\"m-nextGallery__featureImage wp-image-1965313\" alt=\"\"   loading=\"lazy\"\/>\t<\/p>\n<p><\/a><\/p>\n<p>Megal\u00e1z\u00f3an kev\u00e9s Marcellina nyugd\u00edja is<\/p>\n<p>Nemr\u00e9g <a href=\"https:\/\/nlc.hu\/sztarok\/20260804\/marcellina-otvenezer-forint-a-nyugdijam-de-nem-akarok-panaszkodni\/\" target=\"_blank\" rel=\"noopener nofollow\">Marcellina is el\u00e1rulta, mennyi juttat\u00e1st kap<\/a>. \u201e\u00d6tvenezer forint a nyugd\u00edjam, de nem akarok panaszkodni, mert nem kell n\u00e9lk\u00fcl\u00f6zn\u00f6m. Van megtakar\u00edt\u00e1som, rendszeresen fell\u00e9pek, \u00e9s a digit\u00e1lis tartalomgy\u00e1rt\u00e1st is csin\u00e1lom az \u00f6sszes l\u00e9tez\u0151 platformon\u201d \u2013 osztotta meg a 73 \u00e9ves \u00e9nekesn\u0151, akinek a p\u00e9nzhez val\u00f3 viszonya is elt\u00e9r a megszokott\u00f3l.<\/p>\n<p>\u201eSzerencs\u00e9s vagyok, mert nincs k\u00fcl\u00f6n\u00f6sebb szenved\u00e9lyem, nem lettem v\u00e1s\u00e1rl\u00e1sf\u00fcgg\u0151, nem vonz\u00f3dom a dr\u00e1ga t\u00e1sk\u00e1khoz, cip\u0151kh\u00f6z. Nem hoz l\u00e1zba a Gucci \u00e9s a Versace, mert nem ez az \u00e9rt\u00e9krendem. Fiatalabb koromban magam varrtam a ruh\u00e1imat, amik a mai napig j\u00f3k r\u00e1m. Negyven\u00e9ves darabok tal\u00e1lhat\u00f3k a szekr\u00e9nyemben\u201d \u2013 mes\u00e9lte akkor.\u00a0<\/p>\n<p>Kiemelt fot\u00f3: V\u00f6r\u00f6s Szil\u00e1rd \/ Fot\u00f3centr\u00e1l<\/p>\n","protected":false},"excerpt":{"rendered":"Nagy Fer\u00f3 80 \u00e9vesen sem mond vissza egy koncertet sem, \u00e9s mindezt nemcsak a zene ir\u00e1nti elk\u00f6telezetts\u00e9gb\u0151l teszi,&hellip;\n","protected":false},"author":2,"featured_media":228201,"comment_status":"","ping_status":"","sticky":false,"template":"","format":"standard","meta":{"footnotes":"","_share_on_mastodon":"0"},"categories":[16],"tags":[24634,137,44,42,40,43,41,1183,671,138,235],"class_list":["post-228200","post","type-post","status-publish","format-standard","has-post-thumbnail","category-szorakozas","tag-cmx","tag-entertainment","tag-hu","tag-hungarian","tag-hungary","tag-magyar","tag-magyarorszag","tag-nagy-fero","tag-nyugdij","tag-szorakozas","tag-sztarok"],"share_on_mastodon":{"url":"https:\/\/pubeurope.com\/@hu\/117193782810733371","error":""},"_links":{"self":[{"href":"https:\/\/www.europesays.com\/hu\/wp-json\/wp\/v2\/posts\/228200","targetHints":{"allow":["GET"]}}],"collection":[{"href":"https:\/\/www.europesays.com\/hu\/wp-json\/wp\/v2\/posts"}],"about":[{"href":"https:\/\/www.europesays.com\/hu\/wp-json\/wp\/v2\/types\/post"}],"author":[{"embeddable":true,"href":"https:\/\/www.europesays.com\/hu\/wp-json\/wp\/v2\/users\/2"}],"replies":[{"embeddable":true,"href":"https:\/\/www.europesays.com\/hu\/wp-json\/wp\/v2\/comments?post=228200"}],"version-history":[{"count":0,"href":"https:\/\/www.europesays.com\/hu\/wp-json\/wp\/v2\/posts\/228200\/revisions"}],"wp:featuredmedia":[{"embeddable":true,"href":"https:\/\/www.europesays.com\/hu\/wp-json\/wp\/v2\/media\/228201"}],"wp:attachment":[{"href":"https:\/\/www.europesays.com\/hu\/wp-json\/wp\/v2\/media?parent=228200"}],"wp:term":[{"taxonomy":"category","embeddable":true,"href":"https:\/\/www.europesays.com\/hu\/wp-json\/wp\/v2\/categories?post=228200"},{"taxonomy":"post_tag","embeddable":true,"href":"https:\/\/www.europesays.com\/hu\/wp-json\/wp\/v2\/tags?post=228200"}],"curies":[{"name":"wp","href":"https:\/\/api.w.org\/{rel}","templated":true}]}}