{"id":228228,"date":"2026-09-01T04:48:12","date_gmt":"2026-09-01T04:48:12","guid":{"rendered":"https:\/\/www.europesays.com\/hu\/228228\/"},"modified":"2026-09-01T04:48:12","modified_gmt":"2026-09-01T04:48:12","slug":"index-gazdasag-270-ezren-kerulnek-a-nav-latoterebe-akik-erre-nem-figyelnek-komoly-bajba-kerulhetnek","status":"publish","type":"post","link":"https:\/\/www.europesays.com\/hu\/228228\/","title":{"rendered":"Index &#8211; Gazdas\u00e1g &#8211; 270 ezren ker\u00fclnek a NAV l\u00e1t\u00f3ter\u00e9be, akik erre nem figyelnek, komoly bajba ker\u00fclhetnek"},"content":{"rendered":"<p>Szeptember 1-j\u00e9n l\u00e1tsz\u00f3lag minden ugyan\u00fagy indul a v\u00e1llalkoz\u00e1sokn\u00e1l, mint el\u0151z\u0151 nap, ugyan\u00fagy nyitja ki az \u00fczlet ajtaj\u00e1t, kapcsolja be a sz\u00e1m\u00edt\u00f3g\u00e9pet, veszi el\u0151 a nyugtat\u00f6mb\u00f6t, \u00e9s kezdi meg a napot, egyvalami azonban megv\u00e1ltozik: az \u00e1llam innent\u0151l fogva valamivel t\u00f6bbet fog l\u00e1t r\u00f3luk. Mostant\u00f3l m\u00e1r nemcsak a sz\u00e1ml\u00e1k, hanem a pap\u00edron vagy sz\u00e1m\u00edt\u00f3g\u00e9ppel ki\u00e1ll\u00edtott nyugt\u00e1k adatait is tov\u00e1bb\u00edtani kell az ad\u00f3hat\u00f3s\u00e1gnak. Az \u00faj k\u00f6telezetts\u00e9g bevezet\u00e9se egyel\u0151re nem j\u00e1r azonnali retorzi\u00f3val.<\/p>\n<p>A v\u00e1ltoz\u00e1s l\u00e9pt\u00e9ke kor\u00e1ntsem elhanyagolhat\u00f3: mintegy 270 ezer v\u00e1llalkoz\u00e1st \u00e9rinthet. Mik\u00f6zben az \u00e9v v\u00e9g\u00e9ig tart\u00f3 t\u00fcrelmi id\u0151 egyel\u0151re tomp\u00edtja az \u00e1t\u00e1ll\u00e1s k\u00f6vetkezm\u00e9nyeit, a NAV c\u00e9lja egy\u00e9rtelm\u0171: az ad\u00f3hat\u00f3s\u00e1g a gazdas\u00e1g tov\u00e1bbi feh\u00e9r\u00edt\u00e9s\u00e9t \u00e9s az \u00e1facsal\u00e1sok visszaszor\u00edt\u00e1s\u00e1t v\u00e1rja az \u00faj rendszert\u0151l.<\/p>\n<p>Janu\u00e1rt\u00f3l azonban v\u00e9get \u00e9r a t\u00fcrelmi id\u0151szak, \u00e9s a mulaszt\u00e1snak m\u00e1r p\u00e9nz\u00fcgyi k\u00f6vetkezm\u00e9nye is lehet. Az els\u0151 pillant\u00e1sra technikai jelleg\u0171 v\u00e1ltoz\u00e1s azonban j\u00f3val t\u00f6bb egyszer\u0171 adminisztr\u00e1ci\u00f3s k\u00f6telezetts\u00e9gn\u00e9l. A h\u00e1tt\u00e9rben egy olyan rendszer rajzol\u00f3dik ki, amely \u00e1talak\u00edthatja, hogy az ad\u00f3hat\u00f3s\u00e1g milyen r\u00e9szletess\u00e9ggel l\u00e1t r\u00e1 a v\u00e1llalkoz\u00e1sok m\u0171k\u00f6d\u00e9s\u00e9re. A v\u00e1ltoz\u00e1sr\u00f3l rengeteg inform\u00e1ci\u00f3 kering, ezek azonban l\u00e1that\u00f3an nem jutottak el minden \u00e9rintetthez. A <a href=\"https:\/\/www.szamlazz.hu\/blog\/2026\/07\/kotelezo-nyugtaadat-szolgaltatas-2026-szeptember-1-tol-kiket-erint-es-mi-a-teendo\" id=\"hyperlink_48bd5c54d59e31e37a74a66f92e82d1d\" rel=\"nofollow noopener\" target=\"_blank\">szamlazz.hu<\/a> felhaszn\u00e1l\u00f3i kutat\u00e1sok szerint sok olyan c\u00e9g is van, amely ma m\u00e9g k\u00e9zi vagy sz\u00e1m\u00edt\u00f3g\u00e9ppel el\u0151\u00e1ll\u00edtott nyugt\u00e1t haszn\u00e1l, \u00e9s nem tud arr\u00f3l, hogy \u00faj adatszolg\u00e1ltat\u00e1si k\u00f6telezetts\u00e9ge lesz.<\/p>\n<p>                        Egyre kevesebb marad l\u00e1thatatlan a NAV el\u0151tt<\/p>\n<p>A v\u00e1ltoz\u00e1s meg\u00e9rt\u00e9s\u00e9hez el\u0151sz\u00f6r \u00e9rdemes rendet tenni a k\u00fcl\u00f6nb\u00f6z\u0151 nyugtat\u00edpusok k\u00f6z\u00f6tt. A hagyom\u00e1nyos k\u00e9zi nyugta a j\u00f3l ismert, pap\u00edralap\u00fa nyugtat\u00f6mbb\u0151l, k\u00e9zzel ki\u00e1ll\u00edtott bizonylat. Ennek digit\u00e1lis rokona a sz\u00e1m\u00edt\u00f3g\u00e9ppel el\u0151\u00e1ll\u00edtott nyugta: ezt m\u00e1r egy program gener\u00e1lja, a v\u00e9geredm\u00e9nyt azonban ugyan\u00fagy pap\u00edron nyomtatj\u00e1k ki. M\u00e1s kateg\u00f3ri\u00e1t jelent a g\u00e9pi nyugta, amelyet online p\u00e9nzt\u00e1rg\u00e9ppel \u00e1ll\u00edtanak ki, \u00e9s amelynek adatai automatikusan eljutnak a NAV-hoz. Az e-nyugta pedig m\u00e1r teljesen elektronikus bizonylat: ezt kiz\u00e1r\u00f3lag e-p\u00e9nzt\u00e1rg\u00e9ppel lehet ki\u00e1ll\u00edtani, \u00e9s az \u00faj e-p\u00e9nzt\u00e1rg\u00e9p-szab\u00e1lyoz\u00e1ssal jelent meg.<\/p>\n<p>A fogalmak k\u00f6r\u00fcl r\u00e1ad\u00e1sul van n\u00e9mi zavar. A sz\u00e1m\u00edt\u00f3g\u00e9ppel el\u0151\u00e1ll\u00edtott nyugt\u00e1t kor\u00e1bban sokan e-nyugt\u00e1nak nevezt\u00e9k \u2013 \u00edgy tett a Sz\u00e1ml\u00e1zz.hu is \u2013, az \u00faj e-p\u00e9nzt\u00e1rg\u00e9p megjelen\u00e9s\u00e9vel azonban ez az elnevez\u00e9s m\u00e1r nem helyt\u00e1ll\u00f3. E-nyugt\u00e1nak ugyanis m\u00e1r kiz\u00e1r\u00f3lag azt az elektronikus bizonylatot nevezik, amelyet e-p\u00e9nzt\u00e1rg\u00e9ppel \u00e1ll\u00edtanak ki. Vagyis ami kor\u00e1bban e-nyugtak\u00e9nt futhatott, az ma m\u00e1r nem felt\u00e9tlen\u00fcl az. A most \u00e9letbe l\u00e9p\u0151 k\u00f6telezetts\u00e9g teh\u00e1t els\u0151sorban azokat \u00e9rinti, akik tov\u00e1bbra is k\u00e9zzel, pap\u00edralap\u00fa nyugtat\u00f6mbb\u0151l \u00e1ll\u00edtanak ki nyugt\u00e1t, illetve sz\u00e1m\u00edt\u00f3g\u00e9pes vagy nyugt\u00e1z\u00f3 programot haszn\u00e1lnak. Nekik kell gondoskodniuk arr\u00f3l, hogy a nyugt\u00e1k adatai eljussanak a NAV-hoz.<\/p>\n<p>Az online p\u00e9nzt\u00e1rg\u00e9pet haszn\u00e1l\u00f3knak ezzel nincs k\u00fcl\u00f6n teend\u0151j\u00fck, ahogy azoknak sem lesz, akik e-p\u00e9nzt\u00e1rg\u00e9pre v\u00e1ltanak: ezekn\u00e9l a rendszerekn\u00e9l az adatszolg\u00e1ltat\u00e1s automatikusan megt\u00f6rt\u00e9nik.<\/p>\n<p>A szeptembert\u0151l \u00e9rkez\u0151 v\u00e1ltoz\u00e1s s\u00falya \u00edgy \u00e9ppen azokra nehezedik, akik eddig a legegyszer\u0171bb nyugt\u00e1z\u00e1si megold\u00e1sokkal m\u0171k\u00f6dtek. A NAV ir\u00e1nymutat\u00e1sa alapj\u00e1n h\u00e1rom napt\u00e1ri napon bel\u00fcl kell a nyugt\u00e1kr\u00f3l adatot szolg\u00e1ltatni. A nyugt\u00e1kat napi szint\u0171 \u00f6sszes\u00edt\u00e9sben kell majd felt\u00f6lteni, szerencs\u00e9re nem egyes\u00e9vel, de ad\u00f3m\u00e9rt\u00e9k szerinti bont\u00e1sban. Teh\u00e1t amennyiben csak egy \u00e1fakulcs al\u00e1 tartoz\u00f3 term\u00e9ket vagy szolg\u00e1ltat\u00e1st \u00e9rt\u00e9kes\u00edt valaki, az \u00f6sszes\u00edt\u00e9s egyszer\u0171bb lesz, ezzel a bont\u00e1ssal nem kell foglalkozni.<\/p>\n<p>A NAV ugyanakkor m\u00e1r egy m\u00e1sik ir\u00e1nyba tereln\u00e9 azokat is, akik eddig ragaszkodtak a pap\u00edrnyugt\u00e1hoz. Az ad\u00f3hat\u00f3s\u00e1g szerint nekik is \u00e9rdemes kipr\u00f3b\u00e1lniuk a digit\u00e1lis nyugtaad\u00e1st: az ehhez sz\u00fcks\u00e9ges alkalmaz\u00e1s okostelefonon is m\u0171k\u00f6dik, k\u00fcl\u00f6n p\u00e9nzt\u00e1rg\u00e9pre nincs sz\u00fcks\u00e9g, a nyugtaadatokat pedig nem kell ut\u00f3lag, k\u00e9zzel r\u00f6gz\u00edteni. Aki m\u00e9gis marad a pap\u00edrnyugt\u00e1n\u00e1l, annak a NAV a P\u00e9nzt\u00e1rg\u00e9p Port\u00e1lon biztos\u00edt lehet\u0151s\u00e9get az adatok k\u00e9zi r\u00f6gz\u00edt\u00e9s\u00e9re. Ehhez oktat\u00f3vide\u00f3 \u00e9s r\u00e9szletes t\u00e1j\u00e9koztat\u00f3 is k\u00e9sz\u00fclt, m\u00edg a nagyobb forgalm\u00fa v\u00e1llalkoz\u00e1sok g\u00e9pi kapcsolaton kereszt\u00fcl is teljes\u00edthetik az adatszolg\u00e1ltat\u00e1st. A NAV t\u00e1j\u00e9koztat\u00e1sa szerint a k\u00e9zi adatr\u00f6gz\u00edt\u00e9s szeptember 1-j\u00e9n, kedden \u00e9lesedik a port\u00e1lon.<\/p>\n<p>A mostani v\u00e1ltoz\u00e1s val\u00f3j\u00e1ban egy t\u00f6bb mint egy \u00e9vtizede tart\u00f3 folyamat \u00fajabb \u00e1llom\u00e1sa. Min\u00e9l t\u00f6bb adat \u00e9rkezik k\u00f6zvetlen\u00fcl a NAV-hoz a v\u00e1llalkoz\u00e1sok t\u00e9nyleges forgalm\u00e1r\u00f3l, ann\u00e1l k\u00f6nnyebben vetheti \u00f6ssze azokat az ad\u00f3bevall\u00e1sokkal \u00e9s a m\u00e1r rendelkez\u00e9s\u00e9re \u00e1ll\u00f3 egy\u00e9b inform\u00e1ci\u00f3kkal. Ennek k\u00fcl\u00f6n\u00f6sen az \u00e1f\u00e1n\u00e1l van jelent\u0151s\u00e9ge: az eltitkolt forgalom visszaszor\u00edt\u00e1sa k\u00f6zvetlen\u00fcl n\u00f6velheti az \u00e1llam bev\u00e9teleit.<\/p>\n<p>A fordulat 2014-ben, az online p\u00e9nzt\u00e1rg\u00e9pek bevezet\u00e9s\u00e9vel kezd\u0151d\u00f6tt, amely jelent\u0151sen kib\u0151v\u00edtette az ad\u00f3hat\u00f3s\u00e1g ellen\u0151rz\u00e9si lehet\u0151s\u00e9geit. Ezt k\u00f6vette az elektronikus k\u00f6z\u00fati \u00e1ruforgalom-ellen\u0151rz\u0151 rendszer, az EK\u00c1ER, mik\u00f6zben az e-\u00fatd\u00edj r\u00e9v\u00e9n is \u00fajabb gazdas\u00e1gi adatok ker\u00fcltek az \u00e1llam l\u00e1t\u00f3ter\u00e9be. L\u00e9p\u00e9sr\u0151l l\u00e9p\u00e9sre \u00e9p\u00fclt fel teh\u00e1t az a rendszer, amelyben egyre kevesebb gazdas\u00e1gi tranzakci\u00f3 marad kiz\u00e1r\u00f3lag a v\u00e1llalkoz\u00e1sok saj\u00e1t nyilv\u00e1ntart\u00e1saiban.<\/p>\n<p>Ennek p\u00e9nz\u00fcgyi eredm\u00e9nye is m\u00e9rhet\u0151 volt. A <a href=\"https:\/\/telex.hu\/g7\/vallalat\/2026\/08\/19\/gazdasag-feherites-afa-nyugta-adobevetel-nav\" id=\"hyperlink_d799430b7f5b8c4473559e6a8a4820cf\" rel=\"nofollow noopener\" target=\"_blank\">G7<\/a> kor\u00e1bbi sz\u00e1m\u00edt\u00e1sa szerint 2018-ra a gazdas\u00e1g feh\u00e9red\u00e9se mintegy 500 milli\u00e1rd forinttal n\u00f6velte az \u00e1fabev\u00e9teleket ahhoz k\u00e9pest, mintha a 2010-ben m\u00e9rt, 22 sz\u00e1zal\u00e9kos \u00e1far\u00e9s v\u00e1ltozatlan maradt volna.\u00a0Az \u00e1far\u00e9s l\u00e9nyeg\u00e9ben azt mutatja meg, mekkora a k\u00fcl\u00f6nbs\u00e9g az elm\u00e9letileg beszedhet\u0151 \u00e9s a t\u00e9nylegesen befoly\u00f3 \u00e1fa k\u00f6z\u00f6tt. Magyarorsz\u00e1gon ez az ar\u00e1ny a 2010-es \u00e9vek elej\u00e9n m\u00e9g 20 sz\u00e1zal\u00e9k felett j\u00e1rt \u2013 ahogy azt a <a href=\"https:\/\/www.penzcentrum.hu\/vallalkozas\/20260819\/rendkivuli-bejelentes-a-nav-tol-270-ezer-magyart-erint-a-szigoritas-par-nap-es-elesedik-1204170\" id=\"hyperlink_f2b9f6b446105cf6fac1d538b20b4a5e\" rel=\"nofollow noopener\" target=\"_blank\">P\u00e9nzcentrum<\/a> \u00f6sszefoglalta \u2013, a 2020-as \u00e9vekre azonban egy sz\u00e1mjegy\u0171re zsugorodott. Ezzel Magyarorsz\u00e1g az \u00e1fabeszed\u00e9s hat\u00e9konys\u00e1g\u00e1ban az uni\u00f3s \u00e9lmez\u0151nybe ker\u00fclt.<\/p>\n<p>\n                          (Bor\u00edt\u00f3k\u00e9p: A Fogyaszt\u00f3v\u00e9delmi Hat\u00f3s\u00e1g \u00e9s a Nemzeti Ad\u00f3- \u00e9s V\u00e1mhivatal (NAV) k\u00f6z\u00f6s ellen\u0151rz\u00e9se a K\u00f5b\u00e1nyai \u00fati GANZ-M\u00c1VAG piacon 2023. szeptember 22-\u00e9n. Fot\u00f3: Heged\u00fcs R\u00f3bert \/MTI)\n                        <\/p>\n<p><a href=\"https:\/\/dex.hu\/x.php?id=googlepref_desktop&amp;url=https:\/\/google.com\/preferences\/source?q=https:\/\/index.hu\" class=\"google-pref-banner \" id=\"googlePrefBanner\" rel=\"nofollow noopener\" target=\"_blank\"><\/p>\n<p>    Itt \u00e1ll\u00edtsa be, hogy az Index az els\u0151k k\u00f6z\u00f6tt legyen a Google-tal\u00e1latokban!<\/p>\n<p><\/a><\/p>\n<p>    <img decoding=\"async\" src=\"https:\/\/index.hu\/assets\/images\/social-follow\/logo-big.svg\" alt=\"Index.hu logo\"\/><\/p>\n<p>K\u00f6vesse az Indexet Facebookon is!<\/p>\n<p>    <a href=\"https:\/\/facebook.com\/Indexhu\" target=\"_blank\" rel=\"nofollow noopener\"><\/p>\n<p>        K\u00f6vetem!<br \/>\n    <\/a><\/p>\n","protected":false},"excerpt":{"rendered":"Szeptember 1-j\u00e9n l\u00e1tsz\u00f3lag minden ugyan\u00fagy indul a v\u00e1llalkoz\u00e1sokn\u00e1l, mint el\u0151z\u0151 nap, ugyan\u00fagy nyitja ki az \u00fczlet ajtaj\u00e1t, kapcsolja&hellip;\n","protected":false},"author":2,"featured_media":228229,"comment_status":"","ping_status":"","sticky":false,"template":"","format":"standard","meta":{"footnotes":"","_share_on_mastodon":"0"},"categories":[33],"tags":[51255,38,63,35,37,44,42,40,43,41,3765,34,43345,4934,4808,36,39],"class_list":["post-228228","post","type-post","status-publish","format-standard","has-post-thumbnail","category-hirek","tag-adatszolgaltatas","tag-focimek","tag-gazdasag","tag-headlines","tag-hirek","tag-hu","tag-hungarian","tag-hungary","tag-magyar","tag-magyarorszag","tag-nav","tag-news","tag-nyugta","tag-szamla","tag-szamlazas","tag-top-stories","tag-vezeto-hirek"],"share_on_mastodon":{"url":"https:\/\/pubeurope.com\/@hu\/117193979230936847","error":""},"_links":{"self":[{"href":"https:\/\/www.europesays.com\/hu\/wp-json\/wp\/v2\/posts\/228228","targetHints":{"allow":["GET"]}}],"collection":[{"href":"https:\/\/www.europesays.com\/hu\/wp-json\/wp\/v2\/posts"}],"about":[{"href":"https:\/\/www.europesays.com\/hu\/wp-json\/wp\/v2\/types\/post"}],"author":[{"embeddable":true,"href":"https:\/\/www.europesays.com\/hu\/wp-json\/wp\/v2\/users\/2"}],"replies":[{"embeddable":true,"href":"https:\/\/www.europesays.com\/hu\/wp-json\/wp\/v2\/comments?post=228228"}],"version-history":[{"count":0,"href":"https:\/\/www.europesays.com\/hu\/wp-json\/wp\/v2\/posts\/228228\/revisions"}],"wp:featuredmedia":[{"embeddable":true,"href":"https:\/\/www.europesays.com\/hu\/wp-json\/wp\/v2\/media\/228229"}],"wp:attachment":[{"href":"https:\/\/www.europesays.com\/hu\/wp-json\/wp\/v2\/media?parent=228228"}],"wp:term":[{"taxonomy":"category","embeddable":true,"href":"https:\/\/www.europesays.com\/hu\/wp-json\/wp\/v2\/categories?post=228228"},{"taxonomy":"post_tag","embeddable":true,"href":"https:\/\/www.europesays.com\/hu\/wp-json\/wp\/v2\/tags?post=228228"}],"curies":[{"name":"wp","href":"https:\/\/api.w.org\/{rel}","templated":true}]}}