{"id":228250,"date":"2026-09-01T05:18:08","date_gmt":"2026-09-01T05:18:08","guid":{"rendered":"https:\/\/www.europesays.com\/hu\/228250\/"},"modified":"2026-09-01T05:18:08","modified_gmt":"2026-09-01T05:18:08","slug":"magikus-kapcsolat-koti-ossze-pal-denest-es-szecsi-palt","status":"publish","type":"post","link":"https:\/\/www.europesays.com\/hu\/228250\/","title":{"rendered":"M\u00e1gikus kapcsolat k\u00f6ti \u00f6ssze P\u00e1l D\u00e9nest \u00e9s Sz\u00e9csi P\u00e1lt"},"content":{"rendered":"<p>A\u00a0<a href=\"https:\/\/nlc.hu\/szabadido\/20220319\/szecsi-pal-halala-ongyilkossag-telefonhivas\/\" target=\"_blank\" rel=\"noopener nofollow\">tragikusan fiatalon elhunyt Sz\u00e9csi P\u00e1lt<\/a> sokan pr\u00f3b\u00e1lt\u00e1k meg ut\u00e1nozni. Minden el\u0151ad\u00f3 k\u00f6z\u00fcl azonban, aki az\u00f3ta megk\u00eds\u00e9relte megid\u00e9zni a sz\u00ednpadon,\u00a0P\u00e1l D\u00e9nes a leghitelesebb. Vajon t\u00f6bb lehet a v\u00e9letlenn\u00e9l a k\u00e9t \u00e9nekes k\u00f6z\u00f6tti k\u00fcl\u00f6n\u00f6s p\u00e1rhuzam? Az asztrol\u00f3gus szerint nem v\u00e9letlen a sok hasonl\u00f3s\u00e1g Sz\u00e9csi P\u00e1l \u00e9s P\u00e1l D\u00e9nes k\u00f6z\u00f6tt.<\/p>\n<p>A <a href=\"https:\/\/meglepetes.hu\/cimlapsztori\/2026\/09\/01\/szecsi-pal-lelke-pal-denesben-olthetett-ismet-testet\/?tsrc=nlc_cross\" target=\"_blank\" rel=\"noopener noreferrer nofollow\">Meglepet\u00e9s magazinban<\/a> Izing Kl\u00e1ra a horoszk\u00f3pjukat \u00f6sszehasonl\u00edtva kereste a v\u00e1laszt arra, mi \u00e1llhat a k\u00e9t, k\u00fcl\u00f6nb\u00f6z\u0151 korszakban sz\u00fcletett \u00e9nekes \u00e9let\u00fatj\u00e1nak hasonl\u00f3s\u00e1gainak \u00e9s \u00f6sszefon\u00f3d\u00e1s\u00e1nak h\u00e1tter\u00e9ben.<\/p>\n<p>Megd\u00f6bbent\u0151 hasonl\u00f3s\u00e1gok<\/p>\n<p>\u201eMindk\u00e9t szt\u00e1r az \u00e9rz\u00e9keny <a href=\"https:\/\/nlc.hu\/horoszkop\/20060918\/a_halak_erzelmei_es_gondolkodasmodja\/\" target=\"_blank\" rel=\"noopener nofollow\">Halak \u00e1llat\u00f6vi jegyben sz\u00fcletett<\/a>, csak 47 \u00e9v k\u00fcl\u00f6nbs\u00e9ggel. (\u2026)\u00a0Rendk\u00edv\u00fcli hasonl\u00f3s\u00e1g van az \u00e9let\u00fckben, a tehets\u00e9g\u00fckben. Ha ugyanis a k\u00e9t ember sz\u00fclet\u00e9si k\u00e9plet\u00e9t \u00f6sszehasonl\u00edtjuk, akkor azt l\u00e1tjuk, hogy nemcsak a k\u00e9t Nap \u00e1ll szorosan egy\u00fctt, hanem a gondolkod\u00e1sm\u00f3dot jelent\u0151 Merk\u00far, a f\u00e9rfiass\u00e1got \u00e9s a vonzer\u0151t jelent\u0151 Mars, valamint a tehets\u00e9get \u00e9s a sikert jelent\u0151 Jupiter is ugyanabban az \u00e1llat\u00f6vi jegyben foglal helyet\u201d \u2013 magyar\u00e1zza az asztrol\u00f3gus, aki szerint nem a v\u00e9letlen m\u0171ve, hogy P\u00e1l D\u00e9nes szeretettel adja el\u0151 Sz\u00e9csi P\u00e1l sl\u00e1gereit, s\u0151t az el\u0151ad\u00e1sm\u00f3dja is hasonl\u00f3.<\/p>\n<p>\u201eA k\u00e9t horoszk\u00f3p hasonl\u00f3s\u00e1ga miatt elmondhat\u00f3, ha ez a k\u00e9t ember a f\u00f6ldi \u00e9let sor\u00e1n tal\u00e1lkozhatott volna, akkor \u00fagy \u00e9rezhett\u00e9k volna magukat, mintha lelki t\u00e1rsak lenn\u00e9nek\u201d \u2013 v\u00e9li Izing Kl\u00e1ra, aki szerint az is \u00e9rdekes p\u00e1rhuzam, hogy <a href=\"https:\/\/nlc.hu\/sztarok\/20231117\/o-pal-denes-ritkan-latott-felesege-heni\/\" target=\"_blank\" rel=\"noopener nofollow\">mindk\u00e9t \u00e9nekes id\u0151sebb n\u0151t v\u00e1lasztott t\u00e1rs\u00e1ul<\/a>.\u00a0<\/p>\n<p>P\u00e1l D\u00e9nes egykor \u00e9s most:<\/p>\n<p><a id=\"galeria-1\" class=\"m-nextGallery _ce_measure_widget _ce_measure_link\" href=\"https:\/\/nlc.hu\/sztarok\/20260901\/pal-denes-es-szecsi-pal-elete-parhuzamok\/?gallery=1\/1\/central-0203792785.jpg\" data-ce-measure-widget=\"gallery-open\" rel=\"nofollow noopener\" target=\"_blank\"><\/p>\n<p>\t\t<img decoding=\"async\" width=\"3361\" height=\"2558\" src=\"https:\/\/www.europesays.com\/hu\/wp-content\/uploads\/2026\/09\/central-0203792785.jpg\" class=\"m-nextGallery__featureImage wp-image-2178157\" alt=\"\"   loading=\"lazy\"\/>\t<\/p>\n<p><\/a><\/p>\n<p>Sz\u00e9csi P\u00e1l lelke P\u00e1l D\u00e9nesben tal\u00e1lhatott \u00faj \u00e9letre<\/p>\n<p>\u201eAz asztrol\u00f3gia felt\u00e9telezi, hogy van el\u0151z\u0151 \u00e9let, ez\u00e9rt a horoszk\u00f3pok \u00f6sszehasonl\u00edt\u00e1sa alapj\u00e1n elmondhat\u00f3: nem z\u00e1rhat\u00f3 ki, hogy Sz\u00e9csi P\u00e1l lelke P\u00e1l D\u00e9nesben \u00f6lt\u00f6tt ism\u00e9t testet. M\u00e9gpedig az\u00e9rt, hogy a r\u00e9gi \u00e9lete hib\u00e1it tegye j\u00f3v\u00e1, \u00e9s a sors a kor\u00e1bban elszenvedett f\u00e1jdalmak\u00e9rt is most k\u00e1rp\u00f3tolja\u201d \u2013 hangs\u00falyozza a szakember, aki \u00fagy l\u00e1tja, nemcsak a horoszk\u00f3pok azonoss\u00e1ga, hanem a nevek is \u00e9rdekesek. A P\u00e1l n\u00e9vhez ugyanis a bizony\u00edt\u00e1s \u00e9s a megfelel\u00e9s \u00e9letfeladata kapcsol\u00f3dik.<\/p>\n<p>\u201eSz\u00e9csi P\u00e1l tudat alatt az\u00e9rt is t\u00f6rekedett h\u00edres, k\u00f6r\u00fclrajongott \u00e9nekess\u00e9 v\u00e1lni, mert az anyj\u00e1nak akarta ezzel bizony\u00edtani, hogy m\u00e9giscsak \u00bb\u00e9rdemes volt \u0151t a vil\u00e1gra hozni\u00ab. (\u2026) P\u00e1l D\u00e9nesnek viszont a vezet\u00e9kneve ez a n\u00e9pszer\u0171 f\u00e9rfi keresztn\u00e9v. Ez pedig az ezot\u00e9ria szerint azt jelenti, hogy siker\u00fcl a bizony\u00edt\u00e1s, mert D\u00e9nesre nemcsak az \u00e9desanyja, hanem minden hozz\u00e1tartoz\u00f3ja b\u00fcszke lehet\u201d \u2013 mutat r\u00e1 az asztrol\u00f3gus.<\/p>\n<p>B\u0151vebben a Meglepet\u00e9s magazin legfrissebb sz\u00e1m\u00e1ban!<\/p>\n<p><img fetchpriority=\"high\" decoding=\"async\" class=\"img-responsive aligncenter wp-image-2178149 size-full\" src=\"https:\/\/www.europesays.com\/hu\/wp-content\/uploads\/2026\/09\/megl-2026-36.jpg\" alt=\"M\u00e1gikus kapcsolat k\u00f6ti \u00f6ssze P\u00e1l D\u00e9nest \u00e9s Sz\u00e9csi P\u00e1lt\" width=\"482\" height=\"640\"   loading=\"lazy\"\/><\/p>\n<p>Kiemelt fot\u00f3 forr\u00e1sa: (b): Sajt\u00f3szoba \/\/ (j): YouTube<\/p>\n","protected":false},"excerpt":{"rendered":"A\u00a0tragikusan fiatalon elhunyt Sz\u00e9csi P\u00e1lt sokan pr\u00f3b\u00e1lt\u00e1k meg ut\u00e1nozni. Minden el\u0151ad\u00f3 k\u00f6z\u00fcl azonban, aki az\u00f3ta megk\u00eds\u00e9relte megid\u00e9zni a&hellip;\n","protected":false},"author":2,"featured_media":228251,"comment_status":"","ping_status":"","sticky":false,"template":"","format":"standard","meta":{"footnotes":"","_share_on_mastodon":"0"},"categories":[21],"tags":[198,24634,137,199,44,42,40,43,41,15023,30202,138,235],"class_list":["post-228250","post","type-post","status-publish","format-standard","has-post-thumbnail","category-hiressegek","tag-celebrities","tag-cmx","tag-entertainment","tag-hiressegek","tag-hu","tag-hungarian","tag-hungary","tag-magyar","tag-magyarorszag","tag-pal-denes","tag-szecsi-pal","tag-szorakozas","tag-sztarok"],"share_on_mastodon":{"url":"https:\/\/pubeurope.com\/@hu\/117194096892469387","error":""},"_links":{"self":[{"href":"https:\/\/www.europesays.com\/hu\/wp-json\/wp\/v2\/posts\/228250","targetHints":{"allow":["GET"]}}],"collection":[{"href":"https:\/\/www.europesays.com\/hu\/wp-json\/wp\/v2\/posts"}],"about":[{"href":"https:\/\/www.europesays.com\/hu\/wp-json\/wp\/v2\/types\/post"}],"author":[{"embeddable":true,"href":"https:\/\/www.europesays.com\/hu\/wp-json\/wp\/v2\/users\/2"}],"replies":[{"embeddable":true,"href":"https:\/\/www.europesays.com\/hu\/wp-json\/wp\/v2\/comments?post=228250"}],"version-history":[{"count":0,"href":"https:\/\/www.europesays.com\/hu\/wp-json\/wp\/v2\/posts\/228250\/revisions"}],"wp:featuredmedia":[{"embeddable":true,"href":"https:\/\/www.europesays.com\/hu\/wp-json\/wp\/v2\/media\/228251"}],"wp:attachment":[{"href":"https:\/\/www.europesays.com\/hu\/wp-json\/wp\/v2\/media?parent=228250"}],"wp:term":[{"taxonomy":"category","embeddable":true,"href":"https:\/\/www.europesays.com\/hu\/wp-json\/wp\/v2\/categories?post=228250"},{"taxonomy":"post_tag","embeddable":true,"href":"https:\/\/www.europesays.com\/hu\/wp-json\/wp\/v2\/tags?post=228250"}],"curies":[{"name":"wp","href":"https:\/\/api.w.org\/{rel}","templated":true}]}}