{"id":228254,"date":"2026-09-01T05:24:09","date_gmt":"2026-09-01T05:24:09","guid":{"rendered":"https:\/\/www.europesays.com\/hu\/228254\/"},"modified":"2026-09-01T05:24:09","modified_gmt":"2026-09-01T05:24:09","slug":"a-fradi-elleni-0-5-utan-utcat-neveznek-el-salah-rol-a-torokok","status":"publish","type":"post","link":"https:\/\/www.europesays.com\/hu\/228254\/","title":{"rendered":"A Fradi elleni 0-5 ut\u00e1n utc\u00e1t neveznek el Salah-r\u00f3l a t\u00f6r\u00f6k\u00f6k"},"content":{"rendered":"<p>                    <a href=\"https:\/\/news.google.com\/publications\/CAAqJQgKIh9DQklTRVFnTWFnMEtDMk56WVd0bWIyTnBMbWgxS0FBUAE\" target=\"_blank\" class=\"google-news\" rel=\"nofollow noopener\">A legfrissebb h\u00edrek\u00e9rt k\u00f6vess minket a Csakfoci Google News oldal\u00e1n is!<\/a><\/p>\n<p>&#8222;B\u00fcszkes\u00e9ggel t\u00f6lt el benn\u00fcnket, hogy a t\u00f6r\u00f6k futball t\u00f6rt\u00e9net\u00e9nek legnagyobb igazol\u00e1sa a ker\u00fclet\u00fcnkben fog \u00e9lni. A h\u00e9ten meghozand\u00f3 \u00f6nkorm\u00e1nyzati d\u00f6nt\u00e9ssel az utc\u00e1nak, ahol Salah lakni fog, a \u00bbMohamed Salah Caddesi\u00ab nevet adjuk. Mi megtett\u00fck, amit tudtunk, most Salahon a sor&#8221; \u2013 \u00edrta Mustafa B\u0131y\u0131k polg\u00e1rmester.<\/p>\n<p>A Liverpoolb\u00f3l T\u00f6r\u00f6korsz\u00e1gba igazolt Mohamed Salah eddig n\u00e9gy m\u00e9rk\u0151z\u00e9sen l\u00e9pett p\u00e1ly\u00e1ra a Trabzonspor mez\u00e9ben, ezek k\u00f6z\u00fcl kett\u0151n is a Ferencv\u00e1ros ellen szerepelt az Eur\u00f3pa Liga-playoffban. A t\u00f6r\u00f6k csapat a k\u00e9t m\u00e9rk\u0151z\u00e9s alapj\u00e1n <a href=\"https:\/\/www.csakfoci.hu\/kulfoldi-foci\/el-a-fradi-kiutotte-a-trabzonsport-es-fotablara-jutott-ket-piros-lapot-hozott-salah-ek-budapesti-merkozese-video\" rel=\"nofollow noopener\" target=\"_blank\">5-0-s \u00f6sszes\u00edt\u00e9ssel maradt alul a magyar rekordbajnokkal szemben<\/a>, \u00edgy nem jutott be az Eur\u00f3pa Liga f\u0151t\u00e1bl\u00e1j\u00e1ra.<\/p>\n<p lang=\"tr\" dir=\"ltr\">T\u00fcrk futbol tarihinin en b\u00fcy\u00fck transferi olan Mohamed Salah\u2019\u0131n il\u00e7emizde ya\u015fayacak olmas\u0131ndan b\u00fcy\u00fck bir gurur duyduk.<\/p>\n<p>Bu hafta alaca\u011f\u0131m\u0131z meclis karar\u0131yla, Salah\u2019\u0131n oturaca\u011f\u0131 evin soka\u011f\u0131na \u201cMohamed Salah Caddesi\u201d ismini verece\u011fiz.<\/p>\n<p>Biz elimizden geleni yapt\u0131k, s\u0131ra Salah\u2019ta. \ud83d\ude0a <a href=\"https:\/\/t.co\/AHqX6SCmSg\" rel=\"nofollow\">pic.twitter.com\/AHqX6SCmSg<\/a><\/p>\n<p>\u2014 Mustafa B\u0131y\u0131k (@mustafabiyik61) <a href=\"https:\/\/x.com\/mustafabiyik61\/status\/2094033372678918226?ref_src=twsrc%5Etfw\" rel=\"nofollow\">August 30, 2026<\/a><\/p>\n<p>                                    <script async src=\"https:\/\/platform.twitter.com\/widgets.js\" charset=\"utf-8\"><\/script><\/p>\n","protected":false},"excerpt":{"rendered":"A legfrissebb h\u00edrek\u00e9rt k\u00f6vess minket a Csakfoci Google News oldal\u00e1n is! &#8222;B\u00fcszkes\u00e9ggel t\u00f6lt el benn\u00fcnket, hogy a t\u00f6r\u00f6k&hellip;\n","protected":false},"author":2,"featured_media":228255,"comment_status":"","ping_status":"","sticky":false,"template":"","format":"standard","meta":{"footnotes":"","_share_on_mastodon":"0"},"categories":[14],"tags":[980,34521,46,377,500,44,42,40,43,41,17314,45,131,6629],"class_list":["post-228254","post","type-post","status-publish","format-standard","has-post-thumbnail","category-sport","tag-el","tag-el-selejtezok","tag-ferencvaros","tag-fradi","tag-ftc","tag-hu","tag-hungarian","tag-hungary","tag-magyar","tag-magyarorszag","tag-mohamed-salah","tag-sport","tag-sports","tag-trabzonspor"],"share_on_mastodon":{"url":"https:\/\/pubeurope.com\/@hu\/117194120401687490","error":""},"_links":{"self":[{"href":"https:\/\/www.europesays.com\/hu\/wp-json\/wp\/v2\/posts\/228254","targetHints":{"allow":["GET"]}}],"collection":[{"href":"https:\/\/www.europesays.com\/hu\/wp-json\/wp\/v2\/posts"}],"about":[{"href":"https:\/\/www.europesays.com\/hu\/wp-json\/wp\/v2\/types\/post"}],"author":[{"embeddable":true,"href":"https:\/\/www.europesays.com\/hu\/wp-json\/wp\/v2\/users\/2"}],"replies":[{"embeddable":true,"href":"https:\/\/www.europesays.com\/hu\/wp-json\/wp\/v2\/comments?post=228254"}],"version-history":[{"count":0,"href":"https:\/\/www.europesays.com\/hu\/wp-json\/wp\/v2\/posts\/228254\/revisions"}],"wp:featuredmedia":[{"embeddable":true,"href":"https:\/\/www.europesays.com\/hu\/wp-json\/wp\/v2\/media\/228255"}],"wp:attachment":[{"href":"https:\/\/www.europesays.com\/hu\/wp-json\/wp\/v2\/media?parent=228254"}],"wp:term":[{"taxonomy":"category","embeddable":true,"href":"https:\/\/www.europesays.com\/hu\/wp-json\/wp\/v2\/categories?post=228254"},{"taxonomy":"post_tag","embeddable":true,"href":"https:\/\/www.europesays.com\/hu\/wp-json\/wp\/v2\/tags?post=228254"}],"curies":[{"name":"wp","href":"https:\/\/api.w.org\/{rel}","templated":true}]}}