{"id":228281,"date":"2026-09-01T05:51:13","date_gmt":"2026-09-01T05:51:13","guid":{"rendered":"https:\/\/www.europesays.com\/hu\/228281\/"},"modified":"2026-09-01T05:51:13","modified_gmt":"2026-09-01T05:51:13","slug":"dundika-soha-nem-latott-fotokat-posztolt-eskuvojerol-ilyen-meseszep-menyasszony-volt-hazai-sztar","status":"publish","type":"post","link":"https:\/\/www.europesays.com\/hu\/228281\/","title":{"rendered":"Dundika soha nem l\u00e1tott fot\u00f3kat posztolt esk\u00fcv\u0151j\u00e9r\u0151l: ilyen mesesz\u00e9p menyasszony volt &#8211; Hazai szt\u00e1r"},"content":{"rendered":"<p>Majoros Hajnalka, azaz Dundika \u00e9s Majka k\u00f6zel 20 \u00e9ve alkotnak egy p\u00e1rt, a boldog\u00edt\u00f3 igent azonban csak 5 \u00e9vvel ezel\u0151tt mondt\u00e1k ki.<\/p>\n<p>                        Dundika esk\u00fcv\u0151i fot\u00f3i<\/p>\n<p>Majka igaz\u00e1n gy\u00f6ny\u00f6r\u0171 csal\u00e1ddal b\u00fcszk\u00e9lkedhet, hiszen feles\u00e9ge, az egykori playmate a mai napig l\u00e9legzetel\u00e1ll\u00edt\u00f3an d\u00f6g\u00f6s, <a href=\"http:\/\/femina.hu\/hazai_sztar\/majka-dundika-vallomas\/\" id=\"hyperlink_063c316f2d762b5cbe57fde95bcf39ec\" target=\"_blank\" title=\"Dundika \u00edgy sz\u00f3l bele fiai szerelmi \u00fcgyeibe: Majka t\u00e1lalt ki r\u00f3la a t\u00e9v\u00e9ben\" rel=\"nofollow noopener\">k\u00e9t fiuk<\/a> pedig ahogy n\u0151nek, egyre helyesebbek. A rapper \u00e9s Dundika szerelme t\u00f6bb mint <a href=\"http:\/\/femina.hu\/hazai_sztar\/dundika-fekete-miniruha-evfordulo\/\" id=\"hyperlink_14706fc75256c82fc1cca0d73c398e2a\" target=\"_blank\" title=\"Dundika fekete miniben bomb\u00e1z\u00f3 a vide\u00f3ban: Majka ezzel k\u00f6sz\u00f6nt\u00f6tte \u00e9vfordul\u00f3jukon\" rel=\"nofollow noopener\">16 \u00e9vvel ezel\u0151tt kezd\u0151d\u00f6tt<\/a>, a minap pedig az \u00f6t\u00f6dik h\u00e1zass\u00e1gi \u00e9vfordul\u00f3jukat \u00fcnnepelt\u00e9k.<\/p>\n<p>A jeles alkalomb\u00f3l Majoros Hajnalka egy kicsit nosztalgi\u00e1zott a k\u00f6z\u00f6ss\u00e9gi oldal\u00e1n, \u00e9s olyan, az esk\u00fcv\u0151j\u00fck\u00f6n k\u00e9sz\u00fclt felv\u00e9teleket is megmutatott, amelyeket kor\u00e1bban m\u00e9g nem l\u00e1thattak a k\u00f6vet\u0151i.<\/p>\n<p>\u201e5 \u00e9ve ugyanezen a napon. \u00c9s igen, m\u00e9g mindig t\u00e9ged v\u00e1lasztan\u00e1lak, pedig most m\u00e1r pontosan tudom, mit v\u00e1llalok. Te pedig el\u00e9g szerencs\u00e9s vagy ahhoz, hogy ugyanezt elmondhasd r\u00f3lam. Boldog \u00f6t\u00f6diket nek\u00fcnk\u201d \u2013 \u00edrta a bejegyz\u00e9s\u00e9ben a boldog feles\u00e9g, aki a nagy napon csod\u00e1san festett.<\/p>\n<p>Dundika feh\u00e9r, ez\u00fcst csipk\u00e9kkel d\u00edsz\u00edtett menyasszonyi ruh\u00e1t viselt, amely visszafogott dekolt\u00e1zs\u00e1val \u00e9s karcs\u00fa derek\u00e1t hangs\u00falyoz\u00f3 szab\u00e1s\u00e1val is eleg\u00e1ns volt. A k\u00e9pek k\u00f6z\u00f6tt olyan is akad, amelyen m\u00e1r a menyecskeruh\u00e1j\u00e1ban l\u00e1that\u00f3. Nem meglep\u0151 m\u00f3don egy d\u00f6g\u00f6s, v\u00f6r\u00f6s minit v\u00e1lasztott, ami t\u00f6k\u00e9letesen t\u00fckr\u00f6zte a st\u00edlus\u00e1t.<\/p>\n<p>A h\u00e1zasp\u00e1r\u00e9rt az internet n\u00e9pe a mai napig rajong, k\u00f6z\u00f6s bejegyz\u00e9seik pedig rendre nagy sikert aratnak. A mostani posztjuk is t\u00f6bb t\u00edzezer l\u00e1jkot gy\u0171jt\u00f6tt, a kommentszekci\u00f3ban pedig egym\u00e1st \u00e9rik a b\u00f3kok \u00e9s a j\u00f3k\u00edv\u00e1ns\u00e1gok.<\/p>\n<p>B\u00e1r az esk\u00fcv\u0151 \u00f3ta \u201ecsak\u201d \u00f6t \u00e9v telt el, Majka \u00e9s Dundika m\u00e1r t\u00f6bb mint 16 \u00e9ve kitartanak egym\u00e1s mellett j\u00f3ban \u00e9s rosszban. Az elm\u00falt \u00e9vek alapj\u00e1n \u00fagy t\u0171nik, szerelm\u00fck tov\u00e1bbra is szeretetteljes \u00e9s harmonikus, ami miatt sokan a mai napig az egyik kedvenc hazai szt\u00e1rp\u00e1rjukk\u00e9nt tekintenek r\u00e1juk.<\/p>\n<p>                                    <a href=\"https:\/\/femina.hu\/hazai_sztar\/dundika-uzletasszonykent-kezd-dolgozni\/\" title=\"\" rel=\"nofollow noopener\" target=\"_blank\"><br \/>\n                                    <img decoding=\"async\" src=\"https:\/\/www.europesays.com\/hu\/wp-content\/uploads\/2026\/09\/68624565_5065345_2347c0093ef7df164362a9a0954f09eb_wm.jpg\" alt=\"\" title=\"\"\/><br \/>\n                                <\/a><\/p>\n<p>                                Dundika 14 \u00e9ven \u00e1t volt f\u0151\u00e1ll\u00e1s\u00fa anya: Majka feles\u00e9ge most \u00fczletasszonyk\u00e9nt kezd dolgozni<\/p>\n<p class=\"lead\">Majka feles\u00e9ge, Dundika t\u00f6bb\u00e9 m\u00e1r nem f\u0151\u00e1ll\u00e1s\u00fa \u00e9desanya.<\/p>\n<p>                                <a href=\"https:\/\/femina.hu\/hazai_sztar\/dundika-uzletasszonykent-kezd-dolgozni\/\" class=\"btn btn-normal\" rel=\"nofollow noopener\" target=\"_blank\">Elolvasom<\/a><\/p>\n<p>\n                          Cover-fot\u00f3: Trenka Attila\/Profim\u00e9dia\n                        <\/p>\n<p>                                    <img loading=\"lazy\" decoding=\"async\" src=\"https:\/\/www.europesays.com\/hu\/wp-content\/uploads\/2026\/09\/71205163_730833726a9fc8c72f94426b457d00da_wm.jpg\" width=\"200\" height=\"290\" alt=\"\"\/><br \/>\n                            \t    \t\u00dajrakezdeni \u00e9s meg\u00e9rkezni &#8211; Amikor a v\u00e1ltoz\u00e1s nem lez\u00e1r\u00e1s, hanem egy \u00faj kezdet.<\/p>\n<p>Van, amikor mi d\u00f6nt\u00fcnk a v\u00e1ltoz\u00e1s mellett, m\u00e1skor az \u00e9let k\u00e9nyszer\u00edt r\u00e1. Az \u00fajrakezd\u00e9s sosem k\u00f6nny\u0171, m\u00e9gis ezek a fordul\u00f3pontok visznek k\u00f6zelebb ahhoz, akik val\u00f3j\u00e1ban vagyunk.\u00a0 A Femina Klub \u00e9vadnyit\u00f3 estj\u00e9n\u00a0D. T\u00f3th Kriszta\u00a0\u00e9s\u00a0 \u00a0 Pataki \u00c1gi\u00a0szem\u00e9lyes t\u00f6rt\u00e9neteiken kereszt\u00fcl mes\u00e9lnek\u00a0november 16-\u00e1n a MOMkultban\u00a0az \u00fajrakezd\u00e9sekr\u0151l, az \u00f6nismeretr\u0151l, a d\u00f6nt\u00e9sekr\u0151l \u00e9s azokr\u00f3l a fordul\u00f3pontokr\u00f3l, amelyek v\u00e9g\u00fcl k\u00f6zelebb vitt\u00e9k \u0151ket \u00f6nmagukhoz.<\/p>\n<p><a href=\"https:\/\/feminaklub.hu\/\" rel=\"nofollow noopener\" target=\"_blank\">Biztos\u00edtsd be a helyed most!\u00a0<\/a><\/p>\n<p class=\"promocio\">Prom\u00f3ci\u00f3<\/p>\n<p><a href=\"https:\/\/dex.hu\/x.php?id=googlepref_desktop_femina&amp;url=https:\/\/google.com\/preferences\/source?q=https:\/\/femina.hu\/\" class=\"google-pref-banner \" id=\"googlePrefBanner\" rel=\"nofollow noopener\" target=\"_blank\"><\/p>\n<p>        \u00c1ll\u00edtsd be a Google keres\u0151j\u00e9t, hogy a tal\u00e1latok k\u00f6z\u00f6tt biztos ott legyen a Femina!    <\/p>\n<p><\/a><\/p>\n","protected":false},"excerpt":{"rendered":"Majoros Hajnalka, azaz Dundika \u00e9s Majka k\u00f6zel 20 \u00e9ve alkotnak egy p\u00e1rt, a boldog\u00edt\u00f3 igent azonban csak 5&hellip;\n","protected":false},"author":2,"featured_media":228282,"comment_status":"","ping_status":"","sticky":false,"template":"","format":"standard","meta":{"footnotes":"","_share_on_mastodon":"0"},"categories":[16],"tags":[20811,137,20351,8386,206,19103,44,42,40,43,41,2260,138,205],"class_list":["post-228281","post","type-post","status-publish","format-standard","has-post-thumbnail","category-szorakozas","tag-dundika","tag-entertainment","tag-eskuvoi-kepek","tag-eskuvoi-ruha","tag-hazai-sztar","tag-hazassagi-evfordulo","tag-hu","tag-hungarian","tag-hungary","tag-magyar","tag-magyarorszag","tag-majka","tag-szorakozas","tag-sztar"],"share_on_mastodon":{"url":"https:\/\/pubeurope.com\/@hu\/117194226780377312","error":""},"_links":{"self":[{"href":"https:\/\/www.europesays.com\/hu\/wp-json\/wp\/v2\/posts\/228281","targetHints":{"allow":["GET"]}}],"collection":[{"href":"https:\/\/www.europesays.com\/hu\/wp-json\/wp\/v2\/posts"}],"about":[{"href":"https:\/\/www.europesays.com\/hu\/wp-json\/wp\/v2\/types\/post"}],"author":[{"embeddable":true,"href":"https:\/\/www.europesays.com\/hu\/wp-json\/wp\/v2\/users\/2"}],"replies":[{"embeddable":true,"href":"https:\/\/www.europesays.com\/hu\/wp-json\/wp\/v2\/comments?post=228281"}],"version-history":[{"count":0,"href":"https:\/\/www.europesays.com\/hu\/wp-json\/wp\/v2\/posts\/228281\/revisions"}],"wp:featuredmedia":[{"embeddable":true,"href":"https:\/\/www.europesays.com\/hu\/wp-json\/wp\/v2\/media\/228282"}],"wp:attachment":[{"href":"https:\/\/www.europesays.com\/hu\/wp-json\/wp\/v2\/media?parent=228281"}],"wp:term":[{"taxonomy":"category","embeddable":true,"href":"https:\/\/www.europesays.com\/hu\/wp-json\/wp\/v2\/categories?post=228281"},{"taxonomy":"post_tag","embeddable":true,"href":"https:\/\/www.europesays.com\/hu\/wp-json\/wp\/v2\/tags?post=228281"}],"curies":[{"name":"wp","href":"https:\/\/api.w.org\/{rel}","templated":true}]}}