{"id":228289,"date":"2026-09-01T05:57:09","date_gmt":"2026-09-01T05:57:09","guid":{"rendered":"https:\/\/www.europesays.com\/hu\/228289\/"},"modified":"2026-09-01T05:57:09","modified_gmt":"2026-09-01T05:57:09","slug":"lazar-bezarta-vitezy-ujrainditotta-ujra-jar-a-vonat-tiszaujvaros-es-miskolc-kozott","status":"publish","type":"post","link":"https:\/\/www.europesays.com\/hu\/228289\/","title":{"rendered":"L\u00e1z\u00e1r bez\u00e1rta, Vit\u00e9zy \u00fajraind\u00edtotta: \u00fajra j\u00e1r a vonat Tisza\u00fajv\u00e1ros \u00e9s Miskolc k\u00f6z\u00f6tt"},"content":{"rendered":"<p>A t\u00e1rcavezet\u0151 <a target=\"_blank\" href=\"https:\/\/www.facebook.com\/vitezydavid\/posts\/pfbid02vJunY1jPAKzKjRcLkwjASanQcWNWv3SJMgmEDa9685UpZBx2xG65KTy363YSdWLzl\" rel=\"nofollow noopener\">posztj\u00e1ban<\/a> azt \u00edrja, hajnali n\u00e9gy \u00f3rakor ind\u00edtott\u00e1k \u00fajra Borsod-Aba\u00faj-Zempl\u00e9n megye \u00f6t\u00f6dik legnagyobb telep\u00fcl\u00e9s\u00e9r\u0151l a vas\u00fati k\u00f6zleked\u00e9st a megyesz\u00e9khelyre. A vonatokhoz igazodva elindult egy kor\u00e1bban nem l\u00e9tez\u0151, 89-es sz\u00e1mot visel\u0151 \u00faj r\u00e1hord\u00f3 M\u00c1VBusz is Tisza\u00fajv\u00e1rosban. A miniszter t\u00e1j\u00e9koztat\u00e1sa szerint a vas\u00fatvonal \u00fajraindul\u00e1s\u00e1t kedd d\u00e9lut\u00e1n 17 \u00f3rakor \u00fcnneplik meg a helysz\u00ednen.<\/p>\n<p>A kor\u00e1bbi t\u00e1j\u00e9koztat\u00e1s szerint a miskolci vonalon naponta t\u00edz szem\u00e9lyvonat k\u00f6zlekedik majd, a menetid\u0151 33 \u00e9s 38 perc k\u00f6z\u00f6tt alakul, a j\u00e1ratok pedig Ny\u00e9kl\u00e1dh\u00e1z\u00e1n, Hej\u0151kereszt\u00faron \u00e9s Saj\u00f3sz\u00f6geden is meg\u00e1llnak.<\/p>\n<p>Vas\u00fatrombol\u00e1st pr\u00f3b\u00e1l helyrehozni Vit\u00e9zy<\/p>\n<p>A <a target=\"_blank\" href=\"https:\/\/24.hu\/belfold\/2026\/08\/12\/vitezy-david-tiszaujvaros-miskolc-vasutvonal-ujrainditas-szeptember\/\" rel=\"nofollow noopener\">tisza\u00fajv\u00e1rosi vas\u00fatvonal \u00fajranyit\u00e1s\u00e1t<\/a> m\u00e9g augusztus k\u00f6zep\u00e9n jelentette be a miniszter. A Tisza\u00fajv\u00e1ros \u00e9s Miskolc k\u00f6z\u00f6tti villamos\u00edtott szakasz egyike volt annak a t\u00edz vas\u00fati mell\u00e9kvonalnak, amelyeken L\u00e1z\u00e1r J\u00e1nos miniszt\u00e9riuma 2023-ban megsz\u00fcntette a szem\u00e9lysz\u00e1ll\u00edt\u00e1st.<\/p>\n<p>Vit\u00e9zy D\u00e1vid kor\u00e1bbi megnyilv\u00e1nul\u00e1saiban t\u00f6bbsz\u00f6r is vas\u00fatrombol\u00e1snak nevezte az el\u0151dje idej\u00e9n meghozott d\u00f6nt\u00e9seket, amelyeket most igyekszik helyrehozni: augusztus elsej\u00e9vel a Koml\u00f3 \u00e9s Domb\u00f3v\u00e1r k\u00f6z\u00f6tti vonalat is \u00fajraind\u00edtott\u00e1k.<\/p>\n","protected":false},"excerpt":{"rendered":"A t\u00e1rcavezet\u0151 posztj\u00e1ban azt \u00edrja, hajnali n\u00e9gy \u00f3rakor ind\u00edtott\u00e1k \u00fajra Borsod-Aba\u00faj-Zempl\u00e9n megye \u00f6t\u00f6dik legnagyobb telep\u00fcl\u00e9s\u00e9r\u0151l a vas\u00fati k\u00f6zleked\u00e9st&hellip;\n","protected":false},"author":2,"featured_media":228290,"comment_status":"","ping_status":"","sticky":false,"template":"","format":"standard","meta":{"footnotes":"","_share_on_mastodon":"0"},"categories":[6],"tags":[44,42,40,43,41,5164,5540,1435,593],"class_list":["post-228289","post","type-post","status-publish","format-standard","has-post-thumbnail","category-magyarorszag","tag-hu","tag-hungarian","tag-hungary","tag-magyar","tag-magyarorszag","tag-miskolc","tag-tiszaujvaros","tag-vasut","tag-vitezy-david"],"share_on_mastodon":{"url":"https:\/\/pubeurope.com\/@hu\/117194250296742257","error":""},"_links":{"self":[{"href":"https:\/\/www.europesays.com\/hu\/wp-json\/wp\/v2\/posts\/228289","targetHints":{"allow":["GET"]}}],"collection":[{"href":"https:\/\/www.europesays.com\/hu\/wp-json\/wp\/v2\/posts"}],"about":[{"href":"https:\/\/www.europesays.com\/hu\/wp-json\/wp\/v2\/types\/post"}],"author":[{"embeddable":true,"href":"https:\/\/www.europesays.com\/hu\/wp-json\/wp\/v2\/users\/2"}],"replies":[{"embeddable":true,"href":"https:\/\/www.europesays.com\/hu\/wp-json\/wp\/v2\/comments?post=228289"}],"version-history":[{"count":0,"href":"https:\/\/www.europesays.com\/hu\/wp-json\/wp\/v2\/posts\/228289\/revisions"}],"wp:featuredmedia":[{"embeddable":true,"href":"https:\/\/www.europesays.com\/hu\/wp-json\/wp\/v2\/media\/228290"}],"wp:attachment":[{"href":"https:\/\/www.europesays.com\/hu\/wp-json\/wp\/v2\/media?parent=228289"}],"wp:term":[{"taxonomy":"category","embeddable":true,"href":"https:\/\/www.europesays.com\/hu\/wp-json\/wp\/v2\/categories?post=228289"},{"taxonomy":"post_tag","embeddable":true,"href":"https:\/\/www.europesays.com\/hu\/wp-json\/wp\/v2\/tags?post=228289"}],"curies":[{"name":"wp","href":"https:\/\/api.w.org\/{rel}","templated":true}]}}