{"id":228312,"date":"2026-09-01T06:20:15","date_gmt":"2026-09-01T06:20:15","guid":{"rendered":"https:\/\/www.europesays.com\/hu\/228312\/"},"modified":"2026-09-01T06:20:15","modified_gmt":"2026-09-01T06:20:15","slug":"index-futball-futball-1139","status":"publish","type":"post","link":"https:\/\/www.europesays.com\/hu\/228312\/","title":{"rendered":"Index &#8211; Futball &#8211; Futball"},"content":{"rendered":"<p>H\u00e9tf\u0151re k\u00e9t m\u00e9rk\u0151z\u00e9s maradt a La Liga harmadik fordul\u00f3j\u00e1b\u00f3l, \u00e9s term\u00e9szetesen a vil\u00e1g figyelme a Camp Nou stadionra ir\u00e1nyult. Vajon folytat\u00f3dik-e a bajnoki c\u00edmv\u00e9d\u0151 g\u00f3lfesztiv\u00e1lja a madridi kiscsapat, a Rayo Vallecano ellen?<\/p>\n<p>Nos, folytat\u00f3dott.<\/p>\n<p>Igaz, nem \u00fagy kezd\u0151d\u00f6tt a meccs, ahogy azt Hansi Flick, a Barca n\u00e9met edz\u0151je elk\u00e9pzelte: Sergio Camello, a Rayo 25 \u00e9ves centere m\u00e1r a 12. percben pazar g\u00f3lt v\u00e1gott kilenc m\u00e9terr\u0151l a jobb pip\u00e1ba \u00c1lvaro Garc\u00eda visszagur\u00edt\u00e1s\u00e1b\u00f3l (Camello egy\u00e9bk\u00e9nt magyarul annyit tesz, hogy teve).<\/p>\n<p>A hazaiak nem j\u00f6ttek zavarba, \u00e9s Raphinha a 19. percben a 19 \u00e9ves Espart Fontt\u00f3l kapott remek passzt, egy csellel tiszt\u00e1ra j\u00e1tszotta mag\u00e1t, majd a bal als\u00f3ba l\u0151tt, 1\u20131.<\/p>\n<p>A 22. percben m\u00e1r a Barca vezetett: Lamine Yamal a v\u00e9djegy\u00e9nek sz\u00e1m\u00edt\u00f3 ball\u00e1bas teker\u00e9ssel a tizenhatos vonal\u00e1r\u00f3l a jobb fels\u0151 sarokba z\u00fad\u00edtotta a labd\u00e1t, megszerezve els\u0151 g\u00f3lj\u00e1t a bajnoks\u00e1gban. 2\u20131.<\/p>\n<p>Kound\u00e9 lesg\u00f3lj\u00e1t k\u00f6vet\u0151en az 52. percben Lejeune saj\u00e1t h\u00e1l\u00f3j\u00e1ba tal\u00e1lt, ezzel m\u00e1r 3\u20131 volt az \u00e1ll\u00e1s, de a remek Camello sz\u00e9p fejessel 3\u20132-re felhozta a Ray\u00f3t.<\/p>\n<p>Nem sok\u00e1ig volt izgalom a Camp Nouban. A 71. percben Raphinha Gordon nagyszer\u0171 sarkaz\u00e1s\u00e1b\u00f3l bel\u0151tte \u00f6nmaga m\u00e1sodik \u00e9s a Barcelona negyedik g\u00f3lj\u00e1t (4\u20132), majd a 90. percben Yamal be\u00e1ll\u00edtotta az 5\u20132-es v\u00e9geredm\u00e9nyt Adeyemi \u00e1tad\u00e1sa ut\u00e1n.<\/p>\n<p>Remekelt a Bernal, Pedri, Olmo k\u00f6z\u00e9pp\u00e1ly\u00e1s tri\u00f3, Rodri csak csere volt, el\u00f6l pedig Yamal \u00e9s Raphinha egym\u00e1st m\u00falta fel\u00fcl, \u00e9s a friss igazol\u00e1s Anthony Gordon j\u00e1t\u00e9k\u00e1t is nagyon dics\u00e9ri a Marca \u00e9s a Sport is. Vajon hov\u00e1 fogja beilleszteni Flick az Arsenalt\u00f3l \u00e9rkez\u0151 brazil csat\u00e1rt, Gabriel Jesust?!<\/p>\n<p>Lamine Yamalr\u00f3l meg\u00edrta a Marca, hogy \u0151 a legfiatalabb labdar\u00fag\u00f3, aki el\u00e9rte, s\u0151t, t\u00fall\u00e9pte az \u00f6tven g\u00f3lt az \u00f6t nagy topliga valamelyik\u00e9ben. Jelenleg 51-n\u00e9l j\u00e1r, ilyen megoszl\u00e1sban:<\/p>\n<p>                        2023\u20132024: 7 g\u00f3l<br \/>\n                        2024\u20132025: 18 g\u00f3l<br \/>\n                        2025\u20132025: 24 g\u00f3l<br \/>\n                        2026\u20132027: 2 g\u00f3l (eddig)<\/p>\n<p>Mindehhez m\u00e9g annyit, hogy Yamal minden id\u0151k legfiatalabb j\u00e1t\u00e9kosa, aki bemutatkozott \u00e9s g\u00f3lt is r\u00fagott a La Lig\u00e1ban \u00e9s a spanyol v\u00e1logatottban is. Amikor deb\u00fct\u00e1lt a bajnoks\u00e1gban, 15 \u00e9ves, 9 h\u00f3napos \u00e9s 16 napos volt.<\/p>\n<p>                        Labdar\u00fag\u00e1s<\/p>\n<p>\n                          La Liga\n                        <\/p>\n<p>\n                          3. fordul\u00f3\n                        <\/p>\n<p>                        Barcelona\u2013Rayo Vallecano 5\u20132 <\/p>\n<p>G\u00f3lok: Raphinha (19, 71.), Yamal (21., 90.), Lejeune (51., \u00f6ng\u00f3l), ill. Camello (12., 59.)<\/p>\n<p>\n                          Vas\u00e1rnap j\u00e1tszott\u00e1k:\n                        <\/p>\n<p>\n                          Szombaton j\u00e1tszott\u00e1k\n                        <\/p>\n<p>                        Levante\u2013Real Betis 5\u20132<br \/>\n                        Real Sociedad\u2013Espanyol 2\u20131<br \/>\n                        Sevilla\u2013Atl\u00e9tico Madrid 1\u20133<\/p>\n<p>\n                          P\u00e9nteken j\u00e1tszott\u00e1k\n                        <\/p>\n<p>                        Racing Santander\u2013Elche 3\u20132<br \/>\n                        Deportivo Alav\u00e9s\u2013Villarreal 1\u20130<\/p>\n<p>A bajnoks\u00e1s \u00e1ll\u00e1sa:\u00a01. Barcelona 9 pont (12-2), 2. Real Madrid 9 (10-2), 3. Atl\u00e9tico Madrid 7 (7-3)<\/p>\n<p>A g\u00f3ll\u00f6v\u0151lista \u00e1ll\u00e1sa: 1. Raphinha (Barcelona) 5 g\u00f3l\/3 m\u00e9rk\u0151z\u00e9s, 2. Kylian Mbapp\u00e9 (Real Madrid) 4\/3<\/p>\n<p><a href=\"https:\/\/dex.hu\/x.php?id=googlepref_desktop&amp;url=https:\/\/google.com\/preferences\/source?q=https:\/\/index.hu\" class=\"google-pref-banner \" id=\"googlePrefBanner\" rel=\"nofollow noopener\" target=\"_blank\"><\/p>\n<p>    Itt \u00e1ll\u00edtsa be, hogy az Index az els\u0151k k\u00f6z\u00f6tt legyen a Google-tal\u00e1latokban!<\/p>\n<p><\/a><\/p>\n<p>                <a href=\"https:\/\/konyvek.index.hu\/\" target=\"_blank\" rel=\"nofollow noopener\"><br \/>\n                <img decoding=\"async\" src=\"https:\/\/index.hu\/assets\/images\/konyvajanlo\/book_indapress\/book_indapress_logo.svg\" loading=\"lazy\" alt=\"Inda Press Kiad\u00f3\"\/><br \/>\n                <\/a><\/p>\n<p>                <img decoding=\"async\" src=\"https:\/\/www.europesays.com\/hu\/wp-content\/uploads\/2026\/09\/rossi.png\" loading=\"lazy\" alt=\"Rossi\"\/><\/p>\n<p>Ismerd meg a magyar labdar\u00fag\u00e1s h\u0151s\u00e9nek eml\u00e9kezetes pillanatait!<br \/>Folytassa, Mister!<\/p>\n<p>                <a class=\"book_index_btn\" href=\"https:\/\/indexadhu.hit.gemius.pl\/hitredir\/id=nSCbubuYpDWJZLZs0TssLrbt33Lk5kbipuiZrkg89G3.g7\/stparam=uciklwjurk\/fastid=efdamtuhsxcjschvtzobuxredglq\/nc=0\/url=https:\/\/www.indapresskiado.hu\/products\/marco-rossi?_pos=1&amp;_psq=rossi&amp;_ss=e&amp;_v=1.0\" target=\"_blank\" rel=\"nofollow noopener\">MEGVESZEM<\/a><\/p>\n<p>    <img loading=\"lazy\" decoding=\"async\" src=\"https:\/\/www.europesays.com\/hu\/wp-content\/uploads\/2026\/09\/nc=0.gif\" border=\"0\" height=\"0\" width=\"0\"\/><\/p>\n<p>    <img decoding=\"async\" src=\"https:\/\/index.hu\/assets\/images\/social-follow\/logo-big.svg\" alt=\"Index.hu logo\"\/><\/p>\n<p>K\u00f6vesse az Indexet Facebookon is!<\/p>\n<p>    <a href=\"https:\/\/facebook.com\/Indexhu\" target=\"_blank\" rel=\"nofollow noopener\"><\/p>\n<p>        K\u00f6vetem!<br \/>\n    <\/a><\/p>\n","protected":false},"excerpt":{"rendered":"H\u00e9tf\u0151re k\u00e9t m\u00e9rk\u0151z\u00e9s maradt a La Liga harmadik fordul\u00f3j\u00e1b\u00f3l, \u00e9s term\u00e9szetesen a vil\u00e1g figyelme a Camp Nou stadionra&hellip;\n","protected":false},"author":2,"featured_media":228313,"comment_status":"","ping_status":"","sticky":false,"template":"","format":"standard","meta":{"footnotes":"","_share_on_mastodon":"0"},"categories":[14],"tags":[20753,44,42,40,2466,3227,43,41,18596,16470,1772,45,131],"class_list":["post-228312","post","type-post","status-publish","format-standard","has-post-thumbnail","category-sport","tag-camp-nou","tag-hu","tag-hungarian","tag-hungary","tag-la-liga","tag-lamine-yamal","tag-magyar","tag-magyarorszag","tag-raphinha","tag-rayo-vallecano","tag-spanyolorszag","tag-sport","tag-sports"],"share_on_mastodon":{"url":"https:\/\/pubeurope.com\/@hu\/117194342416383900","error":""},"_links":{"self":[{"href":"https:\/\/www.europesays.com\/hu\/wp-json\/wp\/v2\/posts\/228312","targetHints":{"allow":["GET"]}}],"collection":[{"href":"https:\/\/www.europesays.com\/hu\/wp-json\/wp\/v2\/posts"}],"about":[{"href":"https:\/\/www.europesays.com\/hu\/wp-json\/wp\/v2\/types\/post"}],"author":[{"embeddable":true,"href":"https:\/\/www.europesays.com\/hu\/wp-json\/wp\/v2\/users\/2"}],"replies":[{"embeddable":true,"href":"https:\/\/www.europesays.com\/hu\/wp-json\/wp\/v2\/comments?post=228312"}],"version-history":[{"count":0,"href":"https:\/\/www.europesays.com\/hu\/wp-json\/wp\/v2\/posts\/228312\/revisions"}],"wp:featuredmedia":[{"embeddable":true,"href":"https:\/\/www.europesays.com\/hu\/wp-json\/wp\/v2\/media\/228313"}],"wp:attachment":[{"href":"https:\/\/www.europesays.com\/hu\/wp-json\/wp\/v2\/media?parent=228312"}],"wp:term":[{"taxonomy":"category","embeddable":true,"href":"https:\/\/www.europesays.com\/hu\/wp-json\/wp\/v2\/categories?post=228312"},{"taxonomy":"post_tag","embeddable":true,"href":"https:\/\/www.europesays.com\/hu\/wp-json\/wp\/v2\/tags?post=228312"}],"curies":[{"name":"wp","href":"https:\/\/api.w.org\/{rel}","templated":true}]}}