{"id":228338,"date":"2026-09-01T06:40:10","date_gmt":"2026-09-01T06:40:10","guid":{"rendered":"https:\/\/www.europesays.com\/hu\/228338\/"},"modified":"2026-09-01T06:40:10","modified_gmt":"2026-09-01T06:40:10","slug":"index-belfold-lejart-negy-alkotmanybiro-megbizatasa-kedden-polt-peter-tobbe-nem-elnok","status":"publish","type":"post","link":"https:\/\/www.europesays.com\/hu\/228338\/","title":{"rendered":"Index &#8211; Belf\u00f6ld &#8211; Lej\u00e1rt n\u00e9gy alkotm\u00e1nyb\u00edr\u00f3 megb\u00edzat\u00e1sa kedden, Polt P\u00e9ter t\u00f6bb\u00e9 nem eln\u00f6k"},"content":{"rendered":"<p>Lej\u00e1rt az Alkotm\u00e1nyb\u00edr\u00f3s\u00e1g (AB) eln\u00f6k\u00e9nek \u00e9s h\u00e1rom alkotm\u00e1nyb\u00edr\u00f3nak a megb\u00edzat\u00e1sa kedden \u2013 k\u00f6z\u00f6lte az MTI.<\/p>\n<p>A j\u00faliusban elfogadott <a href=\"https:\/\/index.hu\/belfold\/2026\/07\/18\/sulyok-tamas-koztarsasagi-elnok-tavozas-sandor-palota-alaptorveny-modositas-hatarozat\/\" id=\"hyperlink_9431d5a406364c1043ad7e1921bd3f73\" target=\"_blank\" title=\"Kihirdett\u00e9k a Magyar K\u00f6zl\u00f6nyben a 17. Alapt\u00f6rv\u00e9ny-m\u00f3dos\u00edt\u00e1st\" rel=\"nofollow noopener\">17. alapt\u00f6rv\u00e9ny-m\u00f3dos\u00edt\u00e1s<\/a> kimondta, hogy \u201eaz Alkotm\u00e1nyb\u00edr\u00f3s\u00e1g tagj\u00e1nak megb\u00edzat\u00e1sa a hetvenedik \u00e9let\u00e9v\u00e9nek bet\u00f6lt\u00e9s\u00e9vel megsz\u0171nik\u201d, ezt a korhat\u00e1rt \u00e9rte el Polt P\u00e9ter eln\u00f6k, tov\u00e1bb\u00e1 Haszonicsn\u00e9 \u00c1d\u00e1m M\u00e1ria, Juh\u00e1sz Mikl\u00f3s \u00e9s Lomnici Zolt\u00e1n alkotm\u00e1nyb\u00edr\u00f3.<\/p>\n<p>A 17. alapt\u00f6rv\u00e9ny-m\u00f3dos\u00edt\u00e1s \u00e1ll\u00edtotta vissza az alkotm\u00e1nyb\u00edr\u00f3kra vonatkoz\u00f3 eredeti, a rendszerv\u00e1lt\u00e1s idej\u00e9n megalkotott 70 \u00e9ves fels\u0151 korhat\u00e1rt, amelyet 2010 ut\u00e1n elt\u00f6r\u00f6ltek. A m\u00f3dos\u00edt\u00e1s indokl\u00e1sa szerint az alapt\u00f6rv\u00e9ny \u201enem maradhat v\u00e1ltozatlan addig, am\u00edg az \u00faj Alkotm\u00e1ny elfogad\u00e1s\u00e1ra nem ker\u00fcl sor. [\u2026] A jog\u00e1llami helyre\u00e1ll\u00edt\u00e1s jegy\u00e9ben a m\u00f3dos\u00edt\u00e1soknak ez a k\u00f6re s\u00fcrget\u0151\u201d.<\/p>\n<p>Az indokl\u00e1s kit\u00e9rt arra is: \u201eAz Alkotm\u00e1nyb\u00edr\u00f3s\u00e1g l\u00e9trej\u00f6tt\u00e9t\u0151l 2013-ig az alkotm\u00e1nyb\u00edr\u00f3kra ir\u00e1nyad\u00f3 fels\u0151 korhat\u00e1r 70 \u00e9v volt. Ezt a rendszerv\u00e1lt\u00e1s idej\u00e9n elfogadott, 24 \u00e9vig ir\u00e1nyad\u00f3 szab\u00e1lyt az akkori alkotm\u00e1nyos t\u00f6bbs\u00e9g 2013-ban elt\u00f6r\u00f6lte a hivatalban l\u00e9v\u0151 alkotm\u00e1nyb\u00edr\u00f3kra is kiterjed\u0151 hat\u00e1llyal. A m\u00f3dos\u00edt\u00e1s rejtett indoka az volt, hogy t\u00f6bb egyoldal\u00faan jel\u00f6lt \u00e9s megv\u00e1lasztott alkotm\u00e1nyb\u00edr\u00f3nak az akkor hat\u00e1lyos szab\u00e1lyok szerint 12 \u00e9ves mand\u00e1tuma \u2013 annak kit\u00f6lt\u00e9se el\u0151tt \u2013 \u00e9letkor\u00e1n\u00e1l fogva megsz\u0171nt volna. Az Alkotm\u00e1nyb\u00edr\u00f3s\u00e1got \u00e9rint\u0151 m\u00f3dos\u00edt\u00e1s c\u00e9lja az Alkotm\u00e1nyb\u00edr\u00f3s\u00e1g f\u00fcggetlens\u00e9g\u00e9nek helyre\u00e1ll\u00edt\u00e1sa annak \u00e9rdek\u00e9ben, hogy t\u00e9nyleges kontrollt tudjon gyakorolni az \u00e1llam alkotm\u00e1nyos m\u0171k\u00f6d\u00e9se felett. A v\u00e1lasztott int\u00e9zked\u00e9s a jog\u00e1llami helyre\u00e1ll\u00edt\u00e1s c\u00e9lj\u00e1t k\u00f6veti, ez\u00e9rt sz\u00fcks\u00e9ges \u00e9s a c\u00e9lhoz m\u00e9rten ar\u00e1nyos int\u00e9zked\u00e9s.\u201d<\/p>\n<p>A Fidesz\u2013KDNP az Alkotm\u00e1nyb\u00edr\u00f3s\u00e1gon is megt\u00e1madta a 17. alapt\u00f6rv\u00e9ny-m\u00f3dos\u00edt\u00e1s t\u00f6bb pontj\u00e1t, k\u00f6zt\u00fck az alkotm\u00e1nyb\u00edr\u00f3k 70 \u00e9ves korhat\u00e1r\u00e1t, \u00e1m a test\u00fclet els\u0151sorban hat\u00e1sk\u00f6r hi\u00e1ny\u00e1ra hivatkozva <a href=\"https:\/\/index.hu\/belfold\/2026\/08\/17\/alkotmanybirosag-fidesz-inditvany-elutasitas-sulyok-tamas-polt-peter\/\" id=\"hyperlink_1019110d2a5b337af98649df4503ab5b\" target=\"_blank\" title=\"Nem fek\u00fcdt keresztbe az Alkotm\u00e1nyb\u00edr\u00f3s\u00e1g a Tisza-korm\u00e1ny vitatott int\u00e9zked\u00e9sei el\u0151tt\" rel=\"nofollow noopener\">\u00e9rdemi vizsg\u00e1lat n\u00e9lk\u00fcl visszautas\u00edtotta az ind\u00edtv\u00e1nyt<\/a>.<\/p>\n<p>                        M\u00e1sf\u00e9l \u00e9v ut\u00e1n t\u00e1vozik Polt P\u00e9ter<\/p>\n<p>Polt P\u00e9ter 1955-ben sz\u00fcletett, <a href=\"https:\/\/index.hu\/belfold\/2025\/05\/20\/orszaggyules-parlament-alkotmanybirosag-polt-peter-hende-csaba\/\" id=\"hyperlink_eab892102689d6ba5ee41ff58b5662a2\" target=\"_blank\" title=\"D\u00f6nt\u00f6tt a parlament, Polt P\u00e9terb\u0151l alkotm\u00e1nyb\u00edr\u00f3 lesz, \u00faj legf\u0151bb \u00fcgy\u00e9szt v\u00e1lasztanak\" rel=\"nofollow noopener\">az Orsz\u00e1ggy\u0171l\u00e9s 2025-ben v\u00e1lasztotta meg<\/a> alkotm\u00e1nyb\u00edr\u00f3nak, majd az Alkotm\u00e1nyb\u00edr\u00f3s\u00e1g eln\u00f6k\u00e9nek. Polt P\u00e9ter az ELTE jogi kar\u00e1n v\u00e9gzett 1980-ban, 1995-t\u0151l \u00f6t \u00e9ven \u00e1t az \u00e1llampolg\u00e1ri jogok orsz\u00e1ggy\u0171l\u00e9si biztos\u00e1nak \u00e1ltal\u00e1nos helyettese volt, majd legf\u0151bb \u00fcgy\u00e9sz 2000-t\u0151l 2006-ig \u00e9s 2010-t\u0151l 2025-ig.<\/p>\n<p>Polt mellett Haszonicsn\u00e9 \u00c1d\u00e1m M\u00e1ria, Juh\u00e1sz Mikl\u00f3s, Lomnici Zolt\u00e1n, valamint Hende Csaba mand\u00e1tuma j\u00e1r le.<\/p>\n<p>A t\u00f6rv\u00e9ny szerint hatvan napon bel\u00fcl kell \u00faj alkotm\u00e1nyb\u00edr\u00f3t v\u00e1lasztania az Orsz\u00e1ggy\u0171l\u00e9snek a t\u00e1voz\u00f3k hely\u00e9re. Az Alkotm\u00e1nyb\u00edr\u00f3s\u00e1g teljes \u00fcl\u00e9se akkor hat\u00e1rozatk\u00e9pes, ha azon legal\u00e1bb a hivatalban l\u00e9v\u0151 tagok k\u00e9tharmada, k\u00f6zt\u00fck az eln\u00f6k, akad\u00e1lyoztat\u00e1sa eset\u00e9n az eln\u00f6khelyettes vagy az eln\u00f6k \u00e1ltal kijel\u00f6lt tag jelen van.<\/p>\n<p>Egy alkotm\u00e1nyb\u00edr\u00f3, Hende Csaba \u2013 kor\u00e1bbi MDF-es, majd fideszes k\u00e9pvisel\u0151, honv\u00e9delmi miniszter \u2013 m\u00e1r j\u00faliusban t\u00e1vozott a 15 tag\u00fa test\u00fcletb\u0151l, a 17. alapt\u00f6rv\u00e9ny-m\u00f3dos\u00edt\u00e1s \u00e9s az alkotm\u00e1nyb\u00edr\u00f3s\u00e1gi t\u00f6rv\u00e9ny szab\u00e1lyainak k\u00f6vetkezt\u00e9ben. Ugyanis az Alkotm\u00e1nyb\u00edr\u00f3s\u00e1gr\u00f3l sz\u00f3l\u00f3 t\u00f6rv\u00e9ny kimondja, hogy megsz\u0171nik az alkotm\u00e1nyb\u00edr\u00f3 megb\u00edzat\u00e1sa, ha m\u00e1r nem v\u00e1laszthat\u00f3 orsz\u00e1ggy\u0171l\u00e9si k\u00e9pvisel\u0151v\u00e9. A 17. alapt\u00f6rv\u00e9ny-m\u00f3dos\u00edt\u00e1s egyik rendelkez\u00e9se szerint pedig orsz\u00e1ggy\u0171l\u00e9si k\u00e9pvisel\u0151-v\u00e1laszt\u00e1son nem v\u00e1laszthat\u00f3, aki \u00f6sszesen legal\u00e1bb tizenk\u00e9t \u00e9vig volt parlamenti k\u00e9pvisel\u0151, vagy legal\u00e1bb h\u00e1rom v\u00e1laszt\u00e1son szerzett orsz\u00e1ggy\u0171l\u00e9si mand\u00e1tumot, Hende Csaba pedig 2002 \u00e9s 2025 k\u00f6z\u00f6tt orsz\u00e1ggy\u0171l\u00e9si k\u00e9pvisel\u0151 volt. A k\u00e9t szab\u00e1ly egy\u00fcttes hat\u00e1sa miatt \u00e9rt v\u00e9get m\u00e1r j\u00faliusban Hende Csaba alkotm\u00e1nyb\u00edr\u00f3i megb\u00edzat\u00e1sa, akinek hely\u00e9re Sonnevend P\u00e1lt, az ELTE \u00c1llam- \u00e9s Jogtudom\u00e1nyi Kar\u00e1nak tansz\u00e9kvezet\u0151 egyetemi tan\u00e1r\u00e1t, kor\u00e1bbi d\u00e9k\u00e1nj\u00e1t v\u00e1lasztotta alkotm\u00e1nyb\u00edr\u00f3nak az Orsz\u00e1ggy\u0171l\u00e9s.<\/p>\n<p>Novemberben j\u00e1r le Czine \u00c1gnes alkotm\u00e1nyb\u00edr\u00f3 12 \u00e9ves megb\u00edzat\u00e1sa. Czine \u00c1gnes szeptember 1-j\u00e9t\u0151l az Alkotm\u00e1nyb\u00edr\u00f3s\u00e1g eln\u00f6khelyettese, e tiszts\u00e9gre k\u00e9t hete v\u00e1lasztotta meg a test\u00fclet.<\/p>\n<p>\n                          (Bor\u00edt\u00f3k\u00e9p: Polt P\u00e9ter\u00a02025. m\u00e1jus 22-\u00e9n. Fot\u00f3:\u00a0Papajcsik P\u00e9ter \/ Index)\u00a0\n                        <\/p>\n<p><a href=\"https:\/\/dex.hu\/x.php?id=googlepref_desktop&amp;url=https:\/\/google.com\/preferences\/source?q=https:\/\/index.hu\" class=\"google-pref-banner \" id=\"googlePrefBanner\" rel=\"nofollow noopener\" target=\"_blank\"><\/p>\n<p>    Itt \u00e1ll\u00edtsa be, hogy az Index az els\u0151k k\u00f6z\u00f6tt legyen a Google-tal\u00e1latokban!<\/p>\n<p><\/a><\/p>\n<p>    <img decoding=\"async\" src=\"https:\/\/index.hu\/assets\/images\/social-follow\/logo-big.svg\" alt=\"Index.hu logo\"\/><\/p>\n<p>K\u00f6vesse az Indexet Facebookon is!<\/p>\n<p>    <a href=\"https:\/\/facebook.com\/Indexhu\" target=\"_blank\" rel=\"nofollow noopener\"><\/p>\n<p>        K\u00f6vetem!<br \/>\n    <\/a><\/p>\n","protected":false},"excerpt":{"rendered":"Lej\u00e1rt az Alkotm\u00e1nyb\u00edr\u00f3s\u00e1g (AB) eln\u00f6k\u00e9nek \u00e9s h\u00e1rom alkotm\u00e1nyb\u00edr\u00f3nak a megb\u00edzat\u00e1sa kedden \u2013 k\u00f6z\u00f6lte az MTI. A j\u00faliusban elfogadott&hellip;\n","protected":false},"author":2,"featured_media":228339,"comment_status":"","ping_status":"","sticky":false,"template":"","format":"standard","meta":{"footnotes":"","_share_on_mastodon":"0"},"categories":[33],"tags":[17079,4731,80,2270,38,35,37,44,42,40,43,41,34,25563,17280,36,39],"class_list":["post-228338","post","type-post","status-publish","format-standard","has-post-thumbnail","category-hirek","tag-alaptorveny-modositas","tag-alkotmanybirosag","tag-belfold","tag-elnok","tag-focimek","tag-headlines","tag-hirek","tag-hu","tag-hungarian","tag-hungary","tag-magyar","tag-magyarorszag","tag-news","tag-polt-peter","tag-tavozas","tag-top-stories","tag-vezeto-hirek"],"share_on_mastodon":{"url":"https:\/\/pubeurope.com\/@hu\/117194419666490134","error":""},"_links":{"self":[{"href":"https:\/\/www.europesays.com\/hu\/wp-json\/wp\/v2\/posts\/228338","targetHints":{"allow":["GET"]}}],"collection":[{"href":"https:\/\/www.europesays.com\/hu\/wp-json\/wp\/v2\/posts"}],"about":[{"href":"https:\/\/www.europesays.com\/hu\/wp-json\/wp\/v2\/types\/post"}],"author":[{"embeddable":true,"href":"https:\/\/www.europesays.com\/hu\/wp-json\/wp\/v2\/users\/2"}],"replies":[{"embeddable":true,"href":"https:\/\/www.europesays.com\/hu\/wp-json\/wp\/v2\/comments?post=228338"}],"version-history":[{"count":0,"href":"https:\/\/www.europesays.com\/hu\/wp-json\/wp\/v2\/posts\/228338\/revisions"}],"wp:featuredmedia":[{"embeddable":true,"href":"https:\/\/www.europesays.com\/hu\/wp-json\/wp\/v2\/media\/228339"}],"wp:attachment":[{"href":"https:\/\/www.europesays.com\/hu\/wp-json\/wp\/v2\/media?parent=228338"}],"wp:term":[{"taxonomy":"category","embeddable":true,"href":"https:\/\/www.europesays.com\/hu\/wp-json\/wp\/v2\/categories?post=228338"},{"taxonomy":"post_tag","embeddable":true,"href":"https:\/\/www.europesays.com\/hu\/wp-json\/wp\/v2\/tags?post=228338"}],"curies":[{"name":"wp","href":"https:\/\/api.w.org\/{rel}","templated":true}]}}