{"id":228346,"date":"2026-09-01T06:49:14","date_gmt":"2026-09-01T06:49:14","guid":{"rendered":"https:\/\/www.europesays.com\/hu\/228346\/"},"modified":"2026-09-01T06:49:14","modified_gmt":"2026-09-01T06:49:14","slug":"mediafuture-marcomm-a-google-megmutatja-ha-ai-keszitette-a-reklamot-de-mi-a-celja-ezzel","status":"publish","type":"post","link":"https:\/\/www.europesays.com\/hu\/228346\/","title":{"rendered":"MediaFuture &#8211; MarComm &#8211; A Google megmutatja, ha AI k\u00e9sz\u00edtette a rekl\u00e1mot \u2013 de mi a c\u00e9lja ezzel?"},"content":{"rendered":"<p>\n    Az \u00faj rendszer t\u00f6bbr\u0151l sz\u00f3l az uni\u00f3s szab\u00e1lyok k\u00f6vet\u00e9s\u00e9n\u00e9l, \u00e9s hosszabb t\u00e1von kider\u00fcl majd, hogyan v\u00e1ltozik a rekl\u00e1mokba vetett fogyaszt\u00f3i bizalom az AI kor\u00e1ban.<\/p>\n<p>A Google 2026. j\u00falius 9-\u00e9n jelentette be, hogy <a href=\"https:\/\/blog.google\/products\/ads-commerce\/google-ads-ai-transparency-labels\/\" id=\"hyperlink_17901c3df938102ec4836bed01704714\" rel=\"nofollow noopener\" target=\"_blank\">jel\u00f6l\u00e9st vezet be a hirdet\u00e9sein\u00e9l,<\/a> amelyb\u0151l a felhaszn\u00e1l\u00f3k megtudhatj\u00e1k, haszn\u00e1ltak-e mesters\u00e9ges intelligenci\u00e1t rekl\u00e1m elk\u00e9sz\u00edt\u00e9s\u00e9ben vagy m\u00f3dos\u00edt\u00e1s\u00e1ban. A rendszer a Search-ben, a YouTube-ban \u00e9s a Discover-ben\u00a0megjelen\u0151 hirdet\u00e9sekn\u00e9l l\u00e9p \u00e9letbe.<\/p>\n<p>                        Mi\u00e9rt \u00e9rdekli a Google-t ennyire a t\u00e9ma?<\/p>\n<p>A h\u00e1tt\u00e9rben nem puszt\u00e1n az uni\u00f3s szab\u00e1lyoz\u00e1snak val\u00f3 megfelel\u00e9s \u00e1ll. A Google maga is agressz\u00edven terjeszti az AI-t a rekl\u00e1mk\u00e9sz\u00edt\u00e9sben. 2025-ben h\u00e1romszoros\u00e1ra n\u0151tt a hirdet\u0151k \u00e1ltal a Gemini seg\u00edts\u00e9g\u00e9vel l\u00e9trehozott kreat\u00edvok sz\u00e1ma. 2025 utols\u00f3 negyed\u00e9v\u00e9re k\u00f6zel <a href=\"https:\/\/blog.google\/products\/ads-commerce\/digital-advertising-commerce-2026\/\" id=\"hyperlink_e653e5edee692904a9cdc86a12a31123\" rel=\"nofollow noopener\" target=\"_blank\">70 milli\u00f3 kreat\u00edv <\/a>k\u00e9sz\u00fclt \u00edgy az AI Max \u00e9s a Performance Max rendszerekben.<\/p>\n<p>Itt j\u00f6n a probl\u00e9ma. Ha a hirdet\u00e9sek egyre nagyobb r\u00e9sz\u00e9t az AI k\u00e9sz\u00edti, a felhaszn\u00e1l\u00f3 egyre kev\u00e9sb\u00e9 tudja, mit l\u00e1t pontosan. A Google hangs\u00falyozza: az \u00faj \u201eHow this ad was made\u201d funkci\u00f3val az emberek jobban meg\u00e9rthetik, milyen szerepet j\u00e1tszott az AI az \u00e1ltaluk l\u00e1tott rekl\u00e1m elk\u00e9sz\u00edt\u00e9s\u00e9ben.<\/p>\n<p>A c\u00e9g ezt a bizalom k\u00e9rd\u00e9s\u00e9vel k\u00f6ti \u00f6ssze.<\/p>\n<p>Szerint\u00fck a felhaszn\u00e1l\u00f3knak <a href=\"https:\/\/blog.google\/products\/ads-commerce\/google-ads-ai-transparency-labels\/\" id=\"hyperlink_17901c3df938102ec4836bed01704714\" rel=\"nofollow noopener\" target=\"_blank\">t\u00f6bb inform\u00e1ci\u00f3ra van sz\u00fcks\u00e9g\u00fck<\/a> ahhoz, hogy megalapozottan \u00edt\u00e9lj\u00e9k meg a digit\u00e1lis tartalmakat.<\/p>\n<p>Vagyis<\/p>\n<p>a Google gyors\u00edtja az AI rekl\u00e1mipari terjed\u00e9s\u00e9t, egyben l\u00e1that\u00f3bb\u00e1 teszi, amikor az AI a rekl\u00e1mon \u00fcgyk\u00f6d\u00f6tt.<\/p>\n<p><a href=\"https:\/\/www.iab.com\/insights\/the-ai-gap-widens\/\" id=\"hyperlink_d188cf1ff3a62338fdffd8f567f38fc2\" rel=\"nofollow noopener\" target=\"_blank\">Az IAB 2026-os kutat\u00e1sa<\/a> szerint a rekl\u00e1mipari vezet\u0151k 83 sz\u00e1zal\u00e9k\u00e1nak v\u00e1llalata haszn\u00e1l AI-t a kreat\u00edv folyamatban, szemben a 2024-es 60 sz\u00e1zal\u00e9kkal. Vide\u00f3s rekl\u00e1mok eset\u00e9ben a hirdet\u0151k 86 sz\u00e1zal\u00e9ka haszn\u00e1lja vagy tervezi haszn\u00e1lni a generat\u00edv AI-t.<\/p>\n<p>                        Tudj meg mindent a mesters\u00e9ges intelligenci\u00e1r\u00f3l!<\/p>\n<p>2026. szeptember 7\u20138-\u00e1n negyedik alkalommal rendezik meg az AI Summit Budapestet, K\u00f6z\u00e9p-Eur\u00f3pa egyik legnagyobb mesters\u00e9ges intelligencia konferenci\u00e1j\u00e1t.<\/p>\n<p>2 nap, 3 helysz\u00edn, 10 sz\u00ednpad 300+ el\u0151ad\u00f3 \u00e9s t\u00f6bb ezer l\u00e1togat\u00f3!<\/p>\n<p>                        <img decoding=\"async\" src=\"https:\/\/www.europesays.com\/hu\/wp-content\/uploads\/2026\/09\/70955897_5036cb1fcb476664086f3a8cdcd718b4_wm.jpg\" border=\"0\" alt=\"AI widget 728x400\" style=\"line-height: 1.5; outline: rgba(0, 0, 0, 0) none 0px;\"\/><\/p>\n<p>Jegyv\u00e1s\u00e1rl\u00e1s \u00e9s tov\u00e1bbi inform\u00e1ci\u00f3k: <a href=\"https:\/\/www.aisummit.hu\/hu?utm_source=mediafuture&amp;utm_medium=cikk15&amp;utm_campaign=aisummit&amp;utm_term=augusztus#tickets\" id=\"hyperlink_e2afe563522defd86c04709c983885af\" rel=\"nofollow noopener\" target=\"_blank\">aisummit.hu<\/a><\/p>\n<p>                        T\u00f6bbr\u0151l van sz\u00f3, mint az uni\u00f3s szab\u00e1lyoz\u00e1s k\u00f6vet\u00e9s\u00e9r\u0151l<\/p>\n<p><a href=\"http:\/\/mediafuture.hu\/marcomm\/2026\/06\/19\/ai-szereplok-jelolese-reklamokban\/\" id=\"hyperlink_5e85659e92ce15b371ded38f22e4bc62\" target=\"_blank\" title=\"K\u00f6telez\u0151 lehet a rekl\u00e1mokban az AI-szerepl\u0151k jel\u00f6l\u00e9se \u2013 \u00faj korszak j\u00f6het a hirdet\u00e9sekben\" rel=\"nofollow noopener\">Az EU AI Actj\u00e9nek<\/a> 50. cikk\u00e9hez kapcsol\u00f3d\u00f3 \u00e1tl\u00e1that\u00f3s\u00e1gi szab\u00e1lyokat 2026. augusztus 2-t\u0151l alkalmazz\u00e1k. <a href=\"https:\/\/digital-strategy.ec.europa.eu\/en\/policies\/guidelines-ai-transparency-obligations\" id=\"hyperlink_e11fe98b404bea72007a3c6d0778b833\" rel=\"nofollow noopener\" target=\"_blank\">A szab\u00e1lyoz\u00e1s c\u00e9lja,<\/a> hogy egyes, az AI \u00e1ltal l\u00e9trehozott vagy m\u00f3dos\u00edtott tartalmak felismerhet\u0151k legyenek. A deepfake-eket \u00e9s bizonyos k\u00f6z\u00e9rdek\u0171 t\u00e9m\u00e1kr\u00f3l sz\u00f3l\u00f3 AI-sz\u00f6vegeket is meg kell jel\u00f6lni.<\/p>\n<p>Az AI Act teh\u00e1t jogi k\u00f6telezetts\u00e9geket hat\u00e1roz meg, nem \u00e1ltal\u00e1nos <a href=\"http:\/\/mediafuture.hu\/ainews\/2026\/02\/07\/ai-reklam-brand-fogyaszto\/\" id=\"hyperlink_2c00e7e5c062ce1bc31ce22e74d04431\" target=\"_blank\" title=\"A fogyaszt\u00f3k nem k\u00e9rnek az AI\u2011rekl\u00e1mokb\u00f3l \u2013 \u00e9s ezt a m\u00e1rk\u00e1k is kezdik meg\u00e9rteni\" rel=\"nofollow noopener\">\u201eAI-val k\u00e9sz\u00fclt rekl\u00e1m\u201d\u00a0<\/a>c\u00edmk\u00e9t \u00edr el\u0151 a hirdet\u00e9sekre.<\/p>\n<p>A Google ezzel szemben a saj\u00e1t hirdet\u00e9si rendszer\u00e9ben k\u00fcl\u00f6n inform\u00e1ci\u00f3t ad arr\u00f3l, hogy az adott rekl\u00e1mot AI seg\u00edts\u00e9g\u00e9vel k\u00e9sz\u00edtett\u00e9k vagy m\u00f3dos\u00edtott\u00e1k.<\/p>\n<p>A k\u00fcl\u00f6nbs\u00e9g pontokba szedve:<\/p>\n<p>                        Az AI Act jogszab\u00e1ly, amely bizonyos AI-tartalmak jel\u00f6l\u00e9s\u00e9t \u00edrja el\u0151.<br \/>\n                        A Google platformszint\u0171 rendszert \u00e9p\u00edt, amely a hirdet\u00e9s k\u00e9sz\u00edt\u00e9s\u00e9ben j\u00e1tszott AI-szerepr\u0151l ad inform\u00e1ci\u00f3t.<br \/>\n                        A Google saj\u00e1t AI-eszk\u00f6zeinek haszn\u00e1lat\u00e1t automatikusan jel\u00f6li.<br \/>\n                        K\u00fcls\u0151 AI-eszk\u00f6z\u00f6k eset\u00e9ben a hirdet\u0151nek kell nyilatkoznia.<br \/>\n                        A Google rendszere nem azonos az AI Acttel, s\u0151t, arra adott gyakorlati platformv\u00e1lasz.<\/p>\n<p>                        A fogyaszt\u00f3k \u00e9s a szakma v\u00e9lem\u00e9nye elt\u00e9r<\/p>\n<p>Az IAB kutat\u00e1sa szerint a 16-43 \u00e9ves amerikai fogyaszt\u00f3k 71 sz\u00e1zal\u00e9ka gondolja \u00fagy, hogy l\u00e1tott m\u00e1r AI-jal k\u00e9sz\u00edtett rekl\u00e1mot, m\u00edg 2024-ben 54 sz\u00e1zal\u00e9kuk mondta ezt. A kutat\u00e1s 505 fogyaszt\u00f3 \u00e9s 104 rekl\u00e1mipari vezet\u0151 megk\u00e9rdez\u00e9s\u00e9n alapult.<\/p>\n<p>\n                          A rekl\u00e1mszakma \u00e9s a fogyaszt\u00f3k v\u00e9lem\u00e9nye egyre jobban elt\u00e9r egym\u00e1st\u00f3l:\n                        <\/p>\n<p>                        A rekl\u00e1mipari vezet\u0151k 82 sz\u00e1zal\u00e9ka szerint a Z gener\u00e1ci\u00f3 \u00e9s a millenniumi gener\u00e1ci\u00f3 tagjai pozit\u00edvan viszonyulnak az AI-rekl\u00e1mokhoz, \u00e1m a fogyaszt\u00f3knak t\u00e9nylegesen csak 45 sz\u00e1zal\u00e9ka gondolja \u00edgy. A k\u00fcl\u00f6nbs\u00e9g 37 sz\u00e1zal\u00e9kpont, ez 2024-ben 32 pont volt.<br \/>\n                        A Z gener\u00e1ci\u00f3 39 sz\u00e1zal\u00e9ka negat\u00edvan viszonyul az AI-val k\u00e9sz\u00edtett rekl\u00e1mokhoz, a millenniumiakn\u00e1l ez 20 sz\u00e1zal\u00e9k.<br \/>\n                        A fogyaszt\u00f3k 20 sz\u00e1zal\u00e9ka manipulat\u00edvnak, 16 sz\u00e1zal\u00e9ka etik\u00e1tlannak tartja az AI-t rekl\u00e1mk\u00e9sz\u00edt\u00e9sre haszn\u00e1l\u00f3 m\u00e1rk\u00e1kat, itt a vezet\u0151kn\u00e9l 10 \u00e9s 7 sz\u00e1zal\u00e9kr\u00f3l besz\u00e9lhet\u00fcnk.<\/p>\n<p>                        A jel\u00f6l\u00e9s seg\u00edthet is<\/p>\n<p>A t\u00f6bbs\u00e9g tudni szeretn\u00e9, <a href=\"https:\/\/index.hu\/techtud\/2026\/08\/25\/open-ai-chat-gpt-hirdetesek-reklam-ai-summit-ai-mesterseges-intelligencia\/\" id=\"hyperlink_3ce69e806baf2a3a20b4b30289062d26\" rel=\"nofollow noopener\" target=\"_blank\" title=\"Minden megv\u00e1ltozik a ChatGPT-n\u00e9l, ez a magyar felhaszn\u00e1l\u00f3kat is \u00e9rinti\">ha egy rekl\u00e1m<\/a> 100 sz\u00e1zal\u00e9kban AI-val k\u00e9sz\u00fclt, <a href=\"http:\/\/femina.hu\/terasz\/ai-generalt-kepek-felismerese\/\" id=\"hyperlink_1b30d7a1d98a17a1718941f3538139c9\" rel=\"nofollow noopener\" target=\"_blank\" title=\"5 tipp, hogy tudod felismerni az AI-gener\u00e1lt k\u00e9peket - D\u00f6bbenetesek a hasonl\u00f3s\u00e1gok\">AI-vide\u00f3t vagy AI-k\u00e9peket haszn\u00e1l.<\/a> A v\u00e1laszad\u00f3k 35 sz\u00e1zal\u00e9ka m\u00e9g a digit\u00e1lisan m\u00f3dos\u00edtott k\u00e9pek \u00e9s vide\u00f3k jel\u00f6l\u00e9s\u00e9t is fontosnak tartja. Az AI haszn\u00e1lat\u00e1nak felt\u00fcntet\u00e9se m\u00e9gsem rontja felt\u00e9tlen\u00fcl a rekl\u00e1m hat\u00e1s\u00e1t.<\/p>\n<p>Ha a Z gener\u00e1ci\u00f3 \u00e9s a millenniumi fogyaszt\u00f3k 73 sz\u00e1zal\u00e9ka tudn\u00e1 egy rekl\u00e1mr\u00f3l, hogy AI seg\u00edts\u00e9g\u00e9vel k\u00e9sz\u00fclt, az n\u00f6veln\u00e9 vagy nem v\u00e1ltoztatn\u00e1 meg a v\u00e1s\u00e1rl\u00e1si hajland\u00f3s\u00e1gukat<\/p>\n<p>\u2013 der\u00fclt ki.<\/p>\n<p>\u00c9rdekess\u00e9g, hogy 89 sz\u00e1zal\u00e9knyi hirdet\u0151 jelzi olykor az AI haszn\u00e1lat\u00e1t, de kevesebb mint a fel\u00fck teszi ezt minden esetben.<\/p>\n<p>                        Nem az AI a probl\u00e9ma, hanem a sum\u00e1kol\u00e1s<\/p>\n<p>\u00d6sszess\u00e9g\u00e9ben \u00fagy t\u0171nik, az AI haszn\u00e1lata nem tesz egy rekl\u00e1mot hiteltelenn\u00e9. M\u00e1s a helyzet, ha az AI seg\u00edt kreat\u00edv v\u00e1ltozatokat elk\u00e9sz\u00edteni, \u00e9s megint m\u00e1s, ha nem l\u00e9tez\u0151 szem\u00e9lyt, helysz\u00ednt mutatnak be val\u00f3s\u00e1gosnak t\u0171n\u0151 form\u00e1ban. Az IAB szerint<\/p>\n<p>a m\u00e1rk\u00e1knak nem csak az AI gyorsas\u00e1g\u00e1ra \u00e9s a k\u00f6lts\u00e9gcs\u00f6kkent\u00e9sre\u00a0kellene \u00e9p\u00edteni\u00fck a folyamatok \u00e1tszervez\u00e9s\u00e9ben, hanem a min\u0151s\u00e9gre \u00e9s a k\u00f6vetkezetes t\u00e1j\u00e9koztat\u00e1sra is.<\/p>\n<p>A rendszer nem az AI Act v\u00e9grehajt\u00e1sa a Google r\u00e9sz\u00e9r\u0151l. N\u00e1luk az AI haszn\u00e1lata <a href=\"http:\/\/mediafuture.hu\/content\/2026\/08\/15\/megerkezett-a-chatgpt-reklamok-elso-vizsgalata\/\" id=\"hyperlink_82a0f315dfbf3e237c78be3c937ca1ef\" target=\"_blank\" title=\"Itt a ChatGPT-rekl\u00e1mok els\u0151 vizsg\u00e1lata: meddig tart az \u00e1rtatans\u00e1g kora?\" data-recommendation=\"bekezdes_utan\" data-recommendation-preview=\"{&quot;og:title&quot;:&quot;Itt a ChatGPT-rekl\u00e1mok els\\u0151 vizsg\u00e1lata: meddig tart az \u00e1rtatans\u00e1g kora?&quot;,&quot;og:description&quot;:&quot;A besz\u00e9lget\\u0151 AI eset\u00e9ben a felhaszn\u00e1l\u00f3 nem rekl\u00e1mfel\u00fcletnek \u00e9rz\u00e9keli a rendszert, \u00edgy a kereskedelmi aj\u00e1nl\u00e1s szem\u00e9lyes javaslatnak t\\u0171nhet.&quot;,&quot;og:image&quot;:&quot;\\\/\\\/kep.cdn.indexvas.hu\\\/1\\\/0\\\/7096\\\/70967\\\/709675\\\/70967589_5234095_6a14e1dd8c9a392984ef60f1dd10c08e_wm.jpg&quot;}\" data-recommendation-id=\"6261941\" rel=\"nofollow noopener\">a rekl\u00e1mr\u00f3l sz\u00f3l\u00f3 inform\u00e1ci\u00f3v\u00e1<\/a> v\u00e1lik. A k\u00f6vetkez\u0151 k\u00e9rd\u00e9s az, hogy a fogyaszt\u00f3k a hiteless\u00e9g jel\u00e9nek, vagy riaszt\u00f3 figyelmeztet\u00e9snek fogj\u00e1k fel az \u00faj jelz\u00e9seket.<\/p>\n<p><a href=\"https:\/\/dex.hu\/x.php?id=googlepref_desktop_mediafuture&amp;url=https:\/\/google.com\/preferences\/source?q=https:\/\/mediafuture.hu\/\" class=\"google-pref-banner \" id=\"googlePrefBanner\" rel=\"nofollow noopener\" target=\"_blank\"><\/p>\n<p>        \u00c1ll\u00edtsd be a Google keres\u0151j\u00e9t, hogy a tal\u00e1latok k\u00f6z\u00f6tt biztos ott legyen a MediaFuture!    <\/p>\n<p><\/a><\/p>\n","protected":false},"excerpt":{"rendered":"Az \u00faj rendszer t\u00f6bbr\u0151l sz\u00f3l az uni\u00f3s szab\u00e1lyok k\u00f6vet\u00e9s\u00e9n\u00e9l, \u00e9s hosszabb t\u00e1von kider\u00fcl majd, hogyan v\u00e1ltozik a rekl\u00e1mokba&hellip;\n","protected":false},"author":2,"featured_media":228347,"comment_status":"","ping_status":"","sticky":false,"template":"","format":"standard","meta":{"footnotes":"","_share_on_mastodon":"0"},"categories":[12],"tags":[282,35068,35419,1489,44,42,40,43,41,833,1366,121,120,125,122,124,123],"class_list":["post-228346","post","type-post","status-publish","format-standard","has-post-thumbnail","category-tudomany-es-technologia","tag-ai","tag-ai-summit","tag-ai-summit-2026","tag-google","tag-hu","tag-hungarian","tag-hungary","tag-magyar","tag-magyarorszag","tag-marcomm","tag-reklam","tag-science","tag-science-technology","tag-technologia","tag-technology","tag-tudomany","tag-tudomany-es-technologia"],"share_on_mastodon":{"url":"https:\/\/pubeurope.com\/@hu\/117194455007277984","error":""},"_links":{"self":[{"href":"https:\/\/www.europesays.com\/hu\/wp-json\/wp\/v2\/posts\/228346","targetHints":{"allow":["GET"]}}],"collection":[{"href":"https:\/\/www.europesays.com\/hu\/wp-json\/wp\/v2\/posts"}],"about":[{"href":"https:\/\/www.europesays.com\/hu\/wp-json\/wp\/v2\/types\/post"}],"author":[{"embeddable":true,"href":"https:\/\/www.europesays.com\/hu\/wp-json\/wp\/v2\/users\/2"}],"replies":[{"embeddable":true,"href":"https:\/\/www.europesays.com\/hu\/wp-json\/wp\/v2\/comments?post=228346"}],"version-history":[{"count":0,"href":"https:\/\/www.europesays.com\/hu\/wp-json\/wp\/v2\/posts\/228346\/revisions"}],"wp:featuredmedia":[{"embeddable":true,"href":"https:\/\/www.europesays.com\/hu\/wp-json\/wp\/v2\/media\/228347"}],"wp:attachment":[{"href":"https:\/\/www.europesays.com\/hu\/wp-json\/wp\/v2\/media?parent=228346"}],"wp:term":[{"taxonomy":"category","embeddable":true,"href":"https:\/\/www.europesays.com\/hu\/wp-json\/wp\/v2\/categories?post=228346"},{"taxonomy":"post_tag","embeddable":true,"href":"https:\/\/www.europesays.com\/hu\/wp-json\/wp\/v2\/tags?post=228346"}],"curies":[{"name":"wp","href":"https:\/\/api.w.org\/{rel}","templated":true}]}}