{"id":228356,"date":"2026-09-01T06:56:09","date_gmt":"2026-09-01T06:56:09","guid":{"rendered":"https:\/\/www.europesays.com\/hu\/228356\/"},"modified":"2026-09-01T06:56:09","modified_gmt":"2026-09-01T06:56:09","slug":"retro-radio-dolly-partont-penteken-kisertek-utolso-utjara","status":"publish","type":"post","link":"https:\/\/www.europesays.com\/hu\/228356\/","title":{"rendered":"Retro R\u00e1di\u00f3 | Dolly Partont p\u00e9nteken k\u00eds\u00e9rt\u00e9k utols\u00f3 \u00fatj\u00e1ra"},"content":{"rendered":"<p class=\"isSelectedEnd\">Dolly Parton unokah\u00faga, Lainy Mae Parton meger\u0151s\u00edtette, hogy a countryzene legend\u00e1j\u00e1nak sz\u0171k k\u00f6r\u0171 temet\u00e9s\u00e9t h\u00e1rom nappal a hal\u00e1la ut\u00e1n, m\u00falt p\u00e9nteken\u00a0 tartott\u00e1k Nashville-ben \u2013 \u00edrja a Music News.<\/p>\n<p>                    \t<img decoding=\"async\" src=\"https:\/\/www.europesays.com\/hu\/wp-content\/uploads\/2026\/09\/Dolly_Parton_GettyImages.jpg\"\/><\/p>\n<p class=\"isSelectedEnd\">Lainy egy nappal k\u00e9s\u0151bb, az Instagramon k\u00f6zz\u00e9tett \u00e9rzelmes bejegyz\u00e9sben \u00e1rulta el, hogy nagyn\u00e9nje sz\u0171k k\u00f6r\u0171 temet\u00e9s\u00e9re augusztus 28-\u00e1n ker\u00fclt sor, mind\u00f6ssze h\u00e1rom nappal az \u00e9nekesn\u0151 hal\u00e1la ut\u00e1n. Dolly Parton augusztus 25-\u00e9n, 80 \u00e9ves kor\u00e1ban hunyt el, miut\u00e1n \u201er\u00f6vid ideig k\u00fczd\u00f6tt a r\u00e1kkal\u201d.<\/p>\n<p class=\"isSelectedEnd\">\u201eNagyon neh\u00e9z sz\u00e1momra meg\u00edrni ezt a bejegyz\u00e9st\u201d \u2013 \u00edrta Lainy Mae Parton, \u00e9s t\u00f6bb olyan f\u00e9nyk\u00e9pet is megosztott, amelyeken Parton csal\u00e1dtagjai k\u00f6r\u00e9ben l\u00e1that\u00f3.<\/p>\n<p class=\"isSelectedEnd\">\u201eMeg akartam v\u00e1rni, am\u00edg eltemetik a nagyn\u00e9n\u00e9met, miel\u0151tt megpr\u00f3b\u00e1lom szavakba \u00f6nteni mindezt\u201d \u2013 tette hozz\u00e1 a country kir\u00e1lyn\u0151j\u00e9nek unokah\u00faga.<\/p>\n<p class=\"isSelectedEnd\">Lainy ezut\u00e1n szeretettel eml\u00e9kezett meg Dollyr\u00f3l, akit unokah\u00fagai \u00e9s unoka\u00f6ccsei csak \u201enagyn\u00e9ni nagyinak\u201d sz\u00f3l\u00edtottak.<\/p>\n<p class=\"isSelectedEnd\">\u201eMindig megtal\u00e1lta a m\u00f3dj\u00e1t annak, hogy teljes \u00e9rt\u00e9k\u0171nek \u00e9rezzem magam. Soha nem hagyta, hogy azt gondoljam, az \u00e1lmaim t\u00fal nagyok, vagy hogy k\u00e9ptelen lenn\u00e9k valamire. M\u00e1r akkor hitt bennem, amikor \u00e9n m\u00e9g azt sem tudtam, hogyan higgyek saj\u00e1t magamban\u201d \u2013 \u00edrta.<\/p>\n<p class=\"isSelectedEnd\">\u201eA legt\u00f6bb ember legal\u00e1bb egy rossz eml\u00e9ket fel tud id\u00e9zni minden egyes csal\u00e1dtagj\u00e1r\u00f3l\u201d \u2013 folytatta. \u201e\u0150szint\u00e9n sz\u00f3lva, egyetlen ilyet sem tudok felid\u00e9zni vele kapcsolatban.\u201d<\/p>\n<p class=\"isSelectedEnd\">\u201eM\u00e9g mindig nem tudom elhinni, hogy nincs t\u00f6bb\u00e9. Hi\u00e1nyozni fog a hangja, a nevet\u00e9se, az \u00f6lel\u00e9sei, \u00e9s egyszer\u0171en az a tudat, hogy ott van\u201d \u2013 fogalmazott Lainy Mae Parton.<\/p>\n<p class=\"isSelectedEnd\">A New York Post t\u00e1rsas\u00e1gi h\u00edrekkel foglalkoz\u00f3 rovata, a Page Six p\u00e9nteken arr\u00f3l sz\u00e1molt be, hogy Dolly Parton hozz\u00e1tartoz\u00f3i \u00f6sszegy\u0171ltek a nashville-i temet\u0151ben, a Woodlawn Memorial Park and Mausoleumban, ahol Dolly Partont f\u00e9rje, Carl Thomas Dean mell\u00e9 temett\u00e9k. Dean 2025 m\u00e1rcius\u00e1ban, 82 \u00e9ves kor\u00e1ban hunyt el. A h\u00e1zasp\u00e1r k\u00f6zel hat \u00e9vtizeden \u00e1t \u00e9lt boldog h\u00e1zass\u00e1gban.<\/p>\n<p>A Page Six Lainy Mae Partont is id\u00e9zte, aki szerint mivel nagyn\u00e9nj\u00e9nek nem lehettek saj\u00e1t gyermekei, mindig \u00fagy b\u00e1nt az \u00f6sszes unokah\u00fag\u00e1val \u00e9s unoka\u00f6ccs\u00e9vel, mintha \u201ea saj\u00e1tjai\u201d lenn\u00e9nek.<\/p>\n<p>Fot\u00f3: Theo Wargo\/Getty Images<\/p>\n","protected":false},"excerpt":{"rendered":"Dolly Parton unokah\u00faga, Lainy Mae Parton meger\u0151s\u00edtette, hogy a countryzene legend\u00e1j\u00e1nak sz\u0171k k\u00f6r\u0171 temet\u00e9s\u00e9t h\u00e1rom nappal a hal\u00e1la&hellip;\n","protected":false},"author":2,"featured_media":228357,"comment_status":"","ping_status":"","sticky":false,"template":"","format":"standard","meta":{"footnotes":"","_share_on_mastodon":"0"},"categories":[21],"tags":[5735,5736,5737,5738,198,5740,137,5742,199,44,42,40,43,41,189,5739,840,5733,5734,2379,5741,138],"class_list":["post-228356","post","type-post","status-publish","format-standard","has-post-thumbnail","category-hiressegek","tag-60-as","tag-70-es","tag-80-as","tag-90-es","tag-celebrities","tag-dalok","tag-entertainment","tag-fm","tag-hiressegek","tag-hu","tag-hungarian","tag-hungary","tag-magyar","tag-magyarorszag","tag-radio","tag-regi","tag-retro","tag-retro-radio","tag-retroradio","tag-slager","tag-slagerek","tag-szorakozas"],"share_on_mastodon":{"url":"https:\/\/pubeurope.com\/@hu\/117194482582143399","error":""},"_links":{"self":[{"href":"https:\/\/www.europesays.com\/hu\/wp-json\/wp\/v2\/posts\/228356","targetHints":{"allow":["GET"]}}],"collection":[{"href":"https:\/\/www.europesays.com\/hu\/wp-json\/wp\/v2\/posts"}],"about":[{"href":"https:\/\/www.europesays.com\/hu\/wp-json\/wp\/v2\/types\/post"}],"author":[{"embeddable":true,"href":"https:\/\/www.europesays.com\/hu\/wp-json\/wp\/v2\/users\/2"}],"replies":[{"embeddable":true,"href":"https:\/\/www.europesays.com\/hu\/wp-json\/wp\/v2\/comments?post=228356"}],"version-history":[{"count":0,"href":"https:\/\/www.europesays.com\/hu\/wp-json\/wp\/v2\/posts\/228356\/revisions"}],"wp:featuredmedia":[{"embeddable":true,"href":"https:\/\/www.europesays.com\/hu\/wp-json\/wp\/v2\/media\/228357"}],"wp:attachment":[{"href":"https:\/\/www.europesays.com\/hu\/wp-json\/wp\/v2\/media?parent=228356"}],"wp:term":[{"taxonomy":"category","embeddable":true,"href":"https:\/\/www.europesays.com\/hu\/wp-json\/wp\/v2\/categories?post=228356"},{"taxonomy":"post_tag","embeddable":true,"href":"https:\/\/www.europesays.com\/hu\/wp-json\/wp\/v2\/tags?post=228356"}],"curies":[{"name":"wp","href":"https:\/\/api.w.org\/{rel}","templated":true}]}}