{"id":228404,"date":"2026-09-01T08:04:17","date_gmt":"2026-09-01T08:04:17","guid":{"rendered":"https:\/\/www.europesays.com\/hu\/228404\/"},"modified":"2026-09-01T08:04:17","modified_gmt":"2026-09-01T08:04:17","slug":"12-szinesz-akikre-kepviselokent-is-lehetett-szavazni","status":"publish","type":"post","link":"https:\/\/www.europesays.com\/hu\/228404\/","title":{"rendered":"12 sz\u00edn\u00e9sz, akikre k\u00e9pvisel\u0151k\u00e9nt is lehetett szavazni"},"content":{"rendered":"<p>\t\t\t\t\t\t\t\t\t\tB\u00e1nffy Gy\u00f6rgy<br \/>\n<img fetchpriority=\"high\" decoding=\"async\" class=\"img-responsive size-large wp-image-2177918\" src=\"https:\/\/www.europesays.com\/hu\/wp-content\/uploads\/2026\/09\/fortepan-124986-1024x664.jpg\" alt=\"B\u00e1nffy Gy\u00f6rgy 1990-ben.\" width=\"1024\" height=\"664\"   loading=\"lazy\"\/><\/p>\n<p class=\"wp-caption-text\">Az Orsz\u00e1ggy\u0171l\u00e9s \u00fcl\u00e9se 1990-ben. A felsz\u00f3lal\u00f3 B\u00e1nffy Gy\u00f6rgy. (Forr\u00e1s: Urb\u00e1n Tam\u00e1s\/Fortepan)<\/p>\n<p>A 2010-ben, 83 \u00e9vesen elhunyt Kossuth-d\u00edjas sz\u00edn\u00e9szre a legsz\u00e9lesebb k\u00f6z\u00f6ns\u00e9g kiv\u00e9teles mesemond\u00f3i k\u00e9pess\u00e9ge, \u00edzes, sz\u00e9p kiejt\u00e9se miatt \u00e9s a<a href=\"https:\/\/nlc.hu\/sztarok\/20260321\/kviz-retro-linda-filmsorozat\/\" target=\"_blank\" rel=\"noopener nofollow\"> Linda<\/a> c\u00edm\u0171 kultsorozat \u00e1lland\u00f3an doh\u00e1nyz\u00f3 rend\u0151rs\u00e9gi orvosszak\u00e9rt\u0151jek\u00e9nt eml\u00e9kszik. \u0150 m\u00e1r az 1985-\u00f6s \u00e1llamszocialista Orsz\u00e1ggy\u0171l\u00e9sben is k\u00e9pvisel\u0151i szerepet v\u00e1llalt (K\u00e1llai Ferenchez hasonl\u00f3an, aki a rendszerv\u00e1lt\u00e1s ut\u00e1n nem indult), v\u00e9gigk\u00f6vette (\u00e9s seg\u00edtette) a reformellenz\u00e9k parlamenti mozg\u00e1sait. A t\u00f6bbp\u00e1rtrendszer kialakul\u00e1sakor bel\u00e9pett az MDF-be, majd az els\u0151 szabad v\u00e1laszt\u00e1s ut\u00e1n 1990. m\u00e1jus 2-t\u0151l az MDF k\u00e9pvisel\u0151jek\u00e9nt munk\u00e1lkodott: a parlament kultur\u00e1lis-etikai tev\u00e9kenys\u00e9g\u00e9ben vett r\u00e9szt, felsz\u00f3lal\u00e1sainak nagy r\u00e9sz\u00e9ben a nyelv \u00e9s a kult\u00fara \u00fcgyeit k\u00e9pviselte. Politikusi szerepv\u00e1llal\u00e1sa sor\u00e1n igen akt\u00edv volt, rendszeres r\u00e9sztvev\u0151k\u00e9nt szerepelt nagy nyilv\u00e1noss\u00e1got kapott k\u00f6z\u00e9leti vit\u00e1kban. Az 1994-es ciklusv\u00e1lt\u00e1ssal mand\u00e1tuma megsz\u0171nt, t\u00e9nyszer\u0171 inform\u00e1ci\u00f3t nem nagyon tal\u00e1lni arr\u00f3l, hogy mi\u00e9rt nem maradt k\u00e9pvisel\u0151.<\/p>\n<p>Darvas Iv\u00e1n<br \/>\n<img decoding=\"async\" class=\"img-responsive size-large wp-image-2177920\" src=\"https:\/\/www.europesays.com\/hu\/wp-content\/uploads\/2026\/09\/darvasfortepan-961x1024.jpeg\" alt=\"Darvas Iv\u00e1n a Parlamentben.\" width=\"961\" height=\"1024\"   loading=\"lazy\"\/><\/p>\n<p class=\"wp-caption-text\">Orsz\u00e1gh\u00e1z, 1990. K\u00f6z\u00e9pen Darvas Iv\u00e1n, m\u00f6g\u00f6tte M\u00f3zes Mih\u00e1ly, Faludy Gy\u00f6rgy \u00e9s ifj. Rajk L\u00e1szl\u00f3, el\u0151tte Iv\u00e1nyi G\u00e1bor. (Forr\u00e1s: Erdei Katalin\/Fortepan)<\/p>\n<p>A magyar sz\u00ednh\u00e1z -\u00e9s filmt\u00f6rt\u00e9net egyik <a href=\"https:\/\/nlc.hu\/sztarok\/20260101\/darvas-ivan-2025-100-ev-galeria\/\" target=\"_blank\" rel=\"noopener nofollow\">legn\u00e9pszer\u0171bb \u00e9s legnagyszer\u0171bb<\/a> sz\u00edn\u00e9sz\u00e9nek szakmai p\u00e1lyafut\u00e1s\u00e1t meghat\u00e1rozta dr\u00e1mai mag\u00e1n\u00e9lete: 1956-os szerepv\u00e1llal\u00e1sa \u00e9s k\u00fcl\u00f6nb\u00f6z\u0151 fordulatok miatt b\u00f6rt\u00f6nbe ker\u00fclt, de szabadul\u00e1sa ut\u00e1n is \u00e9vekbe telt, mire visszaker\u00fclhetett arra a sz\u00edn\u00e9szi szintre, ahova rabos\u00edt\u00e1s\u00e1t megel\u0151z\u0151en m\u0171v\u00e9szi eredm\u00e9nyei ok\u00e1n tartozott.<\/p>\n<p>K\u00e9pvisel\u0151i szerepv\u00e1llal\u00e1sa ez\u00e9rt is er\u0151sen kapcsol\u00f3dott 1956 nyilv\u00e1nos rehabilit\u00e1ci\u00f3j\u00e1hoz, az egyetemes szabads\u00e1gjogokhoz \u00e9s az \u00faj demokratikus rend megszil\u00e1rd\u00edt\u00e1s\u00e1hoz.<\/p>\n<p>Mand\u00e1tum\u00e1t kit\u00f6lt\u00f6tte, azt\u00e1n nem indult t\u00f6bb\u00e9, ism\u00e9t teljesen a sz\u00edn\u00e9szi munka fel\u00e9 fordult, de <a href=\"https:\/\/www.facebook.com\/watch\/?v=1716963315855443\" target=\"_blank\" rel=\"noopener noreferrer nofollow\">parlamenti sz\u0171zbesz\u00e9de<\/a> p\u00e9ld\u00e1ul fennmaradt \u00e9s kv\u00e1zi k\u00f6zkinccs\u00e9 v\u00e1lt \u2013 szellemes \u00e9s kifejezetten m\u00e9ly tartalm\u00fa felsz\u00f3lal\u00e1s\u00e1ban minden benne volt, ami miatt minden bizonnyal volt \u00e9rtelme ezt a kiv\u00e9teles m\u0171v\u00e9szt a Parlament padsoraiba juttatnia a v\u00e1laszt\u00f3knak.<\/p>\n<p>Fodor Tam\u00e1s<br \/>\n<img loading=\"lazy\" decoding=\"async\" class=\"img-responsive size-large wp-image-2177921\" src=\"https:\/\/www.europesays.com\/hu\/wp-content\/uploads\/2026\/09\/fodortamas-683x1024.jpg\" alt=\"Fodor Tam\u00e1s 2018-ban.\" width=\"683\" height=\"1024\"  \/><\/p>\n<p class=\"wp-caption-text\">2018. Fodor Tam\u00e1s az \u00d6regember szerep\u00e9ben Eugene Ionesco A sz\u00e9kek c\u00edm\u0171 tragikus tr\u00e9f\u00e1j\u00e1nak fot\u00f3spr\u00f3b\u00e1j\u00e1n, a Pesti Magyar Sz\u00ednh\u00e1z Sinkovits Imre Sz\u00ednpad\u00e1n. (Forr\u00e1s: M\u00e1t\u00e9 Attila\/Nemzeti Arch\u00edvum\/F\u00f3kuszban Magyarorsz\u00e1g Program)<\/p>\n<p>A n\u00e9h\u00e1ny nap m\u00falva 84 esztend\u0151s sz\u00edn\u00e9sz-rendez\u0151 az SZDSZ J\u00e1sz-Nagykun-Szolnok megye ter\u00fcleti list\u00e1j\u00e1r\u00f3l ker\u00fclt be az Orsz\u00e1ggy\u0171l\u00e9sbe 1990-ben. Bel\u00e9p\u00e9sekor lemondott a szolnoki Szigligeti Sz\u00ednh\u00e1z f\u0151rendez\u0151i posztj\u00e1r\u00f3l, viszont direktork\u00e9nt tov\u00e1bb dolgozott. Fodor az Irodalmi Sz\u00ednpad egyik kulcsfigur\u00e1ja volt, valamint \u0151 a St\u00fadi\u00f3 K Sz\u00ednh\u00e1z igazgat\u00f3ja \u2013 sz\u00edn\u00e9szi remekl\u00e9sei mellett szinkronrendez\u0151k\u00e9nt is elismert, legend\u00e1s alkot\u00f3.<\/p>\n<p>Fodort saj\u00e1t visszaeml\u00e9kez\u00e9se szerint a szolnoki SZDSZ-esekhez szem\u00e9lyes \u00e9s praktikus kapcsolat f\u0171zte, majd Haraszti Mikl\u00f3s vetette fel, hogy a k\u00f6rzetnek jel\u00f6ltre lenne sz\u00fcks\u00e9ge. Alternat\u00edv sz\u00ednh\u00e1zi m\u00faltja m\u00e1r kor\u00e1bban is a pluralizmus \u00e9s a rendszerkritika k\u00f6zel\u00e9be vitte, k\u00e9pvisel\u0151i munk\u00e1ja sor\u00e1n a kultur\u00e1lis bizotts\u00e1gban dolgozott, 1991-t\u0151l aleln\u00f6ki feladatot is ell\u00e1tott. A parlamenti tapasztalatot fontos, de sz\u00e1m\u00e1ra idegen terepk\u00e9nt <a href=\"https:\/\/www.memoryofnations.eu\/hu\/fodor-tamas-20051117-0\" target=\"_blank\" rel=\"noopener noreferrer nofollow\">\u00edrta le<\/a>. 1994-ben egyszerre hagyta ott Szolnokot \u00e9s az akt\u00edv p\u00e1rtpolitik\u00e1t.<\/p>\n<p>Nagy Attila<br \/>\n<img loading=\"lazy\" decoding=\"async\" class=\"img-responsive size-large wp-image-2177923\" src=\"https:\/\/www.europesays.com\/hu\/wp-content\/uploads\/2026\/09\/nagyattilafortepan-1024x691.jpg\" alt=\"Berek Kati \u00e9s Nagy Attila sz\u00ednm\u0171v\u00e9szek.\" width=\"1024\" height=\"691\"  \/><\/p>\n<p class=\"wp-caption-text\">1975. A Magyar R\u00e1di\u00f3 st\u00fadi\u00f3ja, Jaroslav Malir A sorb\u00f3l az \u00f6t\u00f6dik c\u00edm\u0171 r\u00e1di\u00f3j\u00e1t\u00e9k\u00e1nak felv\u00e9tele. Berek Kati \u00e9s Nagy Attila. (Forr\u00e1s: Szalay Zolt\u00e1n\/Fortepan)<\/p>\n<p>Az 1992-ben elhunyt sz\u00edn\u00e9sz sz\u00e1mtalan legend\u00e1s sz\u00ednh\u00e1zi szerep mellett rengeteg mozis \u00e9s t\u00e9v\u00e9s produkci\u00f3ban j\u00e1tszott sikeres szerepeket.<\/p>\n<p>P\u00e9ld\u00e1ul \u0151 volt Vitay t\u00e1bornok az Abig\u00e9l sorozat-adapt\u00e1ci\u00f3j\u00e1ban, de az is fontos kult\u00fart\u00f6rt\u00e9neti vonatkoz\u00e1s, hogy \u0151 szinkroniz\u00e1lta el\u0151sz\u00f6r Darth Vadert.<\/p>\n<p>Az MSZP orsz\u00e1gos list\u00e1j\u00e1r\u00f3l lett k\u00e9pvisel\u0151 1990-ben, mand\u00e1tuma k\u00e9t \u00e9vvel k\u00e9s\u0151bb, hal\u00e1l\u00e1val sz\u0171nt meg, hely\u00e9t P\u00e9li Tam\u00e1s fest\u0151m\u0171v\u00e9sz vette \u00e1t. <a href=\"https:\/\/hu.wikipedia.org\/wiki\/Nagy_Attila_(sz%C3%ADnm%C5%B1v%C3%A9sz)\" target=\"_blank\" rel=\"noopener noreferrer nofollow\">Nagy<\/a> 1956-ban a Borsod megyei munk\u00e1stan\u00e1cs egyik vezet\u0151je volt, hossz\u00fa b\u00f6rt\u00f6nb\u00fcntet\u00e9sre \u00edt\u00e9lt\u00e9k, majd amneszti\u00e1val szabadult. 1990 ut\u00e1ni r\u00f6vid k\u00e9pvisel\u0151s\u00e9ge sor\u00e1n akt\u00edvan <a href=\"https:\/\/www.arcanum.com\/hu\/online-kiadvanyok\/OGYNaplo-orszaggyulesi-naplo-1990-2022-4\/19901994-5\/1992-evi-tavaszi-ulesszak-285BD\/1992-aprilis-14-kedd-a-tavaszi-ulesszak-23-napja-2DA70\/interpellaciok-2DC9C\/nagy-attila-mszp-2DD4D\/\" target=\"_blank\" rel=\"noopener noreferrer nofollow\">felsz\u00f3lalt<\/a>, helyi \u00e9s orsz\u00e1gos \u00fcgyekben is munk\u00e1lkodott.<\/p>\n<p>Eperjes K\u00e1roly<br \/>\n<img loading=\"lazy\" decoding=\"async\" class=\"img-responsive size-large wp-image-2177927\" src=\"https:\/\/www.europesays.com\/hu\/wp-content\/uploads\/2026\/09\/eperjesmti-1024x681.jpg\" alt=\"Eperjes K\u00e1roly 2022-ben.\" width=\"1024\" height=\"681\"  \/><\/p>\n<p class=\"wp-caption-text\">2022. Eperjes K\u00e1roly, a Kiss Ern\u0151-d\u00edj d\u00edjazottja besz\u00e9det mond. (Forr\u00e1s: MTI\/Vasv\u00e1ri Tam\u00e1s)<\/p>\n<p>A Fidesz k\u00e9s\u0151bbi, \u00fagynevezett m\u0171v\u00e9szi holdudvar\u00e1nak egyik <a href=\"https:\/\/24.hu\/elet-stilus\/2024\/02\/17\/eperjes-karoly-szuletesnap-felkoszontes-fidesz\/\" target=\"_blank\" rel=\"noopener noreferrer nofollow\">igen mark\u00e1ns szerepl\u0151je<\/a> orsz\u00e1gos list\u00e1r\u00f3l szerzett mand\u00e1tumot 1994 nyar\u00e1n, de m\u00e9g abban az \u00e9vben, szeptemberben lemondott. A hely\u00e9re Varga Mih\u00e1ly ker\u00fclt. A szakm\u00e1ban Szam\u00f3cak\u00e9nt emlegetett, nagy tehets\u00e9g\u0171, <a href=\"https:\/\/24.hu\/kozelet\/2021\/03\/16\/eperjes-karoly-orban-viktor-fidesz-nagyinterju\/\" target=\"_blank\" rel=\"noopener noreferrer nofollow\">\u00f6sszetett szem\u00e9lyis\u00e9g\u0171<\/a> Kossuth-d\u00edjas sz\u00edn\u00e9sz visszaeml\u00e9kez\u00e9se szerint a Fidesz t\u00f6bb m\u0171v\u00e9szt keresett meg p\u00e1rton k\u00edv\u00fcli list\u00e1s indul\u00e1ssal. Megtiszteltet\u00e9snek vette a felk\u00e9r\u00e9st, \u00e9s \u2013 egyfajta v\u00e1laszt\u00e1si seg\u00edts\u00e9gk\u00e9nt a p\u00e1rt fel\u00e9 \u2013 el is v\u00e1llalta, de m\u00e1r az esk\u00fct\u00e9tel el\u0151tt el\u00e1llt a mand\u00e1tum\u00e1t\u00f3l, \u00edgy k\u00e9pvisel\u0151s\u00e9ge megmaradt jelk\u00e9pes gesztusnak.<\/p>\n<p>P\u00e9csi Ildik\u00f3<br \/>\n<img loading=\"lazy\" decoding=\"async\" class=\"img-responsive size-large wp-image-2177974\" src=\"https:\/\/www.europesays.com\/hu\/wp-content\/uploads\/2026\/09\/pecsi-ildikomti-1024x681.jpg\" alt=\"P\u00e9csi Ildik\u00f3\" width=\"1024\" height=\"681\"  \/><\/p>\n<p class=\"wp-caption-text\">2016. P\u00e9csi Ildik\u00f3 a Hogy volt?! c\u00edm\u0171 t\u00e9v\u00e9m\u0171sorban. (Forr\u00e1s: MTI\/Zih Zsolt)<\/p>\n<p><img class=\"size-large wp-image-2177931\" loading=\"lazy\"\/>A 2020-ban, 80 \u00e9vesen elt\u00e1vozott sz\u00edn\u00e9szn\u0151 hal\u00e1l\u00e1ig \u00e9lvezhette a k\u00f6z\u00f6ns\u00e9g szeretet\u00e9t: b\u0151v\u00e9r\u0171 humora, embers\u00e9ges ki\u00e1ll\u00e1sa, izgalmas szem\u00e9lyis\u00e9ge egyszerre csin\u00e1lt bel\u0151le elismert m\u0171v\u00e9szt \u00e9s n\u00e9pszer\u0171 k\u00f6z\u00e9leti szerepl\u0151t. 1994-ben Budapest zugl\u00f3i egy\u00e9ni v\u00e1laszt\u00f3ker\u00fclet\u00e9ben, az MSZP jel\u00f6ltjek\u00e9nt nyert \u2013 visszaeml\u00e9kez\u00e9sei szerint nem l\u00e9pett be a p\u00e1rtba, saj\u00e1t, szem\u00e9lyes kamp\u00e1nyt vitt, komolyan vette feladat\u00e1t.<\/p>\n<p>Politikai p\u00e1ly\u00e1j\u00e1t\u00f3l f\u00fcggetlen\u00fcl, m\u00e9g k\u00e9pvisel\u0151s\u00e9g\u00e9t megel\u0151z\u0151en alap\u00edtv\u00e1nyt hozott l\u00e9tre munkan\u00e9lk\u00fcli sz\u00edn\u00e9szek t\u00e1mogat\u00e1s\u00e1ra, de parlamenti c\u00e9ljai k\u00f6z\u00e9ppontj\u00e1ban is a m\u0171v\u00e9szek szoci\u00e1lis \u00e9s erk\u00f6lcsi megbecs\u00fcl\u00e9se \u00e1llt.<\/p>\n<p>Ut\u00f3lag<a href=\"https:\/\/nlc.hu\/sztarok\/20251016\/elvittek-hazabol-pecsi-ildiko-legbecsesebb-kincseit-foton-a-megtalalt-szepsegek\/\" target=\"_blank\" rel=\"noopener nofollow\"> P\u00e9csi<\/a> vil\u00e1gosan besz\u00e9lt a politikai szerep \u00e1r\u00e1r\u00f3l: egy id\u0151 ut\u00e1n \u00fagy \u00e9rezte, a k\u00f6z\u00f6ns\u00e9g \u00e9s a szakma egy r\u00e9sze is elkezdte a p\u00e1rtpolitikust l\u00e1tni benne, ez\u00e9rt halv\u00e1nyulni l\u00e1tszott a kor\u00e1bbi, szinte univerz\u00e1lis szeretet, amelyet addig megkapott \u2013 de ezt ink\u00e1bb k\u00f6vetkezm\u00e9nyk\u00e9nt kezelte, bevall\u00e1sa szerint meg\u00e1llap\u00edt\u00e1s\u00e1nak nem volt k\u00f6ze ahhoz, hogy felhagyott a k\u00e9pvisel\u0151i karrierrel.<\/p>\n<p>Petneh\u00e1zy Attila<br \/>\n<img loading=\"lazy\" decoding=\"async\" class=\"img-responsive size-large wp-image-2177938\" src=\"https:\/\/www.europesays.com\/hu\/wp-content\/uploads\/2026\/09\/c96fc9d5-074f-4646-b0b2-0028b948d6d1-681x1024.jpg\" alt=\"Petneh\u00e1zy Attila, a Fidesz k\u00e9pvisel\u0151je az Orsz\u00e1ggy\u0171l\u00e9s plen\u00e1ris \u00fcl\u00e9s\u00e9n 2017. m\u00e1jus 2-\u00e1n.\" width=\"681\" height=\"1024\"  \/><\/p>\n<p class=\"wp-caption-text\">Petneh\u00e1zy Attila, a Fidesz k\u00e9pvisel\u0151je az Orsz\u00e1ggy\u0171l\u00e9s plen\u00e1ris \u00fcl\u00e9s\u00e9n, 2017-ben. (Forr\u00e1s: MTI Fot\u00f3: Kov\u00e1cs Attila)<\/p>\n<p>A 60 \u00e9ves (egykori?) sz\u00edn\u00e9sz 2014-ben szerzett egy\u00e9ni mand\u00e1tumot a Fidesz-KDNP jel\u00f6ltjek\u00e9nt. Kor\u00e1bban \u00f6nkorm\u00e1nyzati k\u00e9pvisel\u0151k\u00e9nt \u00e9s kultur\u00e1lis bizotts\u00e1gi tagk\u00e9nt dolgozott.<\/p>\n<p>Petneh\u00e1zy 1987-ben v\u00e9gzett a Nemzeti Sz\u00ednh\u00e1z Sz\u00edniakad\u00e9mi\u00e1j\u00e1n, majd a ny\u00edregyh\u00e1zi M\u00f3ricz Zsigmond Sz\u00ednh\u00e1zban dolgozott. Ezut\u00e1n, illetve ezzel p\u00e1rhuzamosan nyergelt \u00e1t a politik\u00e1ra. Sz\u00edn\u00e9szk\u00e9nt \u00e9s kultur\u00e1lis szervez\u0151k\u00e9nt a helyi, majd a nemzetpolitikai kultur\u00e1lis kapcsolatokra \u00e9p\u00edtett. Parlamenti k\u00e9pvisel\u0151s\u00e9ge sor\u00e1n a t\u00e9rs\u00e9gi k\u00e9pviselet \u00e9s a kultur\u00e1lis \u00fcgyek ker\u00fcltek el\u0151t\u00e9rbe, 2017-ben jelezte, hogy a k\u00f6vetkez\u0151 ciklusban a K\u00e1rp\u00e1t-medencei, magyar-magyar kultur\u00e1lis kapcsolatokkal akar foglalkozni. 2018 november\u00e9t\u0151l a magyar-magyar kultur\u00e1lis kapcsolatok fejleszt\u00e9s\u00e9\u00e9rt felel\u0151s miniszteri biztos lett bel\u0151le.<\/p>\n<p>Id\u00e9n j\u00faliusban a Legf\u0151bb \u00fcgy\u00e9szs\u00e9g kommunik\u00e1ci\u00f3s viselt dolgaival kapcsolatban <a rel=\"nofollow noopener noreferrer\" href=\"https:\/\/444.hu\/2026\/07\/03\/a-legfobb-ugyeszseg-meg-mindig-fidesz-kozeli-cegekkel-vegezteti-a-kommunikacios-feladatokat\" target=\"_blank\">mer\u00fclt fel a neve<\/a>, pontosabban a fi\u00e1\u00e9, Petneh\u00e1zy D\u00e1vid\u00e9.<\/p>\n<p>Nagy Ervin<br \/>\n<img loading=\"lazy\" decoding=\"async\" class=\"img-responsive size-large wp-image-2177939\" src=\"https:\/\/www.europesays.com\/hu\/wp-content\/uploads\/2026\/09\/nagyervinmti-1024x683.jpg\" alt=\"Kapolcs, 2026. j\u00falius 24. Nagy Ervin, a T\u00e1rsadalmi Kapcsolatok\u00e9rt \u00e9s Kult\u00far\u00e1\u00e9rt Felel\u00f5s Miniszt\u00e9rium kult\u00far\u00e1\u00e9rt felel\u00f5s \u00e1llamtitk\u00e1ra besz\u00e9det mond a 35. M\u0171v\u00e9szetek V\u00f6lgye megnyit\u00f3j\u00e1n, Kapolcson.\" width=\"1024\" height=\"683\"  \/><\/p>\n<p class=\"wp-caption-text\">Kapolcs, 2026. j\u00falius 24. Nagy Ervin besz\u00e9det mond a 35. M\u0171v\u00e9szetek V\u00f6lgye megnyit\u00f3j\u00e1n, Kapolcson. (Forr\u00e1s: MTI\/Katona Tibor)<\/p>\n<p>Az \u00faj \u00e9vezred egyik kiemelten n\u00e9pszer\u0171, celebk\u00e9nt \u00e9s m\u0171v\u00e9szk\u00e9nt is er\u0151s reflektorf\u00e9nyben \u00e9l\u0151 sz\u00edn\u00e9sze m\u00e1r a kezdetekkor seg\u00edtette Magyar P\u00e9ter politikai szerepv\u00e1llal\u00e1s\u00e1t, azt\u00e1n a 2026-os orsz\u00e1ggy\u0171l\u00e9si v\u00e1laszt\u00e1son Fej\u00e9r 04. egy\u00e9ni v\u00e1laszt\u00f3ker\u00fclet\u00e9t 60,50 sz\u00e1zal\u00e9kkal nyerte meg. Az \u00faj ciklusban a T\u00e1rsadalmi Kapcsolatok\u00e9rt \u00e9s Kult\u00far\u00e1\u00e9rt Felel\u0151s Miniszt\u00e9rium kult\u00far\u00e1\u00e9rt felel\u0151s \u00e1llamtitk\u00e1ra lett.<\/p>\n<p>Jel\u00f6lti hitvall\u00e1sa a demokr\u00e1ci\u00e1ra, a m\u0171v\u00e9szeti szabads\u00e1gra \u00e9s az igazs\u00e1goss\u00e1gra \u00e9p\u00fclt. 2025-ben mor\u00e1lis meggy\u0151z\u0151d\u00e9sb\u0151l \u00e1llt a Tisza mell\u00e9, ezt megel\u0151z\u0151en tan\u00e1rok, di\u00e1kok, m\u0171v\u00e9szek \u00e9s civil k\u00f6z\u00f6ss\u00e9gek \u00fcgyeiben v\u00e1llalt nyilv\u00e1nos szerepet.<\/p>\n<p>Radnai M\u00e1rk<br \/>\n<img loading=\"lazy\" decoding=\"async\" class=\"img-responsive size-large wp-image-2177943\" src=\"https:\/\/www.europesays.com\/hu\/wp-content\/uploads\/2026\/09\/radnaimarkmti-masolat-1024x683.jpeg\" alt=\"Radnai M\u00e1rk.\" width=\"1024\" height=\"683\"  \/><\/p>\n<p class=\"wp-caption-text\">2026. augusztus 20. Radnai M\u00e1rk, a Tisza P\u00e1rt orsz\u00e1ggy\u0171l\u00e9si k\u00e9pvisel\u0151je, aleln\u00f6ke nyilatkozik a\u00a0Tisza Szigetek orsz\u00e1gos tal\u00e1lkoz\u00f3j\u00e1nak helysz\u00edn\u00e9n, a Margitszigeten. (Forr\u00e1s: Kov\u00e1cs M\u00e1rton\/MTI)<\/p>\n<p>Vele kapcsolatban els\u0151sorban rendez\u0151i v\u00e1llal\u00e1sait szoktuk emlegetni, pedig, b\u00e1r rendez\u0151nek jelentkezett, de sz\u00edn\u00e9szk\u00e9nt v\u00e9gzett az SZFE-n, M\u00e1t\u00e9 G\u00e1bor oszt\u00e1ly\u00e1ban. \u0150 is ott volt a Tisza p\u00e1rt megsz\u00fclet\u00e9s\u00e9n\u00e9l, s\u0151t, Radnai volt tal\u00e1n a legfontosabb k\u00f6z\u00e9leti szem\u00e9lyis\u00e9g, aki Magyar P\u00e9ter politikai karrierj\u00e9t nemcsak t\u00e1mogatta, hanem ambicion\u00e1lta is. Id\u00e9n tavasszal Kom\u00e1rom-Esztergom 02. egy\u00e9ni v\u00e1laszt\u00f3ker\u00fclet\u00e9ben 56,85 sz\u00e1zal\u00e9kkal nyert, \u0151 a TISZA aleln\u00f6ke, 2026 j\u00fanius\u00e1t\u00f3l pedig a m\u0171k\u00f6d\u0151 \u00e9s embers\u00e9ges Magyarorsz\u00e1g\u00e9rt felel\u0151s korm\u00e1nybiztos is. Jel\u00f6lti bemutatkoz\u00e1s\u00e1ban a demokr\u00e1ci\u00e1t, az \u00f6nrendelkez\u00e9st \u00e9s a v\u00e9lem\u00e9nyszabads\u00e1got jel\u00f6lte meg legf\u0151bb motiv\u00e1ci\u00f3jak\u00e9nt. Radnainak jelent\u0151s \u00e9rdemei vannak abban is, ahogy a Tisza p\u00e1rt \u00e9s Magyar P\u00e9ter cs\u00facsra j\u00e1ratta, majd m\u00e1ra szinte els\u0151dleges kommunik\u00e1ci\u00f3s eszk\u00f6zz\u00e9 fejlesztette a k\u00f6z\u00f6ss\u00e9gi m\u00e9di\u00e1s jelenl\u00e9tet.<\/p>\n<p>Sz\u00e9khelyi J\u00f3zsef<br \/>\n<img loading=\"lazy\" decoding=\"async\" class=\"img-responsive size-large wp-image-2177945\" src=\"https:\/\/www.europesays.com\/hu\/wp-content\/uploads\/2026\/09\/szekhelyimit-1024x683.jpg\" alt=\"Sz\u00e9khelyi J\u00f3zsef\" width=\"1024\" height=\"683\"  \/><\/p>\n<p class=\"wp-caption-text\">2018. m\u00e1jus 13. Sz\u00e9khelyi J\u00f3zsef, az \u00c9let Menete Alap\u00edtv\u00e1ny egyik alap\u00edt\u00f3ja, a holokauszt magyarorsz\u00e1gi \u00e1ldozatainak eml\u00e9knapja alkalm\u00e1b\u00f3l megrendezett \u00c9let menet\u00e9n Budapesten. (Forr\u00e1s: MTI Fot\u00f3: M\u00f3nus M\u00e1rton)<\/p>\n<p>A csod\u00e1s org\u00e1num\u00fa, gener\u00e1ci\u00f3k \u00e1ltal kedvelt, a <a href=\"https:\/\/www.youtube.com\/watch?v=Xhlyrz2Sw-4\" target=\"_blank\" rel=\"noopener noreferrer nofollow\">K\u00e9meri<\/a> c\u00edm\u0171 t\u00e9v\u00e9sorozat c\u00edmszerep\u00e9vel, \u00e9s t\u00f6bbek k\u00f6z\u00f6tt Homer Simpson szinkroniz\u00e1l\u00e1s\u00e1val is halhatatlann\u00e1 v\u00e1lt sz\u00edn\u00e9sz 1990-ben az SZDSZ ter\u00e9zv\u00e1rosi egy\u00e9ni jel\u00f6ltje volt, de a m\u00e1sodik fordul\u00f3ban alulmaradt az MDF-es Katona K\u00e1lm\u00e1nnal szemben. 1998-ban is indult, viszont mand\u00e1tumot akkor sem szerzett.<\/p>\n<p>Liber\u00e1lis, harcosan antirasszista elveket vallott \u2013 71 \u00e9vesen hagyott itt minket, \u00e9lete v\u00e9g\u00e9ig karakteres v\u00e9lem\u00e9nyform\u00e1l\u00f3ja volt a magyar nyilv\u00e1noss\u00e1gnak.<\/p>\n<p>Pog\u00e1ny Judit<br \/>\n<img loading=\"lazy\" decoding=\"async\" class=\"img-responsive size-large wp-image-2177946\" src=\"https:\/\/www.europesays.com\/hu\/wp-content\/uploads\/2026\/09\/pogany-mti-701x1024.jpg\" alt=\"Pog\u00e1ny Judit.\" width=\"701\" height=\"1024\"  \/><\/p>\n<p class=\"wp-caption-text\">Pog\u00e1ny Judit 2024-ben. (Forr\u00e1s: MTI\/Czimbal Gyula)<\/p>\n<p>A nemzet sz\u00edn\u00e9sze c\u00edmmel is kit\u00fcntetett, leny\u0171g\u00f6z\u0151 p\u00e1lya\u00edvet bej\u00e1rt, Kossuth-d\u00edjas <a href=\"https:\/\/nlc.hu\/sztarok\/20251229\/pogany-judit-gyogyithatatlan-betegseg-kozlekedes\/\" target=\"_blank\" rel=\"noopener nofollow\">sz\u00edn\u00e9sz<\/a> 1994-ben az SZDSZ orsz\u00e1gos list\u00e1j\u00e1n szerepelt, de v\u00e9g\u00fcl nem jutott be a Parlamentbe. (Az akkori list\u00e1k jelk\u00e9pes helyein Ascher Tam\u00e1s rendez\u0151 \u00e9s m\u00e1s neves alkot\u00f3k is felt\u0171ntek \u2013 mint p\u00e9ld\u00e1ul Berem\u00e9nyi G\u00e9za, Jancs\u00f3 Mikl\u00f3s \u00e9s Kulka J\u00e1nos, de ezek ink\u00e1bb \u00e9rt\u00e9kelhet\u0151ek egyfajta politikai t\u00e1mogat\u00e1sk\u00e9nt, mint val\u00f3s amb\u00edci\u00f3k\u00e9nt.)<\/p>\n<p>Nagy Fer\u00f3<br \/>\n<img loading=\"lazy\" decoding=\"async\" class=\"img-responsive size-large wp-image-2177948\" src=\"https:\/\/www.europesays.com\/hu\/wp-content\/uploads\/2026\/09\/nagyferomti-1024x683.jpg\" alt=\"Nagy Fer\u00f3 2019-ben.\" width=\"1024\" height=\"683\"  \/><\/p>\n<p class=\"wp-caption-text\">2019. Nagy Fer\u00f3 a Hogy volt?! c\u00edm\u0171 t\u00e9v\u00e9m\u0171sor felv\u00e9tel\u00e9n. (Forr\u00e1s: Zih Zsolt\/MTI)<\/p>\n<p>B\u00e1r Nagy Fer\u00f3t els\u0151sorban rockzen\u00e9szk\u00e9nt, a Beatrice frontemberek\u00e9nt tartjuk sz\u00e1mon, sz\u00e1mos alkalommal v\u00e1llalt sz\u00edn\u00e9szi szerepet, ez\u00e9rt is ker\u00fclhetett be cikk\u00fcnkbe. Meg legink\u00e1bb az\u00e9rt, mert 1990-ben Zala 04., lenti k\u00f6zpont\u00fa egy\u00e9ni v\u00e1laszt\u00f3ker\u00fclet\u00e9ben f\u00fcggetlen orsz\u00e1ggy\u0171l\u00e9si jel\u00f6ltk\u00e9nt indult \u2013 de nem szerzett mand\u00e1tumot. Ugyanebben az id\u0151szakban ironikus eln\u00f6kjel\u00f6lti kamp\u00e1nyt is vitt, \u00e9s a \u201eNemzet cs\u00f3t\u00e1nya\u201d k\u00e9s\u0151bb is hangosan form\u00e1lt politikai v\u00e9lem\u00e9nyt \u2013 egy ideig a MI\u00c9P; azt\u00e1n a Fidesz hangos szimpatiz\u00e1nsak\u00e9nt \u00e9s kegyeltjek\u00e9nt. Ut\u00f3bbi p\u00e1rt mellett a v\u00e9gs\u0151kig kitartott, p\u00e1rtrendezv\u00e9nyeken szerepelt, sokszor nyilatkozott interj\u00fakban \u00e9s saj\u00e1t k\u00e9sz\u00edt\u00e9s\u0171 tartalmakban is. A 2025-26-os kamp\u00e1nyban t\u00f6bb olyan kijelent\u00e9st is tett, amely m\u00e9g a Fidesznek <a href=\"https:\/\/nlc.hu\/szabadido\/20251030\/nagy-fero-kossuth-dij-szolo-utca\/\" target=\"_blank\" rel=\"noopener nofollow\">sem volt v\u00e1llalhat\u00f3<\/a>.<\/p>\n","protected":false},"excerpt":{"rendered":"B\u00e1nffy Gy\u00f6rgy Az Orsz\u00e1ggy\u0171l\u00e9s \u00fcl\u00e9se 1990-ben. A felsz\u00f3lal\u00f3 B\u00e1nffy Gy\u00f6rgy. (Forr\u00e1s: Urb\u00e1n Tam\u00e1s\/Fortepan) A 2010-ben, 83 \u00e9vesen elhunyt&hellip;\n","protected":false},"author":2,"featured_media":228405,"comment_status":"","ping_status":"","sticky":false,"template":"","format":"standard","meta":{"footnotes":"","_share_on_mastodon":"0"},"categories":[6],"tags":[44,42,40,43,12991,41,3485,99,235],"class_list":["post-228404","post","type-post","status-publish","format-standard","has-post-thumbnail","category-magyarorszag","tag-hu","tag-hungarian","tag-hungary","tag-magyar","tag-magyar-szineszek","tag-magyarorszag","tag-parlament","tag-politika","tag-sztarok"],"share_on_mastodon":{"url":"https:\/\/pubeurope.com\/@hu\/117194750138549634","error":""},"_links":{"self":[{"href":"https:\/\/www.europesays.com\/hu\/wp-json\/wp\/v2\/posts\/228404","targetHints":{"allow":["GET"]}}],"collection":[{"href":"https:\/\/www.europesays.com\/hu\/wp-json\/wp\/v2\/posts"}],"about":[{"href":"https:\/\/www.europesays.com\/hu\/wp-json\/wp\/v2\/types\/post"}],"author":[{"embeddable":true,"href":"https:\/\/www.europesays.com\/hu\/wp-json\/wp\/v2\/users\/2"}],"replies":[{"embeddable":true,"href":"https:\/\/www.europesays.com\/hu\/wp-json\/wp\/v2\/comments?post=228404"}],"version-history":[{"count":0,"href":"https:\/\/www.europesays.com\/hu\/wp-json\/wp\/v2\/posts\/228404\/revisions"}],"wp:featuredmedia":[{"embeddable":true,"href":"https:\/\/www.europesays.com\/hu\/wp-json\/wp\/v2\/media\/228405"}],"wp:attachment":[{"href":"https:\/\/www.europesays.com\/hu\/wp-json\/wp\/v2\/media?parent=228404"}],"wp:term":[{"taxonomy":"category","embeddable":true,"href":"https:\/\/www.europesays.com\/hu\/wp-json\/wp\/v2\/categories?post=228404"},{"taxonomy":"post_tag","embeddable":true,"href":"https:\/\/www.europesays.com\/hu\/wp-json\/wp\/v2\/tags?post=228404"}],"curies":[{"name":"wp","href":"https:\/\/api.w.org\/{rel}","templated":true}]}}