{"id":228430,"date":"2026-09-01T08:29:07","date_gmt":"2026-09-01T08:29:07","guid":{"rendered":"https:\/\/www.europesays.com\/hu\/228430\/"},"modified":"2026-09-01T08:29:07","modified_gmt":"2026-09-01T08:29:07","slug":"hvg360-az-ing-bank-vezetoje-a-ner-es-cegek-harapdalasarol-remelem-a-kormany-felelosen-dont","status":"publish","type":"post","link":"https:\/\/www.europesays.com\/hu\/228430\/","title":{"rendered":"hvg360: Az ING Bank vezet\u0151je a NER-es c\u00e9gek harapd\u00e1l\u00e1s\u00e1r\u00f3l: Rem\u00e9lem, a korm\u00e1ny felel\u0151sen d\u00f6nt"},"content":{"rendered":"<p>A bank\u00e1rok nem szoktak \u00e1ll\u00e1st foglalni politikai \u00fcgyekben, \u00f6n viszont egy interj\u00faban ny\u00edltan ki\u00e1llt a magyarorsz\u00e1gi v\u00e1ltoz\u00e1sok mellett. Demokr\u00e1ciahi\u00e1nyban, piactorz\u00edt\u00e1sban k\u00f6zel voltunk ahhoz a hat\u00e1rhoz, hogy az ING kivonuljon? <\/p>\n<p>Az\u00e9rt \u00e1lltam ki \u2013 \u00e9s ez m\u00e1r p\u00e1r nappal a v\u00e1laszt\u00e1sok ut\u00e1n volt \u2013, mert olyan h\u00edv\u00f3szavak hangzottak el, amelyek bank\u00e1rnak, hazafinak egyar\u00e1nt fontosak. A Tisza P\u00e1rt programj\u00e1ban volt egy sor \u00edg\u00e9ret: az eur\u00f3 bevezet\u00e9se, az uni\u00f3s forr\u00e1sok visszaszerz\u00e9se, a demokr\u00e1cia, a stabil jogi k\u00f6rnyezet \u2013 mindaz, amit a m\u00faltban hi\u00e1nyoltunk. Az ING-nek az a fontos, hogy megb\u00edzhat\u00f3 k\u00f6zegben m\u0171k\u00f6dj\u00f6n. Igaz, eddig is ki tudtuk alak\u00edtani azokat a kereteket, amelyek k\u00f6z\u00f6tt dolgozhattunk. Speci\u00e1lis a f\u00f3kuszunk, kiz\u00e1r\u00f3lag nagyv\u00e1llalati \u00fcgyf\u00e9lk\u00f6rt szolg\u00e1lunk ki, fele-fele ar\u00e1nyban multinacion\u00e1lis \u00e9s magyar c\u00e9geket. <\/p>\n<p>Bogd\u00e1n Krisztina k\u00f6zgazd\u00e1sz<\/p>\n<p>Az 57 \u00e9ves szakember 25 \u00e9ve dolgozik a bankszektorban, k\u00f6zel k\u00e9t \u00e9ve az ING Bank vez\u00e9rigazgat\u00f3ja. El\u0151tte a Credit Management Group tan\u00e1csad\u00f3 c\u00e9g v\u00e1llalati p\u00e9nz\u00fcgyek\u00e9rt felel\u0151s vezet\u0151je volt, kor\u00e1bban pedig egy \u00e9vtizedig k\u00fcl\u00f6nf\u00e9le vezet\u0151 tiszts\u00e9geket l\u00e1tott el a Commerzbank magyarorsz\u00e1gi le\u00e1nyv\u00e1llalat\u00e1n\u00e1l (a p\u00e9nzint\u00e9zet cseh \u00e9s szlov\u00e1k egys\u00e9geit is vezette).<\/p>\n<p>Volt olyan, amibe nem mentek bele? Korm\u00e1nyf\u00fcgg\u0151 magyar v\u00e1llalatok hitelez\u00e9s\u00e9be? <\/p>\n<p>Ha olyasmit l\u00e1tunk egy c\u00e9g m\u0171k\u00f6d\u00e9s\u00e9ben, ami az ir\u00e1nyelveink szerint nem elfogadott, akkor nem l\u00e9tes\u00edt\u00fcnk vele \u00fczleti kapcsolatot. Idetartozik p\u00e9ld\u00e1ul az is, hogy ne f\u00fcggj\u00f6n t\u00fals\u00e1gosan egy partnert\u0151l, legyen az az \u00e1llam vagy b\u00e1rmilyen m\u00e1s \u00fczleti szerepl\u0151. Eleve kev\u00e9s ilyen v\u00e1llalat ker\u00fcl a f\u00f3kuszunkba, de ha m\u00e9gis, az m\u00e1r a sz\u00e1mlanyit\u00e1skor kider\u00fcl, mert egy olyan nemzetk\u00f6zi bankn\u00e1l, mint az ING, m\u00e1r a legels\u0151 ponton komplex \u00e1tvil\u00e1g\u00edt\u00e1s zajlik. Nem v\u00e9letlen, hogy n\u00e1lunk t\u00f6bb h\u00e9tig is eltarthat egy sz\u00e1mlanyit\u00e1si folyamat. <\/p>\n<p>Ezek szerint M\u00e9sz\u00e1ros L\u0151rinc v\u00e1llalatai nem tudn\u00e1nak itt sz\u00e1ml\u00e1t nyitni?<\/p>\n","protected":false},"excerpt":{"rendered":"A bank\u00e1rok nem szoktak \u00e1ll\u00e1st foglalni politikai \u00fcgyekben, \u00f6n viszont egy interj\u00faban ny\u00edltan ki\u00e1llt a magyarorsz\u00e1gi v\u00e1ltoz\u00e1sok mellett.&hellip;\n","protected":false},"author":2,"featured_media":228431,"comment_status":"","ping_status":"","sticky":false,"template":"","format":"standard","meta":{"footnotes":"","_share_on_mastodon":"0"},"categories":[10],"tags":[12603,60649,110,7074,63,44,42,40,60650,101,43,41,4862,14256,16925,111,11870],"class_list":["post-228430","post","type-post","status-publish","format-standard","has-post-thumbnail","category-vallalkozas","tag-akkugyarak","tag-bogdan-krisztina","tag-business","tag-esg","tag-gazdasag","tag-hu","tag-hungarian","tag-hungary","tag-ing-bank","tag-interju","tag-magyar","tag-magyarorszag","tag-ner","tag-orban-rendszer","tag-tisza-kormany","tag-vallalkozas","tag-zoldatallas"],"share_on_mastodon":{"url":"https:\/\/pubeurope.com\/@hu\/117194847862070094","error":""},"_links":{"self":[{"href":"https:\/\/www.europesays.com\/hu\/wp-json\/wp\/v2\/posts\/228430","targetHints":{"allow":["GET"]}}],"collection":[{"href":"https:\/\/www.europesays.com\/hu\/wp-json\/wp\/v2\/posts"}],"about":[{"href":"https:\/\/www.europesays.com\/hu\/wp-json\/wp\/v2\/types\/post"}],"author":[{"embeddable":true,"href":"https:\/\/www.europesays.com\/hu\/wp-json\/wp\/v2\/users\/2"}],"replies":[{"embeddable":true,"href":"https:\/\/www.europesays.com\/hu\/wp-json\/wp\/v2\/comments?post=228430"}],"version-history":[{"count":0,"href":"https:\/\/www.europesays.com\/hu\/wp-json\/wp\/v2\/posts\/228430\/revisions"}],"wp:featuredmedia":[{"embeddable":true,"href":"https:\/\/www.europesays.com\/hu\/wp-json\/wp\/v2\/media\/228431"}],"wp:attachment":[{"href":"https:\/\/www.europesays.com\/hu\/wp-json\/wp\/v2\/media?parent=228430"}],"wp:term":[{"taxonomy":"category","embeddable":true,"href":"https:\/\/www.europesays.com\/hu\/wp-json\/wp\/v2\/categories?post=228430"},{"taxonomy":"post_tag","embeddable":true,"href":"https:\/\/www.europesays.com\/hu\/wp-json\/wp\/v2\/tags?post=228430"}],"curies":[{"name":"wp","href":"https:\/\/api.w.org\/{rel}","templated":true}]}}