{"id":228434,"date":"2026-09-01T08:33:10","date_gmt":"2026-09-01T08:33:10","guid":{"rendered":"https:\/\/www.europesays.com\/hu\/228434\/"},"modified":"2026-09-01T08:33:10","modified_gmt":"2026-09-01T08:33:10","slug":"index-gazdasag-komoly-bajba-kerulhetnek-az-otthon-starttal-szamolo-csaladok","status":"publish","type":"post","link":"https:\/\/www.europesays.com\/hu\/228434\/","title":{"rendered":"Index &#8211; Gazdas\u00e1g &#8211; Komoly bajba ker\u00fclhetnek az Otthon Starttal sz\u00e1mol\u00f3 csal\u00e1dok"},"content":{"rendered":"<p>Lak\u00e1sv\u00e1s\u00e1rl\u00f3k ker\u00fclhetnek bizonytalan helyzetbe, mert \u00e1tmenetileg felf\u00fcggesztett\u00e9k a kiemelt beruh\u00e1z\u00e1sok \u00e9p\u00edt\u00e9si enged\u00e9lyeztet\u00e9s\u00e9t. A d\u00f6nt\u00e9s k\u00fcl\u00f6n\u00f6sen azok sz\u00e1m\u00e1ra jelenthet kock\u00e1zatot, akik egy m\u00e9g enged\u00e9llyel nem rendelkez\u0151 projektben k\u00f6t\u00f6ttek el\u0151szerz\u0151d\u00e9st, \u00e9s \u00fagy kalkul\u00e1ltak, hogy a v\u00e9tel\u00e1r egy r\u00e9sz\u00e9t az \u00e1llamilag t\u00e1mogatott, fix 3 sz\u00e1zal\u00e9kos Otthon Start hitelb\u0151l fedezik.\u00a0<\/p>\n<p>A probl\u00e9ma akkor v\u00e1lhat s\u00falyoss\u00e1, ha az enged\u00e9lyez\u00e9s elh\u00faz\u00f3dik, k\u00f6zben pedig megv\u00e1ltoznak vagy szigorodnak az Otthon Start felt\u00e9telei.<\/p>\n<p>Ebben az esetben el\u0151\u00e1llhat az a helyzet, hogy mire a beruh\u00e1z\u00e1s \u00fajraindulhat, a vev\u0151 m\u00e1r nem jogosult arra a kedvezm\u00e9nyes hitelre, amelyre eredetileg a lak\u00e1sv\u00e1s\u00e1rl\u00e1s\u00e1t alapozta. Vagyis \u00fagy v\u00e1llalhatott k\u00f6telezetts\u00e9get egy ingatlan megv\u00e1s\u00e1rl\u00e1s\u00e1ra, hogy k\u00f6zben kiesik m\u00f6g\u00fcle a tervezett finansz\u00edroz\u00e1s. A money.hu szak\u00e9rt\u0151i azt vizsg\u00e1lt\u00e1k meg, milyen jogi \u00e9s p\u00e9nz\u00fcgyi mozg\u00e1stere maradhat azoknak a v\u00e1s\u00e1rl\u00f3knak, akik ilyen helyzetbe ker\u00fclnek.<\/p>\n<p>                        Akik m\u00e1r al\u00e1\u00edrtak, azoknak f\u00e1jhat igaz\u00e1n a cs\u00fasz\u00e1s<\/p>\n<p>Az Otthon Start Programhoz kapcsol\u00f3d\u00f3 lak\u00e1sprojektek kiemelt st\u00e1tusza \u00e9ppen azt szolg\u00e1lja, hogy a felt\u00e9teleknek megfelel\u0151 lak\u00e1sok min\u00e9l gyorsabban elk\u00e9sz\u00fclhessenek \u00e9s el\u00e9rhet\u0151v\u00e9 v\u00e1ljanak. A felf\u00fcggeszt\u00e9s azonban nem minden ilyen beruh\u00e1z\u00e1st \u00e9rint egyform\u00e1n. Azokn\u00e1l a projektekn\u00e9l, amelyek m\u00e1r rendelkeznek \u00e9rv\u00e9nyes \u00e9p\u00edt\u00e9si enged\u00e9llyel, a felf\u00fcggeszt\u00e9s nem jelent kock\u00e1zatot: ezek a beruh\u00e1z\u00e1sok tov\u00e1bb haladhatnak. M\u00e1s a helyzet azokkal a fejleszt\u00e9sekkel, amelyek m\u00e9g az enged\u00e9lyez\u00e9si szakasz el\u0151tt \u00e1llnak. Itt m\u00e1r nem puszt\u00e1n az a k\u00e9rd\u00e9s, mennyit cs\u00faszhat a projekt.<\/p>\n<p>A vev\u0151 sz\u00e1m\u00e1ra legal\u00e1bb ilyen fontos, hogy mire a beruh\u00e1z\u00e1s ism\u00e9t z\u00f6ld utat kap, v\u00e1ltozatlanok maradnak-e a fix 3 sz\u00e1zal\u00e9kos Otthon Start hitel felt\u00e9telei. itt fontos hangs\u00falyozni: az Otthon Start jelenlegi szab\u00e1lyainak k\u00e9s\u0151bbi szigor\u00edt\u00e1sa egyel\u0151re csak egy lehets\u00e9ges forgat\u00f3k\u00f6nyv.<\/p>\n<p>Ha azonban ez bek\u00f6vetkezne, annak nagyon is k\u00e9zzelfoghat\u00f3 k\u00f6vetkezm\u00e9nye lehet azok sz\u00e1m\u00e1ra, akik m\u00e1r el\u0151szerz\u0151d\u00e9st k\u00f6t\u00f6ttek. Egy vev\u0151 ugyanis \u00fagy tal\u00e1lhatja mag\u00e1t egy kor\u00e1bban v\u00e1llalhat\u00f3nak t\u0171n\u0151 lak\u00e1sv\u00e1s\u00e1rl\u00e1sban, hogy az ahhoz tervezett, fix 3 sz\u00e1zal\u00e9kos finansz\u00edroz\u00e1s id\u0151k\u00f6zben el\u00e9rhetetlenn\u00e9 v\u00e1lik sz\u00e1m\u00e1ra. Ha pedig a v\u00e1s\u00e1rl\u00e1st ennek ellen\u00e9re v\u00e9gig akarja vinni, a kies\u0151 kedvezm\u00e9nyes hitelt ak\u00e1r dr\u00e1g\u00e1bb piaci finansz\u00edroz\u00e1ssal kell p\u00f3tolnia.<\/p>\n<p>Mit tehet ilyen helyzetben a vev\u0151? A money.hu szerint az egyik els\u0151 k\u00e9rd\u00e9s az lehet, hogy van-e lehet\u0151s\u00e9g kil\u00e9pni a m\u00e1r megk\u00f6t\u00f6tt el\u0151szerz\u0151d\u00e9sb\u0151l. Ez azonban nem automatikus: mindig az adott szerz\u0151d\u00e9s tartalma \u00e9s a konkr\u00e9t k\u00f6r\u00fclm\u00e9nyek hat\u00e1rozz\u00e1k meg a mozg\u00e1steret. Ha egy jogszab\u00e1lyv\u00e1ltoz\u00e1s vagy a beruh\u00e1z\u00e1s jelent\u0151s cs\u00fasz\u00e1sa miatt a vev\u0151 finansz\u00edroz\u00e1sa ellehetetlen\u00fcl, illetve megsz\u0171nik a teljes\u00edt\u00e9shez f\u0171z\u0151d\u0151 \u00e9rdeke, felmer\u00fclhet az el\u00e1ll\u00e1s lehet\u0151s\u00e9ge. Ezzel azonban m\u00e9g nem felt\u00e9tlen\u00fcl rendez\u0151dik a t\u00f6rt\u00e9net legk\u00e9nyesebb r\u00e9sze: mi lesz a m\u00e1r kifizetett p\u00e9nzzel?<\/p>\n<p>                        Ha kiesik a 3 sz\u00e1zal\u00e9kos hitel, marad a B terv \u2013 csak j\u00f3val dr\u00e1g\u00e1bban<\/p>\n<p>A foglal\u00f3 \u00e9s az el\u0151leg sorsa ugyanis szint\u00e9n a szerz\u0151d\u00e9s rendelkez\u00e9seit\u0151l \u00e9s att\u00f3l f\u00fcgg, milyen k\u00f6r\u00fclm\u00e9nyek k\u00f6z\u00f6tt hi\u00fasul meg az \u00fcgylet. A money.hu ez\u00e9rt azt javasolja, hogy az \u00e9rintettek ilyen helyzetben \u00fcgyv\u00e9ddel vizsg\u00e1ltass\u00e1k meg a szerz\u0151d\u00e9s\u00fcket. Az el\u00e1ll\u00e1s helyett a vev\u0151 \u00fajra is t\u00e1rgyalhat a beruh\u00e1z\u00f3val. Ha a 3 sz\u00e1zal\u00e9kos hitel kies\u00e9se miatt kisebb \u00f6sszeg \u00e1ll rendelkez\u00e9s\u00e9re, sz\u00f3ba j\u00f6het p\u00e9ld\u00e1ul a v\u00e9tel\u00e1r \u00e1t\u00fctemez\u00e9se vagy egyedi \u00e1rengedm\u00e9ny annak \u00e9rdek\u00e9ben, hogy a v\u00e1s\u00e1rl\u00e1s m\u00e9gis megval\u00f3sulhasson.<\/p>\n<p>A szerz\u0151d\u00e9sb\u0151l val\u00f3 kil\u00e9p\u00e9s nem minden vev\u0151 sz\u00e1m\u00e1ra jelent val\u00f3di megold\u00e1st.<\/p>\n<p>Aki ragaszkodik a kiv\u00e1lasztott lak\u00e1shoz, annak akkor is maradhat lehet\u0151s\u00e9ge a v\u00e1s\u00e1rl\u00e1sra, ha id\u0151k\u00f6zben kiesik az Otthon Startb\u00f3l \u2013 csakhogy ebben az esetben m\u00e1r j\u00f3val dr\u00e1g\u00e1bb finansz\u00edroz\u00e1ssal kell sz\u00e1molnia. Az egyik k\u00e9zenfekv\u0151 alternat\u00edva a piaci lak\u00e1shitel. Garam D\u00e1niel, a money.hu hitelszak\u00e9rt\u0151je szerint 2026 elej\u00e9n ezek \u00e1tlagos kamata m\u00e9g 6,60\u20136,99 sz\u00e1zal\u00e9k k\u00f6z\u00f6tt mozgott, ny\u00e1r v\u00e9g\u00e9re pedig 6\u20136,5 sz\u00e1zal\u00e9kra m\u00e9rs\u00e9kl\u0151d\u00f6tt.<\/p>\n<p>Egyedi \u00e1raz\u00e1ssal ugyan m\u00e1r 5,59 sz\u00e1zal\u00e9kos kamat is el\u00e9rhet\u0151 t\u00edz\u00e9ves kamatperi\u00f3dus mellett, 5 sz\u00e1zal\u00e9k alatti kamatszintre azonban szerinte egyel\u0151re nem \u00e9rdemes sz\u00e1m\u00edtani. A k\u00fcl\u00f6nbs\u00e9g jelent\u0151s lehet ahhoz k\u00e9pest, amivel az Otthon Starttal sz\u00e1mol\u00f3 v\u00e1s\u00e1rl\u00f3 eredetileg tervezett. A magasabb kamat magasabb havi t\u00f6rleszt\u0151r\u00e9szletet is jelenthet, r\u00e1ad\u00e1sul azt is meg kell vizsg\u00e1lni, hogy a h\u00e1ztart\u00e1s j\u00f6vedelme a JTM-szab\u00e1lyok mellett elb\u00edrja-e a nagyobb hitelterhet. A sz\u00fcks\u00e9ges hitel \u00f6sszege nagyobb \u00f6ner\u0151 bevon\u00e1s\u00e1val cs\u00f6kkenthet\u0151.<\/p>\n<p>Az \u00e9rintettek sz\u00e1m\u00e1ra m\u00e1s t\u00e1mogatott konstrukci\u00f3k is jelenthetnek mozg\u00e1steret.<\/p>\n<p>Megfelel\u0151 jogosults\u00e1g eset\u00e9n a csok plusz vagy a babav\u00e1r\u00f3 hitel is kieg\u00e9sz\u00edtheti a piaci lak\u00e1shitelt, m\u00e9rs\u00e9kelve ezzel a finansz\u00edroz\u00e1s k\u00f6lts\u00e9geit. Ugyanakkor \u00e9ppen az jelentheti az egyik legnagyobb kock\u00e1zatot, ha a vev\u0151 csak akkor kezd B tervet keresni, amikor m\u00e1r v\u00e9glegess\u00e9 v\u00e1lt, hogy nem jut hozz\u00e1 a 3 sz\u00e1zal\u00e9kos hitelhez.\u00a0\u00c9rdemes ez\u00e9rt el\u0151re eld\u00f6nteni, meddig hajland\u00f3 v\u00e1rni a vev\u0151 a beruh\u00e1z\u00e1s \u00fajraindul\u00e1s\u00e1ra. K\u00f6zben azt is c\u00e9lszer\u0171 kisz\u00e1molni, hogy meg tudn\u00e1-e venni a lak\u00e1st akkor is, ha v\u00e9g\u00fcl nem jut hozz\u00e1 a 3 sz\u00e1zal\u00e9kos hitelhez.<\/p>\n<p>                        (Bor\u00edt\u00f3k\u00e9p: A k\u00e9p illusztr\u00e1ci\u00f3! Fot\u00f3:\u00a0miniseries \/\u00a0Getty Images Hungary)\u00a0<br \/>\n<a href=\"https:\/\/dex.hu\/x.php?id=googlepref_desktop&amp;url=https:\/\/google.com\/preferences\/source?q=https:\/\/index.hu\" class=\"google-pref-banner \" id=\"googlePrefBanner\" rel=\"nofollow noopener\" target=\"_blank\"><\/p>\n<p>    Itt \u00e1ll\u00edtsa be, hogy az Index az els\u0151k k\u00f6z\u00f6tt legyen a Google-tal\u00e1latokban!<\/p>\n<p><\/a><\/p>\n<p>    <img decoding=\"async\" src=\"https:\/\/index.hu\/assets\/images\/social-follow\/logo-big.svg\" alt=\"Index.hu logo\"\/><\/p>\n<p>K\u00f6vesse az Indexet Facebookon is!<\/p>\n<p>    <a href=\"https:\/\/facebook.com\/Indexhu\" target=\"_blank\" rel=\"nofollow noopener\"><\/p>\n<p>        K\u00f6vetem!<br \/>\n    <\/a><\/p>\n","protected":false},"excerpt":{"rendered":"Lak\u00e1sv\u00e1s\u00e1rl\u00f3k ker\u00fclhetnek bizonytalan helyzetbe, mert \u00e1tmenetileg felf\u00fcggesztett\u00e9k a kiemelt beruh\u00e1z\u00e1sok \u00e9p\u00edt\u00e9si enged\u00e9lyeztet\u00e9s\u00e9t. A d\u00f6nt\u00e9s k\u00fcl\u00f6n\u00f6sen azok sz\u00e1m\u00e1ra jelenthet&hellip;\n","protected":false},"author":2,"featured_media":228435,"comment_status":"","ping_status":"","sticky":false,"template":"","format":"standard","meta":{"footnotes":"","_share_on_mastodon":"0"},"categories":[6],"tags":[43865,63,44,42,40,1670,5080,737,5083,43,41,6247],"class_list":["post-228434","post","type-post","status-publish","format-standard","has-post-thumbnail","category-magyarorszag","tag-3-szazalekos-hitel","tag-gazdasag","tag-hu","tag-hungarian","tag-hungary","tag-ingatlan","tag-ingatlanpiac","tag-kormany","tag-lakasvasarlas","tag-magyar","tag-magyarorszag","tag-otthon-start-program"],"share_on_mastodon":{"url":"https:\/\/pubeurope.com\/@hu\/117194864434415862","error":""},"_links":{"self":[{"href":"https:\/\/www.europesays.com\/hu\/wp-json\/wp\/v2\/posts\/228434","targetHints":{"allow":["GET"]}}],"collection":[{"href":"https:\/\/www.europesays.com\/hu\/wp-json\/wp\/v2\/posts"}],"about":[{"href":"https:\/\/www.europesays.com\/hu\/wp-json\/wp\/v2\/types\/post"}],"author":[{"embeddable":true,"href":"https:\/\/www.europesays.com\/hu\/wp-json\/wp\/v2\/users\/2"}],"replies":[{"embeddable":true,"href":"https:\/\/www.europesays.com\/hu\/wp-json\/wp\/v2\/comments?post=228434"}],"version-history":[{"count":0,"href":"https:\/\/www.europesays.com\/hu\/wp-json\/wp\/v2\/posts\/228434\/revisions"}],"wp:featuredmedia":[{"embeddable":true,"href":"https:\/\/www.europesays.com\/hu\/wp-json\/wp\/v2\/media\/228435"}],"wp:attachment":[{"href":"https:\/\/www.europesays.com\/hu\/wp-json\/wp\/v2\/media?parent=228434"}],"wp:term":[{"taxonomy":"category","embeddable":true,"href":"https:\/\/www.europesays.com\/hu\/wp-json\/wp\/v2\/categories?post=228434"},{"taxonomy":"post_tag","embeddable":true,"href":"https:\/\/www.europesays.com\/hu\/wp-json\/wp\/v2\/tags?post=228434"}],"curies":[{"name":"wp","href":"https:\/\/api.w.org\/{rel}","templated":true}]}}