{"id":228459,"date":"2026-09-01T08:53:12","date_gmt":"2026-09-01T08:53:12","guid":{"rendered":"https:\/\/www.europesays.com\/hu\/228459\/"},"modified":"2026-09-01T08:53:12","modified_gmt":"2026-09-01T08:53:12","slug":"30-eves-lett-zendaya-hollywood-egyik-legszerethetobb-szinesznoje","status":"publish","type":"post","link":"https:\/\/www.europesays.com\/hu\/228459\/","title":{"rendered":"30 \u00e9ves lett Zendaya, Hollywood egyik legszerethet\u0151bb sz\u00edn\u00e9szn\u0151je"},"content":{"rendered":"<p>\n                        Zendaya megker\u00fclhetetlen jelens\u00e9g napjainkban, aki m\u00e1t\u00f3l a harmincas \u00e9veibe l\u00e9p.                    <\/p>\n<p><a href=\"https:\/\/port.hu\/adatlap\/szemely\/zendaya\/person-525815\" rel=\"nofollow noopener\" target=\"_blank\">Zendaya Maree Stoermer Coleman<\/a> a kaliforniai Oaklandben sz\u00fcletett 1996. szeptember 1-j\u00e9n. \u00c9desapja nig\u00e9riai sz\u00e1rmaz\u00e1s\u00fa, \u00e9desanyja pedig n\u00e9met \u00e9s sk\u00f3t felmen\u0151kkel b\u00edr. M\u00e1r gyerekk\u00e9nt \u00e9rdekelte a sz\u00ednpad vil\u00e1ga: a California Shakespeare Theater programj\u00e1ban vett r\u00e9szt, ahol Shakespeare-darabokat adtak el\u0151, k\u00e9s\u0151bb a Disney Channel <a href=\"https:\/\/port.hu\/adatlap\/film\/tv\/indul-a-risza-shake-it-up\/movie-116291\" rel=\"nofollow noopener\" target=\"_blank\">Indul a risza!<\/a> c\u00edm\u0171 sorozat\u00e1ban szerepelt. Emellett t\u00e1ncolt is, hip-hopot \u00e9s hula t\u00e1ncot is tanult. Sz\u00e9ps\u00e9g\u00e9t a divatipar is felfedezte, t\u00f6bb rekl\u00e1mban is szerepelt, miel\u0151tt vil\u00e1gszt\u00e1rr\u00e1 v\u00e1lt.<\/p>\n<p>&#13;<br \/>\n<img decoding=\"async\" src=\"https:\/\/www.europesays.com\/hu\/wp-content\/uploads\/2026\/09\/646.webp\" alt=\"\" caption=\"true\" captiontext=\"Zendaya a sz\u00fcleivel 2013-ban - Forr\u00e1s: Getty Images - Bruce Glikas\/FilmMagic\"\/>Zendaya a sz\u00fcleivel 2013-ban &#8211; Forr\u00e1s: Getty Images &#8211; Bruce Glikas\/FilmMagic<\/p>\n<p>30. sz\u00fclet\u00e9snapja alkalm\u00e1b\u00f3l \u00f6sszeszedt\u00fcnk n\u00e9h\u00e1ny kev\u00e9sb\u00e9 ismert \u00e9rdekess\u00e9get napjaink egyik legnagyobb szt\u00e1rj\u00e1nak \u00e9let\u00e9r\u0151l, aki Anne Hathaway mellett egy\u00fattal az elm\u00falt \u00e9vek legfoglalkoztattabb sz\u00edn\u00e9szn\u0151j\u00e9nek is sz\u00e1m\u00edt: csak id\u00e9n n\u00e9gy filmje ker\u00fclt, illetve fog m\u00e9g ker\u00fclni a mozikba: a <a href=\"https:\/\/port.hu\/adatlap\/film\/mozi\/kesz-drama-the-drama\/movie-266732\" rel=\"nofollow noopener\" target=\"_blank\">K\u00e9sz dr\u00e1ma<\/a>, az <a href=\"https:\/\/port.hu\/adatlap\/film\/mozi\/odusszeia-the-odyssey\/movie-260909\" rel=\"nofollow noopener\" target=\"_blank\">Od\u00fcsszeia<\/a>, a <a href=\"https:\/\/port.hu\/adatlap\/film\/mozi\/pokember-vadonatuj-nap-spider-man-brand-new-day\/movie-267248\" rel=\"nofollow noopener\" target=\"_blank\">P\u00f3kember: Vadonat\u00faj nap<\/a> \u00e9s a <a href=\"https:\/\/port.hu\/adatlap\/film\/mozi\/dune-harmadik-resz-dune-part-three\/movie-267256\" rel=\"nofollow noopener\" target=\"_blank\">D\u0171ne: Harmadik r\u00e9sz<\/a>.<\/p>\n<p>&#13;<\/p>\n<p>\u2022 Keresztneve, mely egyben a m\u0171v\u00e9szneve is, m\u00e1ra brandd\u00e9 v\u00e1lt. A Zendaya sona nyelven (Zimbabwe egyik hivatalos nyelve) azt jelenti, hogy k\u00f6sz\u00f6netet adni\/h\u00e1l\u00e1snak lenni.<\/p>\n<p>&#13;<\/p>\n<p>\u2022 Gyerekkora \u00f3ta veget\u00e1ri\u00e1nus, egyben elk\u00f6telezett \u00e1llatv\u00e9d\u0151 is. Mindez kicsit furcsa annak f\u00e9ny\u00e9ben, hogy saj\u00e1t bevall\u00e1sa szerint nem igaz\u00e1n szereti a z\u00f6lds\u00e9geket. Hogy akkor mit eszik? Im\u00e1dja a t\u00e9szt\u00e1kat, a nutell\u00e1t \u00e9s egyik kedvenc \u00e9tele a burrito. A legkedvesebb ennival\u00f3ja azonban az, amit szerelme, egy\u00fattal imm\u00e1r f\u00e9rje is, <a href=\"https:\/\/port.hu\/adatlap\/szemely\/tom-holland\/person-485062\" rel=\"nofollow noopener\" target=\"_blank\">Tom Holland<\/a> f\u0151z neki.<\/p>\n<p>&#13;<\/p>\n<p>\u2022 A k\u00f6nyvek \u00e9s az olvas\u00e1s fontos sz\u00e1m\u00e1ra, gyerekk\u00e9nt k\u00fcl\u00f6n\u00f6sen sokat olvasott, \u00e9s szinte minden este Shakespeare-t id\u00e9zett, k\u00f6sz\u00f6nhet\u0151en annak, hogy az \u00e9desanyja a California Shakespeare Theaterben dolgozott, \u00e9s gyakran \u00fclt be \u0151 is az ottani el\u0151ad\u00e1sokra.<\/p>\n<p>&#13;<\/p>\n<p>\u2022 Nemcsak t\u00e1ncolni tud \u00e9s sz\u00edn\u00e9szkedik, \u00e9nekel is, s\u0151t saj\u00e1t zen\u00e9ket is \u00edr.<\/p>\n<p>&#13;<\/p>\n<p><a href=\"https:\/\/port.hu\/cikk\/mozi\/a-gyonyoru-uj-embertipus-zendaya\/article-100268\" rel=\"nofollow noopener\" target=\"_blank\"><img decoding=\"async\" src=\"https:\/\/www.europesays.com\/hu\/wp-content\/uploads\/2026\/09\/216.jpg\" width=\"300\"\/><\/a><a href=\"https:\/\/port.hu\/cikk\/mozi\/a-gyonyoru-uj-embertipus-zendaya\/article-100268\" rel=\"nofollow noopener\" target=\"_blank\">A gy\u00f6ny\u00f6r\u0171 \u00faj embert\u00edpus, Zendaya<\/a><\/p>\n<p>Sz\u00edn\u00e9szn\u0151, modell, \u00e9nekesn\u0151, \u00edr\u00f3, ruhatervez\u0151 \u00e9s m\u00e9g sok minden m\u00e1s korunk egyik m\u00e9lt\u00e1n legfelkapottabb szt\u00e1rja, aki Disney csillagocsk\u00e1b\u00f3l n\u0151tte ki mag\u00e1t.<\/p>\n<p><a class=\"article-btn\" href=\"https:\/\/port.hu\/cikk\/mozi\/a-gyonyoru-uj-embertipus-zendaya\/article-100268\" rel=\"nofollow noopener\" target=\"_blank\">Tov\u00e1bb<\/a><\/p>\n<p>&#13;<\/p>\n<p>\u2022 B\u00e1r a f\u00e9rje, Tom Holland nev\u00e9vel f\u00e9mjelzett P\u00f3kember-fimekben \u0151 alak\u00edtja Peter Parker (P\u00f3kember) szerelm\u00e9t, MJ-t, egyes pletyk\u00e1k szerint p\u00f3kf\u00f3bi\u00e1ja van \u2013 persze lehet, hogy ez csak egy marketingfog\u00e1s. Az MJ n\u00e9v egy\u00e9bk\u00e9nt ezekben a fimekben nem a Mary Jane nevet takarja, hanem a Michelle Jones (Michelle Jones-Watson) r\u00f6vid\u00edt\u00e9se. A n\u00e9vv\u00e1ltoztat\u00e1s az\u00e9rt t\u00f6rt\u00e9nt, mert az \u00e1ltala megform\u00e1lt l\u00e1ny teljesen elt\u00e9r Mary Jane eredeti karakter\u00e9t\u0151l.<\/p>\n<p>&#13;<\/p>\n<p>\u2022 Zendaya divatikon is, amit elk\u00e9peszt\u0151, olykor extravag\u00e1ns szettjeinek k\u00f6sz\u00f6nhet. Outfitje gyakran egy t\u00f6rt\u00e9netet mes\u00e9l el, egy-egy filmj\u00e9hez kapcsol\u00f3dan.<\/p>\n<p>&#13;<\/p>\n<p>\u2022 \u0150 az els\u0151 fekete n\u0151, aki k\u00e9tszer nyert Emmy-t dr\u00e1masorozatban ny\u00fajtott alak\u00edt\u00e1s\u00e9rt, 2020-ban \u00e9s 2022-ben. Term\u00e9szetesen az <a href=\"https:\/\/port.hu\/adatlap\/film\/tv\/euforia-euphoria\/movie-211196\" rel=\"nofollow noopener\" target=\"_blank\">Euf\u00f3ri\u00e1<\/a>r\u00f3l van sz\u00f3. Id\u00e9n is jel\u00f6lt\u00e9k, de ez\u00fattal nem nyert.<\/p>\n<p>&#13;<\/p>\n<p>\u2022 B\u00e1r szerepelt a <a href=\"https:\/\/port.hu\/adatlap\/film\/tv\/challengers-challengers\/movie-242042\" rel=\"nofollow noopener\" target=\"_blank\">Challengers<\/a> c\u00edm\u0171 sportfilmben, amelyben egy teniszez\u0151t alak\u00edt, \u00e9s ami miatt megtanult teniszezni is, a val\u00f3s\u00e1gban nem szeret sportolni. Ehelyett sz\u00edvesebben kert\u00e9szkedik vagy ker\u00e1mi\u00e1zik, illetve s\u00e9t\u00e1l a kuty\u00e1j\u00e1val.<\/p>\n<p>&#13;<\/p>\n<p>\u2022 \u00c9s ha m\u00e1r a kutya sz\u00f3ba ker\u00fclt, a n\u00e9gyl\u00e1b\u00fa t\u00e1rs\u00e1t Noonnak h\u00edvj\u00e1k, \u00e9s saj\u00e1t <a href=\"https:\/\/www.instagram.com\/nooncolemann\/\" target=\"_blank\" rel=\"noopener nofollow\">Instagram-oldala<\/a> is van, amit t\u00f6bb mint 41 ezren k\u00f6vetnek. Noon Coleman oldal\u00e1t nem csak a kutya miatt \u00e9rdemes megn\u00e9zni, ugyanis cuki babafot\u00f3k is tal\u00e1lhat\u00f3k ott Zenday\u00e1r\u00f3l. Zendaya \u00e9s Tom Holland im\u00e1dott \u201efia\u201d szeret hosszasan szuny\u00f3k\u00e1lni, f\u0151leg ha jutalomfalatot is kap a v\u00e9g\u00e9n \u2013 der\u00fcl ki a bemutatkoz\u00f3 sz\u00f6vegb\u0151l.<\/p>\n<p>&#13;<br \/>\n&#13;<br \/>\nN\u00c9ZD V\u00c9GIG SZ\u00dcLET\u00c9SNAPI K\u00c9PGAL\u00c9RI\u00c1NKAT ZENDAY\u00c1R\u00d3L!&#13;<\/p>\n<p><img decoding=\"async\" src=\"https:\/\/www.europesays.com\/hu\/wp-content\/uploads\/2026\/09\/616.webp\"\/><\/p>\n<p>30 \u00e9rdekes fot\u00f3 a 30 \u00e9ves Zenday\u00e1r\u00f3l<\/p>\n<p>\u00a0<\/p>\n<p>30<\/p>\n<p>&#13;<\/p>\n<p>\u00a0<\/p>\n<p>&#13;<\/p>\n<p><a href=\"https:\/\/port.hu\/kereso\/cikk?tags%5B0%5D=k%C3%A9pgal%C3%A9ria\" rel=\"nofollow noopener\" target=\"_blank\">Tov\u00e1bbi k\u00e9pgal\u00e9ri\u00e1k &gt;&gt;<\/a><\/p>\n<p>&#13;<\/p>\n<p>via Biography<\/p>\n<p>                <a href=\"https:\/\/google.com\/preferences\/source?q=https:\/\/port.hu\" target=\"_blank\" class=\"google-pref-banner\" id=\"googlePrefBanner\" rel=\"nofollow noopener\"><br \/>\n                    <img loading=\"lazy\" decoding=\"async\" src=\"https:\/\/port.hu\/img\/svg\/google-logo.svg\" width=\"52\" height=\"52\"\/><br \/>\n                    Itt \u00e1ll\u00edtsa be, hogy a Port az els\u0151k k\u00f6z\u00f6tt legyen a Google-tal\u00e1latokban!<\/p>\n<p>                <\/a><\/p>\n<p>                                <script async src=\"\/\/www.instagram.com\/embed.js\"><\/script><\/p>\n","protected":false},"excerpt":{"rendered":"Zendaya megker\u00fclhetetlen jelens\u00e9g napjainkban, aki m\u00e1t\u00f3l a harmincas \u00e9veibe l\u00e9p. Zendaya Maree Stoermer Coleman a kaliforniai Oaklandben sz\u00fcletett&hellip;\n","protected":false},"author":2,"featured_media":228460,"comment_status":"","ping_status":"","sticky":false,"template":"","format":"standard","meta":{"footnotes":"","_share_on_mastodon":"0"},"categories":[21],"tags":[198,1216,137,10432,7621,199,44,42,40,2479,43,41,166,18681,1231,138,154,7545,1299],"class_list":["post-228459","post","type-post","status-publish","format-standard","has-post-thumbnail","category-hiressegek","tag-celebrities","tag-dune","tag-entertainment","tag-erdekessegek","tag-euforia","tag-hiressegek","tag-hu","tag-hungarian","tag-hungary","tag-kepgaleria","tag-magyar","tag-magyarorszag","tag-mozi","tag-odusszeia","tag-pokember","tag-szorakozas","tag-szuletesnap","tag-tom-holland","tag-zendaya"],"share_on_mastodon":{"url":"https:\/\/pubeurope.com\/@hu\/117194942897889113","error":""},"_links":{"self":[{"href":"https:\/\/www.europesays.com\/hu\/wp-json\/wp\/v2\/posts\/228459","targetHints":{"allow":["GET"]}}],"collection":[{"href":"https:\/\/www.europesays.com\/hu\/wp-json\/wp\/v2\/posts"}],"about":[{"href":"https:\/\/www.europesays.com\/hu\/wp-json\/wp\/v2\/types\/post"}],"author":[{"embeddable":true,"href":"https:\/\/www.europesays.com\/hu\/wp-json\/wp\/v2\/users\/2"}],"replies":[{"embeddable":true,"href":"https:\/\/www.europesays.com\/hu\/wp-json\/wp\/v2\/comments?post=228459"}],"version-history":[{"count":0,"href":"https:\/\/www.europesays.com\/hu\/wp-json\/wp\/v2\/posts\/228459\/revisions"}],"wp:featuredmedia":[{"embeddable":true,"href":"https:\/\/www.europesays.com\/hu\/wp-json\/wp\/v2\/media\/228460"}],"wp:attachment":[{"href":"https:\/\/www.europesays.com\/hu\/wp-json\/wp\/v2\/media?parent=228459"}],"wp:term":[{"taxonomy":"category","embeddable":true,"href":"https:\/\/www.europesays.com\/hu\/wp-json\/wp\/v2\/categories?post=228459"},{"taxonomy":"post_tag","embeddable":true,"href":"https:\/\/www.europesays.com\/hu\/wp-json\/wp\/v2\/tags?post=228459"}],"curies":[{"name":"wp","href":"https:\/\/api.w.org\/{rel}","templated":true}]}}