{"id":228511,"date":"2026-09-01T09:48:10","date_gmt":"2026-09-01T09:48:10","guid":{"rendered":"https:\/\/www.europesays.com\/hu\/228511\/"},"modified":"2026-09-01T09:48:10","modified_gmt":"2026-09-01T09:48:10","slug":"index-gazdasag-hivatalos-igy-kuzdenek-vitezy-davidek-a-lakhatasi-valsag-ellen","status":"publish","type":"post","link":"https:\/\/www.europesays.com\/hu\/228511\/","title":{"rendered":"Index &#8211; Gazdas\u00e1g &#8211; Hivatalos: \u00edgy k\u00fczdenek Vit\u00e9zy D\u00e1vid\u00e9k a lakhat\u00e1si v\u00e1ls\u00e1g ellen"},"content":{"rendered":"<p>Gyakorlatilag azzal egy id\u0151ben, hogy <a href=\"https:\/\/index.hu\/gazdasag\/2026\/09\/01\/ingatlan-ingatlanpiac-lakas-lakaspiac-otthon-start-program-ingatlanarak-lakasarak-lakhatas-lakhatasi-valsag-hitelpiac\/\" id=\"hyperlink_e7a85dce5108753484b8cd97aa826a28\" target=\"_blank\" title=\"M\u00e9rlegen az Orb\u00e1n-korm\u00e1ny utols\u00f3 lak\u00e1spolitikai int\u00e9zked\u00e9se, ajt\u00f3k ny\u00edltak ki, nem mindenkinek jutott hely\" data-recommendation=\"bekezdes_utan\" data-recommendation-preview=\"{&quot;og:title&quot;:&quot;M\u00e9rlegen az Orb\u00e1n-korm\u00e1ny utols\u00f3 lak\u00e1spolitikai int\u00e9zked\u00e9se, ajt\u00f3k ny\u00edltak ki, nem mindenkinek jutott hely&quot;,&quot;og:description&quot;:&quot;Egy\u00e9ves az Otthon Start Program, mutatjuk az eddigi m\u00e9rleget.&quot;,&quot;og:image&quot;:&quot;\\\/\\\/kep.cdn.indexvas.hu\\\/1\\\/0\\\/7135\\\/71351\\\/713517\\\/71351733_5261531_031fb903d9b09c515db4e894c3fbaafa_wm.jpg&quot;}\" data-recommendation-id=\"6270535\" rel=\"nofollow noopener\">az Index m\u00e9rlegre tette<\/a> az el\u0151z\u0151 korm\u00e1ny utols\u00f3 otthonteremt\u00e9si programj\u00e1nak, vagyis az Otthon Start Program teljes\u00edtm\u00e9ny\u00e9t, hivatalos form\u00e1t \u00f6lt\u00f6tt, hogy az \u00faj kabinet mik\u00e9nt igyekszik csillap\u00edtani a sz\u00e1mos \u00e1llamilag t\u00e1mogatott int\u00e9zked\u00e9s ellen\u00e9re is burj\u00e1nz\u00f3 lakhat\u00e1si v\u00e1ls\u00e1got.<\/p>\n<p>                        B\u00e9rlak\u00e1sok, koll\u00e9giumok, \u00e1llami lak\u00e1s\u00fcgyn\u00f6ks\u00e9g<\/p>\n<p class=\"isSelectedEnd\">A Tisza-korm\u00e1ny d\u00f6nt\u00f6tt az \u00faj lak\u00e1s\u00e9p\u00edt\u00e9si program el\u0151k\u00e9sz\u00edt\u00e9s\u00e9r\u0151l. A <a href=\"https:\/\/magyarkozlony.hu\/dokumentumok\/63e781ed79f909649946634ed8f194c55799d783\/megtekintes\" id=\"hyperlink_8318196490360005b341081703bb531c\" rel=\"nofollow noopener\" target=\"_blank\">Magyar K\u00f6zl\u00f6nyben<\/a> megjelent hat\u00e1rozat szerint a k\u00f6zleked\u00e9si \u00e9s beruh\u00e1z\u00e1si miniszternek a p\u00e9nz\u00fcgyminiszter bevon\u00e1s\u00e1val szeptember 30-ig kell kidolgoznia a Wekerle Lak\u00e1s\u00e9p\u00edt\u00e9si Programot.<\/p>\n<p class=\"isSelectedEnd\">A c\u00e9l a lak\u00e1sk\u00edn\u00e1lat b\u0151v\u00edt\u00e9se \u00e9s a megfizethet\u0151 lak\u00e1sok ar\u00e1ny\u00e1nak n\u00f6vel\u00e9se. A program a barnamez\u0151s ter\u00fcletek hasznos\u00edt\u00e1s\u00e1t, az energiahat\u00e9kony \u00e9s fenntarthat\u00f3 \u00e9p\u00edtkez\u00e9seket, valamint a megfelel\u0151 k\u00f6zleked\u00e9si \u00e9s k\u00f6zm\u0171kapcsolatokkal rendelkez\u0151 beruh\u00e1z\u00e1sokat r\u00e9szes\u00edten\u00e9 el\u0151nyben. A korm\u00e1ny az enged\u00e9lyez\u00e9si \u00e9s szab\u00e1lyoz\u00e1si k\u00f6rnyezet egyszer\u0171s\u00edt\u00e9s\u00e9t, illetve az \u00f6nkorm\u00e1nyzatokkal val\u00f3 egy\u00fcttm\u0171k\u00f6d\u00e9s er\u0151s\u00edt\u00e9s\u00e9t is tervezi.<\/p>\n<p class=\"isSelectedEnd\">Ahogy arr\u00f3l kor\u00e1bban is tudni lehetett, a program egyik hangs\u00falyos eleme az int\u00e9zm\u00e9nyi <a href=\"https:\/\/index.hu\/gazdasag\/2026\/08\/03\/lakasepites-uj-lakas-epitkezes-epites-epitesi-engedely-lakhatas-ingatlan-ingatanpiac-otthon-start-berlakasprogram\/\" id=\"hyperlink_cb63b188c66b4b35e4788d5315316936\" target=\"_blank\" title=\"F\u00e9ny az alag\u00fat v\u00e9g\u00e9n, az Otthon Start \u00e9s a b\u00e9rlak\u00e1sprogram egy\u00fctt nagyot \u00fcthet\" data-recommendation=\"bekezdes_utan\" data-recommendation-preview=\"{&quot;og:title&quot;:&quot;F\u00e9ny az alag\u00fat v\u00e9g\u00e9n, az Otthon Start \u00e9s a b\u00e9rlak\u00e1sprogram egy\u00fctt nagyot \u00fcthet&quot;,&quot;og:description&quot;:&quot;Ritk\u00e1n l\u00e1tott n\u00f6veked\u00e9s indult, de m\u00e9g mindig kev\u00e9s lak\u00e1s \u00e9p\u00fcl Magyarorsz\u00e1gon.&quot;,&quot;og:image&quot;:&quot;\\\/\\\/kep.cdn.indexvas.hu\\\/1\\\/0\\\/7079\\\/70790\\\/707902\\\/70790231_5221369_f51202a4e9725797efcf7fcdde4aa423_wm.jpg&quot;}\" data-recommendation-id=\"6255539\" rel=\"nofollow noopener\">b\u00e9rlak\u00e1sok<\/a> \u00e9s a koll\u00e9giumi f\u00e9r\u0151helyek sz\u00e1m\u00e1nak n\u00f6vel\u00e9se. A kabinet hossz\u00fa t\u00e1von az int\u00e9zm\u00e9nyi befektet\u0151k lak\u00e1spiaci szerepv\u00e1llal\u00e1s\u00e1t is \u00f6szt\u00f6n\u00f6zn\u00e9, ehhez pedig p\u00e9nz\u00fcgyi, szab\u00e1lyoz\u00e1si \u00e9s ad\u00f3politikai eszk\u00f6z\u00f6ket dolgozn\u00e1nak ki.<\/p>\n<p>A megfizethet\u0151 b\u00e9rlak\u00e1sok fejleszt\u00e9s\u00e9t seg\u00edt\u0151 int\u00e9zked\u00e9scsomagnak, valamint az \u00e1llami lak\u00e1s\u00fcgyn\u00f6ks\u00e9gi rendszer szab\u00e1lyoz\u00e1si koncepci\u00f3j\u00e1nak december 31-ig kell elk\u00e9sz\u00fclnie.<\/p>\n<p class=\"isSelectedEnd\">A hat\u00e1rozat egyel\u0151re nem r\u00f6gz\u00edti, hogy mekkora \u00f6sszegb\u0151l, h\u00e1ny lak\u00e1s vagy koll\u00e9giumi f\u00e9r\u0151hely \u00e9p\u00fclhet.<\/p>\n<p>                        Kiemelt st\u00e1tuszok ker\u00fclhetnek vesz\u00e9lybe<\/p>\n<p class=\"isSelectedEnd\">Vit\u00e9zy D\u00e1vid k\u00f6zleked\u00e9si \u00e9s beruh\u00e1z\u00e1si miniszternek okt\u00f3ber 31-ig <a href=\"https:\/\/index.hu\/gazdasag\/2026\/08\/28\/ingatlan-ingatlanpiac-ingatlanberuhazas-lakasepites-uj-lakas-ujepitesu-lakas-kiemelt-beruhazas-otthon-start-program\/\" id=\"hyperlink_656f6f3c62cd4a3bb3c8d2863c7035bc\" target=\"_blank\" title=\"Brut\u00e1lis v\u00e1ltoz\u00e1s el\u0151tt az ingatlanpiac, ez sokak lakhat\u00e1s\u00e1ra hat\u00e1ssal lehet\" data-recommendation=\"bekezdes_utan\" data-recommendation-preview=\"{\" og:title=\"\" rel=\"nofollow noopener\">kell \u00e1tvil\u00e1g\u00edtania a lak\u00e1sc\u00e9l\u00fa kiemelt beruh\u00e1z\u00e1sokat<\/a>. A vizsg\u00e1lat sor\u00e1n \u00e9rt\u00e9kelik, hogy az egyes projektek mennyiben n\u00f6velik a lak\u00e1sk\u00edn\u00e1latot, milyen ar\u00e1nyban biztos\u00edtanak megfizethet\u0151 otthonokat, tov\u00e1bb\u00e1 rendelkeznek-e megfelel\u0151 k\u00f6zleked\u00e9si, k\u00f6zm\u0171- \u00e9s k\u00f6z\u00f6ss\u00e9gi infrastrukt\u00far\u00e1val.<\/p>\n<p>Figyelembe veszik a telep\u00fcl\u00e9srendez\u00e9si szempontokat, az \u00f6nkorm\u00e1nyzatokkal val\u00f3 egy\u00fcttm\u0171k\u00f6d\u00e9st, valamint a beruh\u00e1z\u00e1sok t\u00e1rsadalmi \u00e9s k\u00f6rnyezeti hat\u00e1sait is. A fel\u00fclvizsg\u00e1lat eredm\u00e9nyek\u00e9nt egy projekt v\u00e1ltozatlan vagy m\u00f3dos\u00edtott felt\u00e9telekkel tarthatja meg kiemelt st\u00e1tusz\u00e1t, de a kedvezm\u00e9nyes besorol\u00e1st meg is sz\u00fcntethetik. Az err\u0151l sz\u00f3l\u00f3 korm\u00e1nyzati el\u0151terjeszt\u00e9st november 30-ig kell elk\u00e9sz\u00edteni.<\/p>\n<p>\n                          (Bor\u00edt\u00f3k\u00e9p: K\u00e9p\u00fcnk illusztr\u00e1ci\u00f3! Fot\u00f3: T\u00f6vissi Bence \/ Index)\n                        <\/p>\n<p><a href=\"https:\/\/dex.hu\/x.php?id=googlepref_desktop&amp;url=https:\/\/google.com\/preferences\/source?q=https:\/\/index.hu\" class=\"google-pref-banner \" id=\"googlePrefBanner\" rel=\"nofollow noopener\" target=\"_blank\"><\/p>\n<p>    Itt \u00e1ll\u00edtsa be, hogy az Index az els\u0151k k\u00f6z\u00f6tt legyen a Google-tal\u00e1latokban!<\/p>\n<p><\/a><\/p>\n<p>    <img decoding=\"async\" src=\"https:\/\/index.hu\/assets\/images\/social-follow\/logo-big.svg\" alt=\"Index.hu logo\"\/><\/p>\n<p>K\u00f6vesse az Indexet Facebookon is!<\/p>\n<p>    <a href=\"https:\/\/facebook.com\/Indexhu\" target=\"_blank\" rel=\"nofollow noopener\"><\/p>\n<p>        K\u00f6vetem!<br \/>\n    <\/a><\/p>\n","protected":false},"excerpt":{"rendered":"Gyakorlatilag azzal egy id\u0151ben, hogy az Index m\u00e9rlegre tette az el\u0151z\u0151 korm\u00e1ny utols\u00f3 otthonteremt\u00e9si programj\u00e1nak, vagyis az Otthon&hellip;\n","protected":false},"author":2,"featured_media":228512,"comment_status":"","ping_status":"","sticky":false,"template":"","format":"standard","meta":{"footnotes":"","_share_on_mastodon":"0"},"categories":[33],"tags":[60667,35280,38,63,35,37,44,42,40,1670,15587,5080,29261,39221,1189,9221,18242,43,1858,41,34,11947,36,39,593,58545],"class_list":["post-228511","post","type-post","status-publish","format-standard","has-post-thumbnail","category-hirek","tag-berlakasok","tag-berlakasprogram","tag-focimek","tag-gazdasag","tag-headlines","tag-hirek","tag-hu","tag-hungarian","tag-hungary","tag-ingatlan","tag-ingatlanberuhazas","tag-ingatlanpiac","tag-kiemelt-beruhazas","tag-kollegium","tag-lakasepites","tag-lakhatas","tag-lakhatasi-valsag","tag-magyar","tag-magyar-kozlony","tag-magyarorszag","tag-news","tag-otthonteremtes","tag-top-stories","tag-vezeto-hirek","tag-vitezy-david","tag-wekerle-lakasepitesi-program"],"share_on_mastodon":{"url":"https:\/\/pubeurope.com\/@hu\/117195159078210118","error":""},"_links":{"self":[{"href":"https:\/\/www.europesays.com\/hu\/wp-json\/wp\/v2\/posts\/228511","targetHints":{"allow":["GET"]}}],"collection":[{"href":"https:\/\/www.europesays.com\/hu\/wp-json\/wp\/v2\/posts"}],"about":[{"href":"https:\/\/www.europesays.com\/hu\/wp-json\/wp\/v2\/types\/post"}],"author":[{"embeddable":true,"href":"https:\/\/www.europesays.com\/hu\/wp-json\/wp\/v2\/users\/2"}],"replies":[{"embeddable":true,"href":"https:\/\/www.europesays.com\/hu\/wp-json\/wp\/v2\/comments?post=228511"}],"version-history":[{"count":0,"href":"https:\/\/www.europesays.com\/hu\/wp-json\/wp\/v2\/posts\/228511\/revisions"}],"wp:featuredmedia":[{"embeddable":true,"href":"https:\/\/www.europesays.com\/hu\/wp-json\/wp\/v2\/media\/228512"}],"wp:attachment":[{"href":"https:\/\/www.europesays.com\/hu\/wp-json\/wp\/v2\/media?parent=228511"}],"wp:term":[{"taxonomy":"category","embeddable":true,"href":"https:\/\/www.europesays.com\/hu\/wp-json\/wp\/v2\/categories?post=228511"},{"taxonomy":"post_tag","embeddable":true,"href":"https:\/\/www.europesays.com\/hu\/wp-json\/wp\/v2\/tags?post=228511"}],"curies":[{"name":"wp","href":"https:\/\/api.w.org\/{rel}","templated":true}]}}