{"id":228524,"date":"2026-09-01T10:02:10","date_gmt":"2026-09-01T10:02:10","guid":{"rendered":"https:\/\/www.europesays.com\/hu\/228524\/"},"modified":"2026-09-01T10:02:10","modified_gmt":"2026-09-01T10:02:10","slug":"index-gazdasag-hatalmas-bejelentest-tett-kapitany-istvan-ez-lesz-a-szelenergia-jovoje-magyarorszagon","status":"publish","type":"post","link":"https:\/\/www.europesays.com\/hu\/228524\/","title":{"rendered":"Index &#8211; Gazdas\u00e1g &#8211; Hatalmas bejelent\u00e9st tett Kapit\u00e1ny Istv\u00e1n, ez lesz a sz\u00e9lenergia j\u00f6v\u0151je Magyarorsz\u00e1gon"},"content":{"rendered":"<p>J\u00f3 h\u00edrrel jelentkez\u00fcnk, hossz\u00fa \u00e9vek ut\u00e1n \u00fajra megnyitjuk az utat a sz\u00e9ler\u0151m\u0171-fejleszt\u00e9sek el\u0151tt Magyarorsz\u00e1gon\u00a0\u2013 jelentette be Kapit\u00e1ny Istv\u00e1n kedden <a href=\"https:\/\/www.facebook.com\/reel\/1387366716168510?locale=hu_HU\" id=\"hyperlink_403200c32f7c74359d0edd51c084a88c\" rel=\"nofollow noopener\" target=\"_blank\">a k\u00f6z\u00f6ss\u00e9gi m\u00e9di\u00e1ban<\/a>. A\u00a0gazdas\u00e1gi \u00e9s energetikai miniszter a vide\u00f3j\u00e1ban arr\u00f3l besz\u00e9lt, hogy olyan beruh\u00e1z\u00e1sokat akarnak, amelyek er\u0151s\u00edtik Magyarorsz\u00e1g energiarendszer\u00e9t, munk\u00e1t \u00e9s megrendel\u00e9st adnak a magyar v\u00e1llalkoz\u00e1soknak, \u00e9s amelyekb\u0151l azok a magyar telep\u00fcl\u00e9sek is profit\u00e1lnak, amelyek helyet adnak nekik.<\/p>\n<p>Ez\u00e9rt \u00edrtuk ki az \u00faj sz\u00e9ler\u0151m\u0171vi kapacit\u00e1sp\u00e1ly\u00e1zatot. [\u2026] Ez nem t\u00e1mogat\u00e1si p\u00e1ly\u00e1zat. A sz\u00e9ler\u0151m\u0171vek meg\u00e9p\u00edt\u00e9s\u00e9re nem osztunk ki se uni\u00f3s, se magyar k\u00f6lts\u00e9gvet\u00e9si t\u00e1mogat\u00e1st. A beruh\u00e1z\u00e1sokat mag\u00e1nt\u0151ke finansz\u00edrozza. Az \u00e1llam feladata az, hogy megteremtse a felt\u00e9teleket, vil\u00e1gos szab\u00e1lyokat alkosson, fejlessze a h\u00e1l\u00f3zatot \u00e9s k\u00f6zben \u00e9rv\u00e9nyes\u00edtse a magyar gazdas\u00e1g, a magyar v\u00e1llalkoz\u00e1sok \u00e9s a helyi k\u00f6z\u00f6ss\u00e9gek \u00e9rdekeit.<\/p>\n<p>A miniszter bejelent\u00e9se szerint a mostani p\u00e1ly\u00e1zattal<\/p>\n<p>                        \u00f6sszesen hat j\u00e1r\u00e1sban kilenc h\u00e1l\u00f3zati csom\u00f3ponton t\u00f6bb mint 700 megawatt nagys\u00e1grend\u0171 \u00faj sz\u00e9ler\u0151m\u0171vi kapacit\u00e1s h\u00e1l\u00f3zati csatlakoz\u00e1sa el\u0151tt ny\u00edlik meg az \u00fat. Eg\u00e9szen pontosan 702 megavoltamper, \u00faj h\u00e1l\u00f3zati bet\u00e1pl\u00e1l\u00e1si kapacit\u00e1s.<br \/>\n                        A p\u00e1ly\u00e1zatokat szeptember 4-t\u0151l okt\u00f3ber 30-ig lehet beny\u00fajtani, az eredm\u00e9nyhirdet\u00e9s hat\u00e1rideje pedig december 13.<br \/>\n                        M\u00e9g a legkisebb projekt is komoly beruh\u00e1z\u00e1s lesz legal\u00e1bb 16 megawatt be\u00e9p\u00edtett teljes\u00edtm\u00e9nyre \u00e9s 16 megavoltamper\u00a0bet\u00e1pl\u00e1l\u00e1si kapacit\u00e1sra lehet p\u00e1ly\u00e1zni.<\/p>\n<p>\u201eArra is figyel\u00fcnk, hogy ne egyetlen szerepl\u0151 vigye el az eg\u00e9sz lehet\u0151s\u00e9get, egy v\u00e1llalt csoport \u00f6sszesen legfeljebb 200 megavoltamper, egy h\u00e1l\u00f3zati csom\u00f3ponton pedig legfeljebb 100 megawatt kapacit\u00e1st szerezhet\u201d\u00a0\u2013 \u00f6sszegezte a t\u00e1rcavezet\u0151.<\/p>\n<p>                        Hossz\u00fa t\u00e1vra tervez a korm\u00e1ny a sz\u00e9lenergi\u00e1val<\/p>\n<p>Kapit\u00e1ny Istv\u00e1n ugyanakkor vil\u00e1goss\u00e1 tette, hogy a most meghirdetett p\u00e1ly\u00e1zatot csak az els\u0151 l\u00e9p\u00e9snek sz\u00e1nj\u00e1k. A c\u00e9l az, hogy a sz\u00e9lenergia fejleszt\u00e9se ne egyszeri program legyen, hanem egy hosszabb t\u00e1von kisz\u00e1m\u00edthat\u00f3 fejleszt\u00e9si p\u00e1lya induljon el Magyarorsz\u00e1gon. Ennek r\u00e9szek\u00e9nt a most meghirdetett, t\u00f6bb mint 700 megawatt nagys\u00e1grend\u0171 lehet\u0151s\u00e9g ut\u00e1n 2027 \u00e9s 2030 k\u00f6z\u00f6tt \u00f6sszesen legal\u00e1bb 4000 megawatt sz\u00e9ler\u0151m\u0171vi h\u00e1l\u00f3zati kapacit\u00e1s p\u00e1ly\u00e1ztat\u00e1s\u00e1t tervezik. Ez \u00e9ves \u00e1tlagban mintegy 1000 megawatt \u00faj, p\u00e1ly\u00e1zhat\u00f3 kapacit\u00e1st jelenthet.<\/p>\n<p>Kapit\u00e1ny szerint az elm\u00falt id\u0151szak egyik legfontosabb energetikai tanuls\u00e1ga, hogy Magyarorsz\u00e1gnak t\u00f6bb l\u00e1bon \u00e1ll\u00f3, er\u0151s \u00e9s rugalmas energiarendszerre van sz\u00fcks\u00e9ge. Ennek megfelel\u0151en nem egyetlen technol\u00f3gi\u00e1ban l\u00e1tj\u00e1k a megold\u00e1st. Magyarorsz\u00e1g az elm\u00falt id\u0151szakban jelent\u0151s el\u0151rel\u00e9p\u00e9st tett a napenergia ter\u00fclet\u00e9n, Kapit\u00e1ny azonban arra h\u00edvta fel a figyelmet, hogy a napenergia \u00f6nmag\u00e1ban nem k\u00e9pes a nap 24 \u00f3r\u00e1j\u00e1ban termelni. A sz\u00e9lenergia ezzel szemben m\u00e1s id\u0151szakokban, elt\u00e9r\u0151 termel\u00e9si profillal k\u00e9pes villamos energi\u00e1t biztos\u00edtani.\u00a0<\/p>\n<p>\u00c9ppen ez\u00e9rt a nap- \u00e9s a sz\u00e9lenergi\u00e1t nem egym\u00e1s versenyt\u00e1rsainak, hanem egym\u00e1st kieg\u00e9sz\u00edt\u0151 technol\u00f3gi\u00e1knak tekintik.<\/p>\n<p>A miniszter szerint ebben az energiamixben az atomenergi\u00e1nak \u00e9s a rugalmas g\u00e1zer\u0151m\u0171vi kapacit\u00e1soknak is hely\u00fck van, mik\u00f6zben egyre nagyobb szerepet kap az energiat\u00e1rol\u00e1s. Kapit\u00e1ny szerint az energiapolitik\u00e1juk l\u00e9nyege \u00e9ppen az, hogy ne egyetlen technol\u00f3gi\u00e1ra tegyenek fel mindent, hanem olyan rendszert \u00e9p\u00edtsenek, amelyben a k\u00fcl\u00f6nb\u00f6z\u0151 energiaforr\u00e1sok \u00e9s technol\u00f3gi\u00e1k egym\u00e1st kieg\u00e9sz\u00edtve teszik biztons\u00e1gosabb\u00e1 Magyarorsz\u00e1g energiaell\u00e1t\u00e1s\u00e1t.<\/p>\n<p>A sz\u00e9lenergia szerepe ugyanakkor nem mer\u00fcl ki abban, hogy meg\u00fajul\u00f3 energiaforr\u00e1s. Kapit\u00e1ny Istv\u00e1n szerint a megfelel\u0151 adotts\u00e1g\u00fa helysz\u00edneken fel\u00e9p\u00edtett sz\u00e1razf\u00f6ldi sz\u00e9ler\u0151m\u0171vek az \u00faj villamosenergia-termel\u0151 technol\u00f3gi\u00e1k egyik legversenyk\u00e9pesebb form\u00e1j\u00e1t jelentik. A Magyarorsz\u00e1gon m\u0171k\u00f6d\u0151 sz\u00e9ler\u0151m\u0171vek r\u00e1ad\u00e1sul hazai er\u0151forr\u00e1sb\u00f3l termelnek villamos energi\u00e1t, \u00edgy import\u00e1ramot, valamint a hazai villamosenergia-termel\u00e9shez felhaszn\u00e1lt importf\u00f6ldg\u00e1zt is kiv\u00e1lthatnak.<\/p>\n<p>\u201eMin\u00e9l t\u00f6bb villamos energi\u00e1t termel\u00fcnk itthon, ann\u00e1l kev\u00e9sb\u00e9 f\u00fcgg\u00fcnk a k\u00fclf\u00f6ldi energiahordoz\u00f3kt\u00f3l, az importlehet\u0151s\u00e9gekt\u0151l \u00e9s a nemzetk\u00f6zi energiapiacok \u00e1rkileng\u00e9seit\u0151l. Ez nemcsak energetikai, hanem gazdas\u00e1gi k\u00e9rd\u00e9s is. A kisz\u00e1m\u00edthat\u00f3bb \u00e9s versenyk\u00e9pesebb hazai energiatermel\u00e9s m\u00e9rs\u00e9kelheti az energiak\u00f6lts\u00e9geket, jav\u00edthatja a magyar v\u00e1llalkoz\u00e1sok versenyk\u00e9pess\u00e9g\u00e9t \u00e9s er\u0151s\u00edtheti Magyarorsz\u00e1g ell\u00e1t\u00e1sbiztons\u00e1g\u00e1t. 4000 megawatt sz\u00e9ler\u0151m\u0171vi kapacit\u00e1s \u00e9vente mintegy 9-10 terawatt\u00f3ra villamos energi\u00e1t termelhet\u201d\u00a0\u2013 mondta a miniszter.<\/p>\n<p>                        Hatalmas h\u00e1l\u00f3zatfejleszt\u00e9s j\u00f6n, 1,5 milli\u00e1rd eur\u00f3t ford\u00edtanak r\u00e1<\/p>\n<p>Kapit\u00e1ny Istv\u00e1n szerint kedvez\u0151 termel\u00e9si adotts\u00e1gok mellett az \u00e9ves sz\u00e9lenergia-termel\u00e9s a 10 terawatt\u00f3r\u00e1t is meghaladhatja. Ez a jelenlegi magyar villamosenergia-felhaszn\u00e1l\u00e1s k\u00f6zel egy\u00f6t\u00f6d\u00e9nek felelne meg. \u00c9rtelmez\u00e9se szerint ez jelenti a val\u00f3di energiaszuverenit\u00e1st: t\u00f6bb hazai termel\u00e9st, kisebb importkitetts\u00e9get \u00e9s t\u00f6bb, egym\u00e1st kieg\u00e9sz\u00edt\u0151 energiaforr\u00e1st. Ehhez azonban nem elegend\u0151 \u00f6nmag\u00e1ban \u00faj sz\u00e9ler\u0151m\u0171veket \u00e9p\u00edteni.<\/p>\n<p>Kapit\u00e1ny Istv\u00e1n szerint arra is sz\u00fcks\u00e9g van, hogy a megtermelt energia akkor \u00e9s ott \u00e1lljon rendelkez\u00e9sre, amikor \u00e9s ahol sz\u00fcks\u00e9g van r\u00e1. \u00c9ppen ez\u00e9rt az \u00faj p\u00e1ly\u00e1zati rendszer az energiat\u00e1rol\u00e1st is \u00f6szt\u00f6nzi:\u00a0<\/p>\n<p>a p\u00e1ly\u00e1z\u00f3k a sz\u00e9ler\u0151m\u0171vek mell\u00e9 akkumul\u00e1toros energiat\u00e1rol\u00f3t is telep\u00edthetnek, ami az elb\u00edr\u00e1l\u00e1s sor\u00e1n k\u00fcl\u00f6n pontot \u00e9r. Ennek felt\u00e9tele, hogy a t\u00e1rol\u00f3 kapacit\u00e1sa el\u00e9rje legal\u00e1bb a megp\u00e1ly\u00e1zott kapacit\u00e1s 5 sz\u00e1zal\u00e9k\u00e1t.<\/p>\n<p>A miniszter szerint a m\u00e1sik kulcsk\u00e9rd\u00e9s a villamosenergia-h\u00e1l\u00f3zat \u00e1llapota. Kapit\u00e1ny szerint az elm\u00falt id\u0151szakban az\u00e9rt ind\u00edtott\u00e1k el a magyar villamosenergia-h\u00e1l\u00f3zat fejleszt\u00e9s\u00e9t, hogy a k\u00f6vetkez\u0151 \u00e9vekben \u00e9rkez\u0151 \u00faj termel\u0151kapacit\u00e1sokat be lehessen kapcsolni a rendszerbe. A sorrendet meghat\u00e1roz\u00f3nak nevezte: el\u0151bb a sz\u00fcks\u00e9ges h\u00e1l\u00f3zati felt\u00e9teleket teremtik meg, \u00e9s csak ezt k\u00f6vet\u0151en nyitj\u00e1k meg az utat az \u00faj termel\u0151kapacit\u00e1sok el\u0151tt.<\/p>\n<p>A h\u00e1l\u00f3zat fejleszt\u00e9s\u00e9re 1,5 milli\u00e1rd eur\u00f3 Magyarorsz\u00e1gra \u00e9rkez\u0151 uni\u00f3s forr\u00e1st ford\u00edtanak.<\/p>\n<p>Kapit\u00e1ny ugyanakkor hangs\u00falyozta, ebb\u0151l a p\u00e9nzb\u0151l nem magukat a sz\u00e9ler\u0151m\u0171veket finansz\u00edrozz\u00e1k: az uni\u00f3s forr\u00e1s a h\u00e1l\u00f3zati felt\u00e9telek megteremt\u00e9s\u00e9t szolg\u00e1lja, m\u00edg az er\u0151m\u0171vek meg\u00e9p\u00edt\u00e9s\u00e9t mag\u00e1nbefektet\u0151kre b\u00edzz\u00e1k. A terveknek van egy m\u00e1sik gazdas\u00e1gpolitikai felt\u00e9tele is. Kapit\u00e1ny szerint ha egy beruh\u00e1z\u00e1s Magyarorsz\u00e1gon val\u00f3sul meg, abb\u00f3l Magyarorsz\u00e1gnak is profit\u00e1lnia kell.<\/p>\n<p>Ez\u00e9rt arra t\u00f6rekednek, hogy magas legyen a hazai hozz\u00e1adott \u00e9rt\u00e9k, \u00e9s min\u00e9l t\u00f6bb magyar v\u00e1llalkoz\u00e1s kapcsol\u00f3djon be a fejleszt\u00e9sek megval\u00f3s\u00edt\u00e1s\u00e1ba. A c\u00e9l az, hogy a beruh\u00e1z\u00e1sokb\u00f3l min\u00e9l t\u00f6bb magyar c\u00e9g r\u00e9szes\u00fclj\u00f6n, \u00e9s az \u00e1ltaluk megtermelt gazdas\u00e1gi \u00e9rt\u00e9k min\u00e9l nagyobb r\u00e9sze Magyarorsz\u00e1gon maradjon. Kapit\u00e1ny k\u00fcl\u00f6n kiemelte azoknak a telep\u00fcl\u00e9seknek a szerep\u00e9t is, amelyek helyet adnak majd a fejleszt\u00e9seknek.<\/p>\n<p>                        Milli\u00e1rdokat hozhatnak a sz\u00e9ler\u0151m\u0171vek a befogad\u00f3 telep\u00fcl\u00e9seknek<\/p>\n<p>Ahogy azt kor\u00e1bban m\u00e1r eml\u00edtett\u00fck, a korm\u00e1ny elk\u00e9pzel\u00e9se szerint ugyanakkor nem csak a beruh\u00e1z\u00f3knak kell profit\u00e1lniuk a sz\u00e9ler\u0151m\u0171vek meg\u00e9p\u00edt\u00e9s\u00e9b\u0151l. Azoknak a telep\u00fcl\u00e9seknek is k\u00f6zvetlen gazdas\u00e1gi hasznot sz\u00e1nnak, amelyek helyet adnak az \u00faj er\u0151m\u0171veknek. Ennek egyik k\u00e9zenfekv\u0151 eleme a helyben megjelen\u0151 teljes\u00edtm\u00e9ny \u00e9s az abb\u00f3l sz\u00e1rmaz\u00f3 ipar\u0171z\u00e9si ad\u00f3, a tervezett rendszer azonban enn\u00e9l j\u00f3val tov\u00e1bb menne. Kapit\u00e1ny Istv\u00e1n arra is kit\u00e9rt, hogy a p\u00e1ly\u00e1zatok pontoz\u00e1s\u00e1ban a legnagyobb, 20 sz\u00e1zal\u00e9kos s\u00falyt az egyszeri helyi p\u00e9nz\u00fcgyi hozz\u00e1j\u00e1rul\u00e1s kapja. T\u00f6bbletpontot akkor lehet szerezni, ha a beruh\u00e1z\u00f3 megawattonk\u00e9nt 10 ezer eur\u00f3n\u00e1l nagyobb \u00f6sszeget v\u00e1llal, a maxim\u00e1lis pontsz\u00e1mhoz pedig megawattonk\u00e9nt 50 ezer eur\u00f3s hozz\u00e1j\u00e1rul\u00e1s sz\u00fcks\u00e9ges.<\/p>\n<p>Ez egy nagyobb sz\u00e9ler\u0151m\u0171park eset\u00e9ben m\u00e1r jelent\u0151s \u00f6sszeget jelenthet. Egy 100 megawattos beruh\u00e1z\u00e1sn\u00e1l a maxim\u00e1lis v\u00e1llal\u00e1s 5 milli\u00f3 eur\u00f3, vagyis mintegy 1,8 milli\u00e1rd forint egyszeri p\u00e9nz\u00fcgyi hozz\u00e1j\u00e1rul\u00e1st jelenthet a helyi k\u00f6z\u00f6ss\u00e9g sz\u00e1m\u00e1ra. A telep\u00fcl\u00e9sek azonban nem csak egyszeri \u00f6sszeghez juthatn\u00e1nak. A rendszer r\u00e9sze egy, a termel\u00e9shez k\u00f6t\u00f6tt, \u00e9vr\u0151l \u00e9vre jelentkez\u0151 helyi p\u00e9nz\u00fcgyi hozz\u00e1j\u00e1rul\u00e1s is. Ez tov\u00e1bbi 15 sz\u00e1zal\u00e9kos s\u00falyt k\u00e9pvisel a p\u00e1ly\u00e1zatok \u00e9rt\u00e9kel\u00e9s\u00e9ben, t\u00f6bbletpont pedig k\u00e9t eur\u00f3\/megawatt\u00f3ra feletti v\u00e1llal\u00e1s\u00e9rt j\u00e1r.<\/p>\n<p>A korm\u00e1ny sz\u00e1nd\u00e9ka ezzel az, hogy a telep\u00fcl\u00e9sek ne egyszer\u0171en befogadj\u00e1k a sz\u00e9ler\u0151m\u0171veket, hanem k\u00f6zvetlen\u00fcl is \u00e9rdekeltt\u00e9 v\u00e1ljanak a beruh\u00e1z\u00e1sok siker\u00e9ben, \u00e9s r\u00e9szesedjenek azok gazdas\u00e1gi haszn\u00e1b\u00f3l. Ebbe az elk\u00e9pzel\u00e9sbe illeszkedik az energiak\u00f6z\u00f6ss\u00e9gek bevon\u00e1sa is. A p\u00e1ly\u00e1z\u00f3knak v\u00e1llalniuk kell, hogy a h\u00e1l\u00f3zati bet\u00e1pl\u00e1l\u00e1si jogosults\u00e1got birtokl\u00f3 t\u00e1rsas\u00e1gban fenn\u00e1ll\u00f3 tulajdoni r\u00e9szesed\u00e9s\u00fck 25 sz\u00e1zal\u00e9k\u00e1ra v\u00e9teli jogot biztos\u00edtanak meg\u00fajul\u00f3energia-k\u00f6z\u00f6ss\u00e9g vagy -k\u00f6z\u00f6ss\u00e9gek sz\u00e1m\u00e1ra.<\/p>\n<p>A korm\u00e1ny ezzel olyan modellt akar kialak\u00edtani, amelyben az energetikai beruh\u00e1z\u00e1sok nem a helyi k\u00f6z\u00f6ss\u00e9gekt\u0151l elszigetelten m\u0171k\u00f6dnek, hanem a helyieknek is lehet\u0151s\u00e9g\u00fck ny\u00edlik arra, hogy \u00e9rdekeltt\u00e9 v\u00e1ljanak a fejleszt\u00e9sek siker\u00e9ben. Mindezt a tervek szerint \u00fagy val\u00f3s\u00edtan\u00e1k meg, hogy maguknak a sz\u00e9ler\u0151m\u0171veknek a meg\u00e9p\u00edt\u00e9s\u00e9re nem osztanak magyar k\u00f6lts\u00e9gvet\u00e9si vagy uni\u00f3s t\u00e1mogat\u00e1st. A beruh\u00e1z\u00e1sok finansz\u00edroz\u00e1sa a mag\u00e1nberuh\u00e1z\u00f3k feladata lenne.<\/p>\n<p>A p\u00e1ly\u00e1zati rendszer azt is biztos\u00edtja, hogy a h\u00e1l\u00f3zati csatlakoz\u00e1si lehet\u0151s\u00e9geket ne egyedi d\u00f6nt\u00e9sekkel vagy el\u0151re kiv\u00e1lasztott szerepl\u0151k k\u00f6z\u00f6tt ossz\u00e1k sz\u00e9t. A rendelkez\u00e9sre \u00e1ll\u00f3 kapacit\u00e1sokat nyilv\u00e1nos, szab\u00e1lyozott elj\u00e1r\u00e1sba, el\u0151re meghat\u00e1rozott \u00e9s ellen\u0151rizhet\u0151 \u00e9rt\u00e9kel\u00e9si szempontok alapj\u00e1n \u00edt\u00e9lik oda. Ezt szolg\u00e1lja az egy v\u00e1llalatcsoport \u00e1ltal megszerezhet\u0151 kapacit\u00e1s korl\u00e1toz\u00e1sa is. A c\u00e9l az, hogy val\u00f3di verseny alakuljon ki, \u00e9s t\u00f6bb, egym\u00e1st\u00f3l f\u00fcggetlen beruh\u00e1z\u00f3 is r\u00e9szt vehessen a programban. Nem egyedi d\u00f6nt\u00e9sekkel osztjuk ki a kapacit\u00e1sokat, hanem nyilv\u00e1nos versenyt teremt\u00fcnk vil\u00e1gos szab\u00e1lyokkal \u00e9s sz\u00e1monk\u00e9rhet\u0151 v\u00e1llal\u00e1sokkal<\/p>\n<p>\u2013 fogalmazott Kapit\u00e1ny Istv\u00e1n. A miniszter v\u00e9gezet\u00fcl arra az \u00e1ll\u00edt\u00e1sra is reag\u00e1lt, amely szerint Eur\u00f3pa m\u00e1r h\u00e1tat ford\u00edt a sz\u00e9lenergi\u00e1nak, egyes orsz\u00e1gok pedig a megl\u00e9v\u0151 sz\u00e9ler\u0151m\u0171vek lebont\u00e1sa fel\u00e9 indultak el. Kapit\u00e1ny Istv\u00e1n szerint a hivatalos eur\u00f3pai fejleszt\u00e9si tervek \u00e9ppen ennek az ellenkez\u0151j\u00e9t mutatj\u00e1k.<\/p>\n<p>Mint mondta, az Eur\u00f3pai Uni\u00f3 meg\u00fajul\u00f3energia-c\u00e9ljainak teljes\u00edt\u00e9s\u00e9hez 2030-ra 500 gigawatt f\u00f6l\u00e9 kell emelni az uni\u00f3s sz\u00e9ler\u0151m\u0171vi kapacit\u00e1st. Arra is kit\u00e9rt, hogy az Eur\u00f3pai Bizotts\u00e1g k\u00fcl\u00f6n cselekv\u00e9si tervvel igyekszik felgyors\u00edtani a beruh\u00e1z\u00e1sokat \u00e9s az enged\u00e9lyez\u00e9st, valamint a sz\u00fcks\u00e9ges h\u00e1l\u00f3zat \u00e9s az eur\u00f3pai gy\u00e1rt\u00f3kapacit\u00e1sok fejleszt\u00e9s\u00e9t. Kapit\u00e1ny N\u00e9metorsz\u00e1got hozta fel p\u00e9ldak\u00e9nt: ismertet\u00e9se szerint az orsz\u00e1g 2030-ra 115 gigawatt sz\u00e1razf\u00f6ldi \u00e9s tov\u00e1bbi 30 gigawatt tengeri sz\u00e9ler\u0151m\u0171vi kapacit\u00e1ssal sz\u00e1mol. A miniszter ebb\u0151l azt a k\u00f6vetkeztet\u00e9st vonta le, hogy Eur\u00f3pa nem kivezeti a sz\u00e9lenergi\u00e1t, hanem \u00e9ppen tov\u00e1bbi kapacit\u00e1sok ki\u00e9p\u00edt\u00e9s\u00e9re k\u00e9sz\u00fcl.<\/p>\n<p>A magyar terveket Kapit\u00e1ny Istv\u00e1n ennek megfelel\u0151en egy sz\u00e9lesebb energiapolitikai elk\u00e9pzel\u00e9s r\u00e9szek\u00e9nt \u00edrta le: er\u0151sebb villamosenergia-h\u00e1l\u00f3zatot, t\u00f6bb hazai energiatermel\u00e9st, a magyar v\u00e1llalkoz\u00e1sok sz\u00e1m\u00e1ra t\u00f6bb lehet\u0151s\u00e9get, a beruh\u00e1z\u00e1soknak helyet ad\u00f3 telep\u00fcl\u00e9sek sz\u00e1m\u00e1ra pedig t\u00f6bb bev\u00e9telt \u00edg\u00e9rt. Megfogalmaz\u00e1sa szerint mindez egy er\u0151sebb, t\u00f6bb l\u00e1bon \u00e1ll\u00f3 \u00e9s \u00f6n\u00e1ll\u00f3bb magyar energiarendszer ki\u00e9p\u00edt\u00e9s\u00e9t szolg\u00e1lja.<\/p>\n<p>\n                          (Bor\u00edt\u00f3k\u00e9p: Kapit\u00e1ny Istv\u00e1n\u00a0a Parlamentben 2026. j\u00falius 27-\u00e9n. Fot\u00f3:\u00a0Papajcsik P\u00e9ter \/ Index)\u00a0\n                        <\/p>\n<p><a href=\"https:\/\/dex.hu\/x.php?id=googlepref_desktop&amp;url=https:\/\/google.com\/preferences\/source?q=https:\/\/index.hu\" class=\"google-pref-banner \" id=\"googlePrefBanner\" rel=\"nofollow noopener\" target=\"_blank\"><\/p>\n<p>    Itt \u00e1ll\u00edtsa be, hogy az Index az els\u0151k k\u00f6z\u00f6tt legyen a Google-tal\u00e1latokban!<\/p>\n<p><\/a><\/p>\n<p>    <img decoding=\"async\" src=\"https:\/\/index.hu\/assets\/images\/social-follow\/logo-big.svg\" alt=\"Index.hu logo\"\/><\/p>\n<p>K\u00f6vesse az Indexet Facebookon is!<\/p>\n<p>    <a href=\"https:\/\/facebook.com\/Indexhu\" target=\"_blank\" rel=\"nofollow noopener\"><\/p>\n<p>        K\u00f6vetem!<br \/>\n    <\/a><\/p>\n","protected":false},"excerpt":{"rendered":"J\u00f3 h\u00edrrel jelentkez\u00fcnk, hossz\u00fa \u00e9vek ut\u00e1n \u00fajra megnyitjuk az utat a sz\u00e9ler\u0151m\u0171-fejleszt\u00e9sek el\u0151tt Magyarorsz\u00e1gon\u00a0\u2013 jelentette be Kapit\u00e1ny Istv\u00e1n&hellip;\n","protected":false},"author":2,"featured_media":228525,"comment_status":"","ping_status":"","sticky":false,"template":"","format":"standard","meta":{"footnotes":"","_share_on_mastodon":"0"},"categories":[33],"tags":[1617,4140,38,63,35,37,44,42,40,1381,43,41,34,10644,17328,36,39],"class_list":["post-228524","post","type-post","status-publish","format-standard","has-post-thumbnail","category-hirek","tag-energetika","tag-energiaellatas","tag-focimek","tag-gazdasag","tag-headlines","tag-hirek","tag-hu","tag-hungarian","tag-hungary","tag-kapitany-istvan","tag-magyar","tag-magyarorszag","tag-news","tag-szelenergia","tag-szeleromu","tag-top-stories","tag-vezeto-hirek"],"share_on_mastodon":{"url":"https:\/\/pubeurope.com\/@hu\/117195214373637088","error":""},"_links":{"self":[{"href":"https:\/\/www.europesays.com\/hu\/wp-json\/wp\/v2\/posts\/228524","targetHints":{"allow":["GET"]}}],"collection":[{"href":"https:\/\/www.europesays.com\/hu\/wp-json\/wp\/v2\/posts"}],"about":[{"href":"https:\/\/www.europesays.com\/hu\/wp-json\/wp\/v2\/types\/post"}],"author":[{"embeddable":true,"href":"https:\/\/www.europesays.com\/hu\/wp-json\/wp\/v2\/users\/2"}],"replies":[{"embeddable":true,"href":"https:\/\/www.europesays.com\/hu\/wp-json\/wp\/v2\/comments?post=228524"}],"version-history":[{"count":0,"href":"https:\/\/www.europesays.com\/hu\/wp-json\/wp\/v2\/posts\/228524\/revisions"}],"wp:featuredmedia":[{"embeddable":true,"href":"https:\/\/www.europesays.com\/hu\/wp-json\/wp\/v2\/media\/228525"}],"wp:attachment":[{"href":"https:\/\/www.europesays.com\/hu\/wp-json\/wp\/v2\/media?parent=228524"}],"wp:term":[{"taxonomy":"category","embeddable":true,"href":"https:\/\/www.europesays.com\/hu\/wp-json\/wp\/v2\/categories?post=228524"},{"taxonomy":"post_tag","embeddable":true,"href":"https:\/\/www.europesays.com\/hu\/wp-json\/wp\/v2\/tags?post=228524"}],"curies":[{"name":"wp","href":"https:\/\/api.w.org\/{rel}","templated":true}]}}