{"id":228625,"date":"2026-09-01T12:01:08","date_gmt":"2026-09-01T12:01:08","guid":{"rendered":"https:\/\/www.europesays.com\/hu\/228625\/"},"modified":"2026-09-01T12:01:08","modified_gmt":"2026-09-01T12:01:08","slug":"velvet-celeb-kamu-romancok-hollywoodban-sztarok-akik-allitolag-csak-a-reklam-kedveert-randiztak","status":"publish","type":"post","link":"https:\/\/www.europesays.com\/hu\/228625\/","title":{"rendered":"Velvet &#8211; Celeb &#8211; Kamu rom\u00e1ncok Hollywoodban: szt\u00e1rok, akik \u00e1ll\u00edt\u00f3lag csak a rekl\u00e1m kedv\u00e9\u00e9rt randiztak"},"content":{"rendered":"<p>Kristen Stewart \u00e9s Robert Pattinson<\/p>\n<p>\u00a0<\/p>\n<p>B\u00e1r annak idej\u00e9n az Alkonyat-filmek rajong\u00f3i val\u00f3s\u00e1ggal \u00fcnnepelt\u00e9k, hogy Kristen Stewart \u00e9s Robert Pattinson a filmv\u00e1sznon k\u00edv\u00fcl, a val\u00f3 \u00e9letben is egy p\u00e1rt alkotnak, az elm\u00falt \u00e9vekben egyre t\u00f6bben v\u00e9lik \u00fagy, hogy kapcsolatuk tal\u00e1n csak a nyilv\u00e1noss\u00e1gnak sz\u00f3lt. A k\u00e9t szt\u00e1r 2009 \u00e9s 2013 k\u00f6z\u00f6tt j\u00e1rt egy\u00fctt, b\u00e1r 2012-ben r\u00f6vid id\u0151re szak\u00edtottak, miut\u00e1n Stewart viszonyba keveredett a H\u00f3feh\u00e9r \u00e9s a vad\u00e1sz rendez\u0151j\u00e9vel, Rupert Sandersszel. V\u00e9g\u00fcl k\u00fcl\u00f6n utakon folytatt\u00e1k \u2013 nem sokkal azut\u00e1n, hogy az utols\u00f3 Alkonyat-film sajt\u00f3k\u00f6r\u00fatja is v\u00e9get \u00e9rt.<\/p>\n<p>                                    Fot\u00f3: Christopher Polk \/ Getty Images Hungary<\/p>\n","protected":false},"excerpt":{"rendered":"Kristen Stewart \u00e9s Robert Pattinson \u00a0 B\u00e1r annak idej\u00e9n az Alkonyat-filmek rajong\u00f3i val\u00f3s\u00e1ggal \u00fcnnepelt\u00e9k, hogy Kristen Stewart \u00e9s&hellip;\n","protected":false},"author":2,"featured_media":228626,"comment_status":"","ping_status":"","sticky":false,"template":"","format":"standard","meta":{"footnotes":"","_share_on_mastodon":"0"},"categories":[16],"tags":[3455,137,409,44,42,40,16517,448,43,41,7867,1366,138],"class_list":["post-228625","post","type-post","status-publish","format-standard","has-post-thumbnail","category-szorakozas","tag-celeb","tag-entertainment","tag-hollywood","tag-hu","tag-hungarian","tag-hungary","tag-kamu","tag-kapcsolat","tag-magyar","tag-magyarorszag","tag-pr","tag-reklam","tag-szorakozas"],"share_on_mastodon":{"url":"https:\/\/pubeurope.com\/@hu\/117195681499361633","error":""},"_links":{"self":[{"href":"https:\/\/www.europesays.com\/hu\/wp-json\/wp\/v2\/posts\/228625","targetHints":{"allow":["GET"]}}],"collection":[{"href":"https:\/\/www.europesays.com\/hu\/wp-json\/wp\/v2\/posts"}],"about":[{"href":"https:\/\/www.europesays.com\/hu\/wp-json\/wp\/v2\/types\/post"}],"author":[{"embeddable":true,"href":"https:\/\/www.europesays.com\/hu\/wp-json\/wp\/v2\/users\/2"}],"replies":[{"embeddable":true,"href":"https:\/\/www.europesays.com\/hu\/wp-json\/wp\/v2\/comments?post=228625"}],"version-history":[{"count":0,"href":"https:\/\/www.europesays.com\/hu\/wp-json\/wp\/v2\/posts\/228625\/revisions"}],"wp:featuredmedia":[{"embeddable":true,"href":"https:\/\/www.europesays.com\/hu\/wp-json\/wp\/v2\/media\/228626"}],"wp:attachment":[{"href":"https:\/\/www.europesays.com\/hu\/wp-json\/wp\/v2\/media?parent=228625"}],"wp:term":[{"taxonomy":"category","embeddable":true,"href":"https:\/\/www.europesays.com\/hu\/wp-json\/wp\/v2\/categories?post=228625"},{"taxonomy":"post_tag","embeddable":true,"href":"https:\/\/www.europesays.com\/hu\/wp-json\/wp\/v2\/tags?post=228625"}],"curies":[{"name":"wp","href":"https:\/\/api.w.org\/{rel}","templated":true}]}}