{"id":228639,"date":"2026-09-01T12:10:13","date_gmt":"2026-09-01T12:10:13","guid":{"rendered":"https:\/\/www.europesays.com\/hu\/228639\/"},"modified":"2026-09-01T12:10:13","modified_gmt":"2026-09-01T12:10:13","slug":"szecsi-pal-lelke-pal-denesben-olthetett-ismet-testet","status":"publish","type":"post","link":"https:\/\/www.europesays.com\/hu\/228639\/","title":{"rendered":"Sz\u00e9csi P\u00e1l lelke P\u00e1l D\u00e9nesben \u00f6lthetett ism\u00e9t testet"},"content":{"rendered":"<p>A <a href=\"https:\/\/meglepetes.hu\/sztarok\/2026\/08\/07\/szecsi-pal-tortenete-kviz\/\" rel=\"nofollow noopener\" target=\"_blank\">tragikusan fiatalon elhunyt Sz\u00e9csi P\u00e1lt<\/a> sokan pr\u00f3b\u00e1lt\u00e1k meg ut\u00e1nozni. Dalai ma is rendszeresen csend\u00fclnek fel ifjabb p\u00e1lyat\u00e1rsai el\u0151ad\u00e1s\u00e1ban, zen\u00e9je \u00e9s sz\u00f6vegei 52 \u00e9vvel a hal\u00e1la ut\u00e1n is sz\u00edveket gy\u00f3gy\u00edtanak. A legszebb fiatalkori eml\u00e9keinket id\u00e9zik.<\/p>\n<p>Minden el\u0151ad\u00f3 k\u00f6z\u00fcl azonban, aki az\u00f3ta megk\u00eds\u00e9relte megid\u00e9zni a sz\u00ednpadon, <a href=\"https:\/\/meglepetes.hu\/sztarok\/2023\/07\/30\/szurrealis-szakmat-valasztott-pal-denes-ezt-eddig-kevesen-tudtak-rola\/\" rel=\"nofollow noopener\" target=\"_blank\">P\u00e1l D\u00e9nes a leghitelesebb<\/a>. Olyan \u0151szinte, \u00f6szt\u00f6n\u00f6s profizmussal ny\u00fal a r\u00e9gi dalokhoz, amire csak nagyon kevesen k\u00e9pesek.<\/p>\n<p>P\u00e1l D\u00e9nest kor\u00e1bban is sokan emlegett\u00e9k Sz\u00e9csi P\u00e1l ut\u00f3djak\u00e9nt, t\u00f6bbsz\u00f6r is \u00e9nekelte a dalait az eml\u00e9kkoncerteken. \u00c9s kor\u00e1bban a Szt\u00e1rban Szt\u00e1r sz\u00ednpad\u00e1n is olyan hitelesen b\u00fajt a n\u00e9hai el\u0151ad\u00f3 b\u0151r\u00e9be, hogy sokan kijelentett\u00e9k: D\u00e9nesben \u00e9ledt \u00fajj\u00e1 Sz\u00e9csi P\u00e1l.<\/p>\n<p>Vajon val\u00f3ban t\u00f6bb lehet a v\u00e9letlenn\u00e9l a k\u00e9t \u00e9nekes k\u00f6z\u00f6tti k\u00fcl\u00f6n\u00f6s p\u00e1rhuzam? <a href=\"https:\/\/meglepetes.hu\/cimlapsztori\/2026\/08\/25\/hasonlosag-lady-diana-es-sarolta-hercegno-kozott\/\" rel=\"nofollow noopener\" target=\"_blank\">Izing Kl\u00e1ra a horoszk\u00f3pjukat \u00f6sszehasonl\u00edtva<\/a> kereste a v\u00e1laszt arra, mi \u00e1llhat a k\u00e9t, k\u00fcl\u00f6nb\u00f6z\u0151 korszakban sz\u00fcletett \u00e9nekes \u00e9let\u00fatj\u00e1nak hasonl\u00f3s\u00e1gainak \u00e9s \u00f6sszefon\u00f3d\u00e1s\u00e1nak h\u00e1tter\u00e9ben.<\/p>\n<p>Lelki t\u00e1rsak lehetn\u00e9nek, ha egy id\u0151ben \u00e9ltek volna<br \/>\n<img title=\"paldenes-sztarbansztar | Meglepet\u00e9s\" loading=\"lazy\" decoding=\"async\" class=\"size-large wp-image-95919\" src=\"https:\/\/www.europesays.com\/hu\/wp-content\/uploads\/2026\/09\/paldenes-sztarbansztar-1024x683.jpg\" alt=\"\" width=\"1024\" height=\"683\"  \/>D\u00e9nes a Szt\u00e1rban Szt\u00e1rban \u00e1t is v\u00e1ltozott Forr\u00e1s TV2<\/p>\n<p>Az asztrol\u00f3gus r\u00e9szletesen elemezte kettej\u00fck sz\u00fclet\u00e9si k\u00e9plet\u00e9t.<\/p>\n<p>\u201eMindk\u00e9t szt\u00e1r az <a href=\"https:\/\/meglepetes.hu\/ezoteria\/2024\/03\/29\/erzekeny-muveszlelek-a-halak-jegyu-ferfi-ezek-a-csillagjegyek-passzolnak-hozza-a-szerelemben\/\" rel=\"nofollow noopener\" target=\"_blank\">\u00e9rz\u00e9keny Halak \u00e1llat\u00f6vi jegyben<\/a> sz\u00fcletett, csak 47 \u00e9v k\u00fcl\u00f6nbs\u00e9ggel. Ugyan \u0151k m\u00e9g nem nevezhet\u0151k asztrol\u00f3giai ikreknek. Hiszen ahhoz a\u00a0sz\u00fclet\u00e9s \u00e9v\u00e9nek is azonosnak kell lennie, de ez szerencs\u00e9nek is mondhat\u00f3, hiszen akkor D\u00e9nes \u00e9lete is olyan tragikus lenne, mint amilyen Sz\u00e9csi P\u00e1l\u00e9 volt.<\/p>\n<p>Rendk\u00edv\u00fcli hasonl\u00f3s\u00e1g van az \u00e9let\u00fckben, a tehets\u00e9g\u00fckben. Ha ugyanis a k\u00e9t ember sz\u00fclet\u00e9si k\u00e9plet\u00e9t \u00f6sszehasonl\u00edtjuk, akkor azt l\u00e1tjuk, hogy nemcsak a k\u00e9t Nap \u00e1ll szorosan egy\u00fctt, hanem a gondolkod\u00e1sm\u00f3dot jelent\u0151 Merk\u00far, a f\u00e9rfiass\u00e1got \u00e9s a vonzer\u0151t jelent\u0151 Mars, valamint a tehets\u00e9get \u00e9s a sikert jelent\u0151 Jupiter is ugyanabban az \u00e1llat\u00f6vi jegyben foglal helyet.<\/p>\n<p>Ugyanakkor D\u00e9nes jelleme m\u00e1r sokkal kifinomultabb, mint P\u00e1l\u00e9 volt. Nemcsak tapintatosabb, hanem \u00e9rzelmileg intelligensebb is, aki nyugodtan, tiszteletteljesen reag\u00e1l p\u00e9ld\u00e1ul a neh\u00e9z\u00ads\u00e9gekre\u201d \u2013 \u00e1rulja el Izing Kl\u00e1ra, aki szerint mindez egy\u00e9rtelm\u0171en azt mutatja, hogy nem a v\u00e9letlen m\u0171ve, hogy D\u00e9nes ennyire vonz\u00f3dik az egykori szt\u00e1rhoz, \u00e9s \u00f6r\u00f6mmel, szeretettel adja el\u0151 a sl\u00e1gereit.<\/p>\n<p>S\u0151t, az <a href=\"https:\/\/story.hu\/cimlapsztori\/2026\/07\/12\/cserhati-zsuzsa-szecsi-pal-kedvese-volt\/6ctf78k\" rel=\"nofollow noopener\" target=\"_blank\">el\u0151ad\u00e1sm\u00f3dja is hasonl\u00f3, mint Sz\u00e9csi P\u00e1lnak<\/a>.<\/p>\n<p>\u201eA k\u00e9t horoszk\u00f3p hasonl\u00f3s\u00e1ga miatt elmondhat\u00f3, ha ez a k\u00e9t ember a f\u00f6ldi \u00e9let sor\u00e1n tal\u00e1lkozhatott volna, akkor \u00fagy \u00e9rezhett\u00e9k volna magukat, mintha lelki t\u00e1rsak lenn\u00e9nek. Tal\u00e1n m\u00e9g egym\u00e1s mondatait is be tudt\u00e1k volna fejezni\u201d \u2013 v\u00e9li az asztrol\u00f3gus.<\/p>\n<p>Id\u0151sebb n\u0151ket v\u00e1lasztottak<br \/>\n<img title=\"Szecsi_Pal_Pal_Denes_encinek | Meglepet\u00e9s\" loading=\"lazy\" decoding=\"async\" class=\"size-large wp-image-95917\" src=\"https:\/\/www.europesays.com\/hu\/wp-content\/uploads\/2026\/09\/Szecsi_Pal_Pal_Denes_encinek-688x1024.jpg\" alt=\"sz\u00e9csi p\u00e1l p\u00e1l d\u00e9nes \u00e9nekel\" width=\"688\" height=\"1024\"  \/>Az asztol\u00f3gus szerint nem v\u00e9letlen a sok hasonl\u00f3s\u00e1g a k\u00e9t \u00e9nekes k\u00f6z\u00f6tt Forr\u00e1s AI gener\u00e1lt k\u00e9p<\/p>\n<p>Szint\u00e9n \u00e9rdekes p\u00e1rhuzam, hogy mindk\u00e9t \u00e9nekes <a href=\"https:\/\/story.hu\/napi-friss\/2024\/11\/09\/pal-denes-oszinten-vallott-kapcsolati-nehezsegeirol\/\" rel=\"nofollow noopener\" target=\"_blank\">id\u0151sebb n\u0151t v\u00e1lasztott t\u00e1rs\u00e1ul<\/a>. M\u00edg Sz\u00e9csi P\u00e1l \u00e9s nagy szerelme, Domj\u00e1n Edit k\u00f6z\u00f6tt tizenk\u00e9t \u00e9v volt a kork\u00fcl\u00f6nbs\u00e9g a sz\u00edn\u00e9szn\u0151 jav\u00e1ra, addig P\u00e1l D\u00e9nesn\u00e9l feles\u00e9ge,<a href=\"https:\/\/meglepetes.hu\/cimlapsztori\/2022\/07\/26\/anyukajat-is-tulragyogta-a-kis-panni-ilyen-volt-pal-denes-es-felesege-eskuvoje-exkluziv-kepek\/\" rel=\"nofollow noopener\" target=\"_blank\"> Heni kilenc \u00e9vvel id\u0151sebb<\/a>.<\/p>\n<p>\u201eAz asztrol\u00f3gia felt\u00e9telezi, hogy van el\u0151z\u0151 \u00e9let, ez\u00e9rt a horoszk\u00f3pok \u00f6sszehasonl\u00edt\u00e1sa alapj\u00e1n elmondhat\u00f3: nem z\u00e1rhat\u00f3 ki, hogy Sz\u00e9csi P\u00e1l lelke P\u00e1l D\u00e9nesben \u00f6lt\u00f6tt ism\u00e9t testet. M\u00e9gpedig az\u00e9rt, hogy a r\u00e9gi \u00e9lete hib\u00e1it tegye j\u00f3v\u00e1, \u00e9s a sors a kor\u00e1bban elszenvedett f\u00e1jdalmak\u00e9rt is most k\u00e1rp\u00f3tolja.<\/p>\n<p>Sz\u00e9csi P\u00e1l gyermekkora h\u00e1nyatott volt, az \u00e9desanyja ridegs\u00e9ge pedig hozz\u00e1j\u00e1rult a m\u00e9rhetetlen lelki szenved\u00e9s\u00e9hez.<\/p>\n<p>D\u00e9nes viszont szeret\u0151 csal\u00e1dba sz\u00fcletett, akiknek a t\u00e1mogat\u00e1s\u00e1ra mindig, minden helyzetben sz\u00e1m\u00edthatott \u00e9s sz\u00e1m\u00edthat. A boldog h\u00e1zass\u00e1g is r\u00e9sze D\u00e9nes \u00e9let\u00e9nek, amelyben gyermekek is sz\u00fclettek, m\u00edg Sz\u00e9csi P\u00e1l viharos szerelme Domj\u00e1n Edittel csak t\u00edz h\u00f3napig tartott. Ut\u00e1na r\u00e1ad\u00e1sul mindketten \u00f6nkez\u00fckkel vetettek v\u00e9get az \u00e9let\u00fcknek.\u201d<\/p>\n<p>D\u00e9nes m\u0171v\u00e9szi k\u00e9pess\u00e9gei, csod\u00e1latos hangja \u00e9s var\u00e1zslatos sz\u00ednpadi fell\u00e9p\u00e9se mind-mind Sz\u00e9csi P\u00e1lt id\u00e9zik, amelyr\u0151l a karma t\u00f6rv\u00e9nye azt mondja, hogy a kor\u00e1bbi tehets\u00e9gnek a lenyomata lehet.<\/p>\n<p>\u201eA karma t\u00f6rv\u00e9nye azt is kimondja, az\u00e9rt is sz\u00fclet\u00fcnk, hogy tapasztaljunk. Mivel az el\u0151z\u0151 \u00e9letben a l\u00e9lek Sz\u00e9csi P\u00e1lk\u00e9nt megtapasztalta a neh\u00e9zs\u00e9geket, a f\u00e1jdalmakat, ez\u00e9rt ugyanaz a l\u00e9lek P\u00e1l D\u00e9nesk\u00e9nt a jelenben ezekkel a probl\u00e9m\u00e1kkal m\u00e1r nem tal\u00e1lkozik.<\/p>\n<p>\u00dagy is nevezhetj\u00fck D\u00e9nes sors\u00e1t, mint aj\u00e1nd\u00e9kkarm\u00e1t.<\/p>\n<p>Ebben az \u00e9let\u00e9ben ugyan semmi nem hullik az \u00f6l\u00e9be, meg kell dolgoznia \u00e9rte neki is. De ennek hat\u00e1s\u00e1ra az \u00e9let t\u00f6bb ter\u00fclet\u00e9n boldogs\u00e1g, kiegyens\u00falyozotts\u00e1g \u00e9s siker a hat\u00e1sa\u201d \u2013 \u00a0magyar\u00e1zza Izing Kl\u00e1ra.<\/p>\n<p>Kijav\u00edthatja el\u0151dje hib\u00e1it<\/p>\n<p>Nemcsak a horoszk\u00f3pok azonoss\u00e1ga, hanem a nevek is \u00e9rdekesek: a P\u00e1l n\u00e9vhez a bizony\u00edt\u00e1s \u00e9s a megfelel\u00e9s \u00e9letfeladata kapcsol\u00f3dik.<\/p>\n<p>\u201eSz\u00e9csi P\u00e1l tudat alatt az\u00e9rt is t\u00f6rekedett h\u00edres, k\u00f6r\u00fclrajongott \u00e9nekess\u00e9 v\u00e1lni, mert az anyj\u00e1nak akarta ezzel bizony\u00edtani, hogy m\u00e9giscsak \u00bb\u00e9rdemes volt \u0151t a vil\u00e1gra hozni\u00ab. \u00c1m ez soha nem siker\u00fclt neki, mert az anya a feln\u0151tt fi\u00e1ra sem volt k\u00edv\u00e1ncsi. P\u00e1l D\u00e9nesnek viszont a vezet\u00e9kneve ez a n\u00e9pszer\u0171 f\u00e9rfi keresztn\u00e9v. Ez pedig az ezot\u00e9ria szerint azt jelenti, hogy siker\u00fcl a bizony\u00edt\u00e1s, mert D\u00e9nesre nemcsak az \u00e9desanyja, hanem minden hozz\u00e1tartoz\u00f3ja b\u00fcszke lehet.\u201d<\/p>\n<p>A P\u00e1l n\u00e9vr\u0151l az ezot\u00e9ria \u00fagy tartja, amennyiben olyan szem\u00e9ly kapja, aki lelkileg m\u00e9g \u00e9retlen \u2013 vagyis a kor\u00e1bbi f\u00f6ldi \u00e9letei sor\u00e1n kev\u00e9s tapasztalatot gy\u0171jt\u00f6tt \u2013, az \u00e1ltal\u00e1ban elmer\u00fcl a mulatoz\u00e1sokban, a felsz\u00ednes csillog\u00e1sban. Ezzel pr\u00f3b\u00e1lja elfedni a neh\u00e9z val\u00f3s\u00e1got, a s\u00falyos bels\u0151 dr\u00e1m\u00e1kat \u00e9s a m\u00e9ly pszich\u00e9s probl\u00e9m\u00e1kat.<\/p>\n<p>\u201eMindez Sz\u00e9csi P\u00e1l \u00e9let\u00e9re is jellemz\u0151 volt, m\u00edg P\u00e1l D\u00e9nes \u00e9letvitele ennek \u00e9ppen az ellenkez\u0151je: csal\u00e1dcentrikus \u00e9s visszafogott. Ez is alt\u00e1masztja azt, amit a horoszk\u00f3pok is jeleznek. Sz\u00e9csi P\u00e1l lelke val\u00f3sz\u00edn\u0171leg P\u00e1l D\u00e9nesben tal\u00e1lt \u00faj \u00e9letre, \u00e9s amit a kor\u00e1bbi \u00e9letekben elszenvedett, vagy hib\u00e1t v\u00e9tett, azt a jelenben kijav\u00edthatja. Illetve \u00e9lvezheti a boldogs\u00e1got \u00e9s a sikert\u201d \u2013 mutat r\u00e1 az asztrol\u00f3gus.<\/p>\n<p>\nSz\u00edvesen \u00e9nekli a sl\u00e1gereit\n<\/p>\n<p>D\u00e9nes m\u00e1r t\u00f6bbsz\u00f6r elmondta, hogy Sz\u00e9csi P\u00e1l dalait \u00e9nekelni mindig k\u00fcl\u00f6nleges \u00e9lm\u00e9ny. \u00c9s \u00f3hatatlan, hogy ilyenkor igyekszik egy kicsit \u00e1tl\u00e9nyeg\u00fclni, olyann\u00e1 v\u00e1lni, mint elhunyt p\u00e1lyat\u00e1rsa. Id\u00e9n ny\u00e1ron a M\u00e9zes-v\u00f6lgyben a Csak egy t\u00e1nc volt\u2026 Sz\u00e9csi P\u00e1l legszebb dalai c\u00edm\u0171 eml\u00e9kkoncerten Miller Zolt\u00e1nnal, Serb\u00e1n Attil\u00e1val \u00e9s Kocsis D\u00e9nessel eleven\u00edtette fel a legend\u00e1s \u00e9nekes legszebb sl\u00e1gereit. A m\u0171sort V\u00e1g\u00f3 Bernadett tette m\u00e9g k\u00fcl\u00f6nlegesebb\u00e9, aki Domj\u00e1n Edit alakj\u00e1t \u00e9s szellemis\u00e9g\u00e9t id\u00e9zte meg.<\/p>\n<p>Fot\u00f3: Mesters\u00e9ges intelligencia \u00e1ltal k\u00e9sz\u00edtett k\u00e9p, Fortepan\/F\u0151fot\u00f3, TV2<\/p>\n<p>\n\t\t\t\tAj\u00e1nlott vide\u00f3\n\t\t\t<\/p>\n","protected":false},"excerpt":{"rendered":"A tragikusan fiatalon elhunyt Sz\u00e9csi P\u00e1lt sokan pr\u00f3b\u00e1lt\u00e1k meg ut\u00e1nozni. Dalai ma is rendszeresen csend\u00fclnek fel ifjabb p\u00e1lyat\u00e1rsai&hellip;\n","protected":false},"author":2,"featured_media":228640,"comment_status":"","ping_status":"","sticky":false,"template":"","format":"standard","meta":{"footnotes":"","_share_on_mastodon":"0"},"categories":[21],"tags":[2981,198,137,234,199,44,42,40,43,41,15023,60683,30202,138],"class_list":["post-228639","post","type-post","status-publish","format-standard","has-post-thumbnail","category-hiressegek","tag-ai-video","tag-celebrities","tag-entertainment","tag-hasonlosag","tag-hiressegek","tag-hu","tag-hungarian","tag-hungary","tag-magyar","tag-magyarorszag","tag-pal-denes","tag-reinkarnacio","tag-szecsi-pal","tag-szorakozas"],"share_on_mastodon":{"url":"https:\/\/pubeurope.com\/@hu\/117195717330753180","error":""},"_links":{"self":[{"href":"https:\/\/www.europesays.com\/hu\/wp-json\/wp\/v2\/posts\/228639","targetHints":{"allow":["GET"]}}],"collection":[{"href":"https:\/\/www.europesays.com\/hu\/wp-json\/wp\/v2\/posts"}],"about":[{"href":"https:\/\/www.europesays.com\/hu\/wp-json\/wp\/v2\/types\/post"}],"author":[{"embeddable":true,"href":"https:\/\/www.europesays.com\/hu\/wp-json\/wp\/v2\/users\/2"}],"replies":[{"embeddable":true,"href":"https:\/\/www.europesays.com\/hu\/wp-json\/wp\/v2\/comments?post=228639"}],"version-history":[{"count":0,"href":"https:\/\/www.europesays.com\/hu\/wp-json\/wp\/v2\/posts\/228639\/revisions"}],"wp:featuredmedia":[{"embeddable":true,"href":"https:\/\/www.europesays.com\/hu\/wp-json\/wp\/v2\/media\/228640"}],"wp:attachment":[{"href":"https:\/\/www.europesays.com\/hu\/wp-json\/wp\/v2\/media?parent=228639"}],"wp:term":[{"taxonomy":"category","embeddable":true,"href":"https:\/\/www.europesays.com\/hu\/wp-json\/wp\/v2\/categories?post=228639"},{"taxonomy":"post_tag","embeddable":true,"href":"https:\/\/www.europesays.com\/hu\/wp-json\/wp\/v2\/tags?post=228639"}],"curies":[{"name":"wp","href":"https:\/\/api.w.org\/{rel}","templated":true}]}}