{"id":228665,"date":"2026-09-01T12:36:14","date_gmt":"2026-09-01T12:36:14","guid":{"rendered":"https:\/\/www.europesays.com\/hu\/228665\/"},"modified":"2026-09-01T12:36:14","modified_gmt":"2026-09-01T12:36:14","slug":"index-kulfold-ezerre-nott-a-nepali-villamarviz-aldozatainak-szama-meg-mindig-rengeteg-az-eltunt","status":"publish","type":"post","link":"https:\/\/www.europesays.com\/hu\/228665\/","title":{"rendered":"Index &#8211; K\u00fclf\u00f6ld &#8211; Ezerre n\u0151tt a nep\u00e1li vill\u00e1m\u00e1rv\u00edz \u00e1ldozatainak sz\u00e1ma, m\u00e9g mindig rengeteg az elt\u0171nt"},"content":{"rendered":"<p>Meghaladta az ezret a nep\u00e1li vill\u00e1m\u00e1rv\u00edz hal\u00e1los \u00e1ldozatainak sz\u00e1ma \u2013 k\u00f6z\u00f6lte az orsz\u00e1g katasztr\u00f3fav\u00e9delmi szolg\u00e1lata alapj\u00e1n a <a href=\"https:\/\/www.bbc.com\/news\/articles\/c5ylvgq9q71o\" id=\"hyperlink_45bdc141598ce1b8144e8caed78833e3\" rel=\"nofollow noopener\" target=\"_blank\">BBC<\/a>.<\/p>\n<p>Ugyan h\u00e9tf\u0151n 279 embert mentettek ki a helysz\u00ednr\u0151l, de t\u00f6bb mint 3900 szem\u00e9lyt, k\u00f6zt\u00fck h\u00e1rom magyar kett\u0151s \u00e1llampolg\u00e1rt m\u00e9g mindig elt\u0171ntk\u00e9nt tartanak nyilv\u00e1n. K\u00f6z\u00fcl\u00fck t\u00f6bb mint 600-an olyan munk\u00e1sok lehetnek, akik a Trisuli foly\u00f3 ment\u00e9n tal\u00e1lhat\u00f3 v\u00edzer\u0151m\u0171vek kiterjedt, s\u00e1rral el\u00f6nt\u00f6tt alag\u00fatrendszer\u00e9ben rekedtek.\u00a0<\/p>\n<p>                        <a href=\"https:\/\/galeria.index.hu\/kulfold\/2026\/08\/30\/nepal_arviz_katasztrofa_mentes\/\" class=\"image-link\" target=\"galesz71325109\" data-contentid=\"6270029\" data-js-galeria-url=\"https:\/\/galeria.index.hu\/kulfold\/2026\/08\/30\/nepal_arviz_katasztrofa_mentes\/\" data-js-galeria-open-with=\"\" rel=\"nofollow noopener\"><br \/>\n                            <img decoding=\"async\" id=\"kep71325109\" alt=\"Egy katasztr\u00f3fav\u00e9delmi szakember szeml\u00e9li a megrong\u00e1l\u00f3dott \u00e9p\u00fcleteket a hirtelen \u00e1rad\u00e1sokat k\u00f6vet\u0151en a nep\u00e1li Nuwakot k\u00f6rzetben tal\u00e1lhat\u00f3 Trishuli Bazarban, 2026. augusztus 29-\u00e9n\" border=\"0\" loading=\"lazy\" src=\"https:\/\/www.europesays.com\/hu\/wp-content\/uploads\/2026\/09\/71363131_f70c03322396555c73827c795532bb89_wm.jpg\" width=\"738\" height=\"492\" data-image_width=\"738\" data-image_height=\"492\"\/><br \/>\n                        <\/a><br \/>\n                        <a href=\"https:\/\/galeria.index.hu\/kulfold\/2026\/08\/30\/nepal_arviz_katasztrofa_mentes\/\" class=\"image-link\" target=\"galesz71325101\" data-contentid=\"6270029\" data-js-galeria-url=\"https:\/\/galeria.index.hu\/kulfold\/2026\/08\/30\/nepal_arviz_katasztrofa_mentes\/\" data-js-galeria-open-with=\"\" rel=\"nofollow noopener\"><br \/>\n                            <img decoding=\"async\" id=\"kep71325101\" alt=\"Egy n\u0151 az elt\u0171ntek \u00e9s elhunytak f\u00e9nyk\u00e9peit n\u00e9zi a nep\u00e1li hirtelen \u00e1rad\u00e1sokat k\u00f6vet\u0151en, egy katmandui k\u00f3rh\u00e1z el\u0151tt, 2026. augusztus 29-\u00e9n\" border=\"0\" loading=\"lazy\" src=\"https:\/\/www.europesays.com\/hu\/wp-content\/uploads\/2026\/09\/71363133_8e26cd42771fed5abdc33ccef452e533_wm.jpg\" width=\"369\" height=\"246\" data-image_width=\"369\" data-image_height=\"246\"\/><br \/>\n                        <\/a><br \/>\n                        <a href=\"https:\/\/galeria.index.hu\/kulfold\/2026\/08\/30\/nepal_arviz_katasztrofa_mentes\/\" class=\"image-link\" target=\"galesz71325077\" data-contentid=\"6270029\" data-js-galeria-url=\"https:\/\/galeria.index.hu\/kulfold\/2026\/08\/30\/nepal_arviz_katasztrofa_mentes\/\" data-js-galeria-open-with=\"\" rel=\"nofollow noopener\"><br \/>\n                            <img decoding=\"async\" id=\"kep71325077\" alt=\"Ezen a l\u00e9gifelv\u00e9telen vastag iszapr\u00e9teggel bor\u00edtott h\u00e1zak l\u00e1tszanak a nep\u00e1li Nuwakot k\u00f6rzetben tal\u00e1lhat\u00f3 Devighatban, a 2026. augusztus 29-\u00e9n\" border=\"0\" loading=\"lazy\" src=\"https:\/\/www.europesays.com\/hu\/wp-content\/uploads\/2026\/09\/71363137_7754713db0a199f2b25a893aebd504ef_wm.jpg\" width=\"369\" height=\"246\" data-image_width=\"369\" data-image_height=\"246\"\/><\/p>\n<p>                         18        <\/p>\n<p>                        <\/a><\/p>\n<p>\n                        Egy katasztr\u00f3fav\u00e9delmi szakember szeml\u00e9li a megrong\u00e1l\u00f3dott \u00e9p\u00fcleteket a hirtelen \u00e1rad\u00e1sokat k\u00f6vet\u0151en a nep\u00e1li Nuwakot k\u00f6rzetben tal\u00e1lhat\u00f3 Trishuli Bazarban 2026. augusztus 29-\u00e9nGal\u00e9ria: A v\u00edz elvonult, a k\u00fczdelem azonban csak most kezd\u0151dik \u2013 \u00cdgy k\u00e9sz\u00fclnek az \u00fajrakezd\u00e9sre a katasztr\u00f3fa s\u00fajtotta Nep\u00e1lban (Fot\u00f3: Manan Vatsyayana \/ AFP)<\/p>\n<p>                        Mindh\u00e1rom magyar kett\u0151s \u00e1llampolg\u00e1r<\/p>\n<p>Az Index megkeres\u00e9s\u00e9re a K\u00fcl\u00fcgyminiszt\u00e9rium Sajt\u00f3oszt\u00e1lya jelezte, tov\u00e1bbra sincs \u00faj inform\u00e1ci\u00f3 a h\u00e1rom magyar elt\u0171nttel kapcsolatban.<\/p>\n<p>Hangs\u00falyozt\u00e1k, hogy egyar\u00e1nt kett\u0151s \u00e1llampolg\u00e1rs\u00e1ggal rendelkeznek, r\u00e1ad\u00e1sul ketten nem a magyar okm\u00e1nyukkal lettek nyilv\u00e1ntart\u00e1sba v\u00e9ve, ez\u00e9rt szerepel egy magyar a k\u00ednai hat\u00f3s\u00e1gok list\u00e1j\u00e1n.<\/p>\n<p>Hozz\u00e1tett\u00e9k, hogy a diplomat\u00e1ik folyamatosan egyeztetnek az illet\u00e9kes hivatalokkal, az utaz\u00e1sszervez\u0151vel, valamint az uni\u00f3s \u00e9s schengeni partnerk\u00e9pviseletekkel.<\/p>\n<p>                        Neh\u00e9zs\u00e9get okoz az alagutak felt\u00e9rk\u00e9pez\u00e9se<\/p>\n<p>A ment\u00e9si m\u0171veletet egy k\u00ednai \u00e9s nep\u00e1li katon\u00e1kb\u00f3l \u00e1ll\u00f3 nemzetk\u00f6zi csapat vezeti, amelynek munk\u00e1j\u00e1t indiai, koreai \u00e9s ausztr\u00e1l szak\u00e9rt\u0151k is seg\u00edtik. \u00d6sszess\u00e9g\u00e9ben v\u00e1ltozatos m\u00f3dszerekkel pr\u00f3b\u00e1lj\u00e1k menteni az embereket, hiszen nemcsak egy hegyoldalat robbantottak \u00e1t, de a m\u00e9rn\u00f6k\u00f6k az egyik alag\u00fatba leveg\u0151t pump\u00e1ltak. K\u00e9s\u0151bb sikeresen bejutottak a rendszerbe, \u00e1m senkit sem tal\u00e1ltak, ez\u00e9rt v\u00e9g\u00fcl visszafordultak. Ut\u00f3bbi l\u00e9p\u00e9st t\u00f6bb csal\u00e1dtag is kritiz\u00e1lta, ugyanis szerint\u00fck hamarabb meg kellett volna l\u00e9pni.<\/p>\n<p>Egy ausztr\u00e1l m\u00e9rn\u00f6k kiemelte, a ment\u0151knek az alagutak megtal\u00e1l\u00e1sa is neh\u00e9zs\u00e9get okoz, mivel tulajdonk\u00e9ppen minden nyom elt\u0171nt.<\/p>\n<p>R\u00e1ad\u00e1sul egyes h\u00e1zakn\u00e1l szikl\u00e1k is tal\u00e1lhat\u00f3k, ugyanakkor tov\u00e1bbra is van arra rem\u00e9ny, hogy a f\u00f6ld alatt rekedt emberek \u00e9letben vannak.<\/p>\n<p>                        A holttestek is komoly fejt\u00f6r\u00e9st okoznak<\/p>\n<p>A nep\u00e1li eg\u00e9szs\u00e9g\u00fcgyi miniszt\u00e9rium egyik sz\u00f3viv\u0151je r\u00e1mutatott, egyel\u0151re a holttestek 4 sz\u00e1zal\u00e9k\u00e1t tudt\u00e1k beazonos\u00edtani.<\/p>\n<p>Emellett az azonos\u00edtatlan holttestek eset\u00e9ben is ideiglenes temet\u00e9seket kellett tartani, mivel a h\u0171t\u0151kapacit\u00e1s el\u00e9rte a maximum\u00e1t.<\/p>\n<p>A k\u00ednai \u00e1llami m\u00e9dia szerint a tibeti oldalon a hivatalos adatok alapj\u00e1n 16-an haltak meg, 546 embert pedig elt\u0171ntk\u00e9nt tartanak nyilv\u00e1n.<\/p>\n<p>Ahogyan arr\u00f3l kor\u00e1bban besz\u00e1moltunk, <a href=\"https:\/\/index.hu\/kulfold\/2026\/08\/26\/nepal-tibet-villamarviz-magyar-turista-zarandok-eltunes\/\" id=\"hyperlink_adf17f6758a9585cc582a8e82ba463a8\" target=\"_blank\" title=\"\u00cdgy csapott le a puszt\u00edt\u00f3 vill\u00e1m\u00e1rv\u00edz Nep\u00e1lban, h\u00e1rom magyar \u00e1llampolg\u00e1r is elt\u0171nt\" rel=\"nofollow noopener\">Nep\u00e1lt a m\u00falt h\u00e9t folyam\u00e1n s\u00fajtotta egy vill\u00e1m\u00e1rv\u00edz<\/a>. A puszt\u00edt\u00e1sr\u00f3l az\u00f3ta <a href=\"https:\/\/index.hu\/kulfold\/2026\/08\/29\/nepal-arviz-himalaja-gleccser-mentes\/\" id=\"hyperlink_1cf5bc0eaa1a9e681dd85ca33f56813a\" target=\"_blank\" title=\"Elk\u00e9peszt\u0151 vide\u00f3: 97 \u00e9ves nagymam\u00e1t markol\u00f3val mentenek ki a nep\u00e1li \u00e1rv\u00edz pokl\u00e1b\u00f3l\" rel=\"nofollow noopener\">t\u00f6bb vide\u00f3 is napvil\u00e1got l\u00e1tott<\/a>, \u00e1m ezeket K\u00edn\u00e1ban \u00e9s Nep\u00e1lban is er\u0151sen cenz\u00far\u00e1zz\u00e1k.<\/p>\n<p>(Bor\u00edt\u00f3k\u00e9p: F olytat\u00f3dtak a ment\u00e9si munk\u00e1latok a nep\u00e1li Nuwakot k\u00f6rzetben tal\u00e1lhat\u00f3 Trishuli K\u00f6zpontn\u00e1l, miut\u00e1n hirtelen \u00e1rad\u00e1sok s\u00fajtott\u00e1k a ter\u00fcletet. Fot\u00f3:\u00a0Arun Sankar \/ AFP)<\/p>\n<p><a href=\"https:\/\/dex.hu\/x.php?id=googlepref_desktop&amp;url=https:\/\/google.com\/preferences\/source?q=https:\/\/index.hu\" class=\"google-pref-banner \" id=\"googlePrefBanner\" rel=\"nofollow noopener\" target=\"_blank\"><\/p>\n<p>    Itt \u00e1ll\u00edtsa be, hogy az Index az els\u0151k k\u00f6z\u00f6tt legyen a Google-tal\u00e1latokban!<\/p>\n<p><\/a><\/p>\n<p>    <img decoding=\"async\" src=\"https:\/\/index.hu\/assets\/images\/social-follow\/logo-big.svg\" alt=\"Index.hu logo\"\/><\/p>\n<p>K\u00f6vesse az Indexet Facebookon is!<\/p>\n<p>    <a href=\"https:\/\/facebook.com\/Indexhu\" target=\"_blank\" rel=\"nofollow noopener\"><\/p>\n<p>        K\u00f6vetem!<br \/>\n    <\/a><\/p>\n","protected":false},"excerpt":{"rendered":"Meghaladta az ezret a nep\u00e1li vill\u00e1m\u00e1rv\u00edz hal\u00e1los \u00e1ldozatainak sz\u00e1ma \u2013 k\u00f6z\u00f6lte az orsz\u00e1g katasztr\u00f3fav\u00e9delmi szolg\u00e1lata alapj\u00e1n a BBC.&hellip;\n","protected":false},"author":2,"featured_media":228666,"comment_status":"","ping_status":"","sticky":false,"template":"","format":"standard","meta":{"footnotes":"","_share_on_mastodon":"0"},"categories":[33],"tags":[3060,3355,38,46395,35,37,3599,44,42,40,64,7200,43,41,11338,3777,34,36,39],"class_list":["post-228665","post","type-post","status-publish","format-standard","has-post-thumbnail","category-hirek","tag-arviz","tag-eltunt","tag-focimek","tag-halott","tag-headlines","tag-hirek","tag-holttest","tag-hu","tag-hungarian","tag-hungary","tag-kulfold","tag-kulugyminiszterium","tag-magyar","tag-magyarorszag","tag-mentes","tag-nepal","tag-news","tag-top-stories","tag-vezeto-hirek"],"share_on_mastodon":{"url":"https:\/\/pubeurope.com\/@hu\/117195820142846855","error":""},"_links":{"self":[{"href":"https:\/\/www.europesays.com\/hu\/wp-json\/wp\/v2\/posts\/228665","targetHints":{"allow":["GET"]}}],"collection":[{"href":"https:\/\/www.europesays.com\/hu\/wp-json\/wp\/v2\/posts"}],"about":[{"href":"https:\/\/www.europesays.com\/hu\/wp-json\/wp\/v2\/types\/post"}],"author":[{"embeddable":true,"href":"https:\/\/www.europesays.com\/hu\/wp-json\/wp\/v2\/users\/2"}],"replies":[{"embeddable":true,"href":"https:\/\/www.europesays.com\/hu\/wp-json\/wp\/v2\/comments?post=228665"}],"version-history":[{"count":0,"href":"https:\/\/www.europesays.com\/hu\/wp-json\/wp\/v2\/posts\/228665\/revisions"}],"wp:featuredmedia":[{"embeddable":true,"href":"https:\/\/www.europesays.com\/hu\/wp-json\/wp\/v2\/media\/228666"}],"wp:attachment":[{"href":"https:\/\/www.europesays.com\/hu\/wp-json\/wp\/v2\/media?parent=228665"}],"wp:term":[{"taxonomy":"category","embeddable":true,"href":"https:\/\/www.europesays.com\/hu\/wp-json\/wp\/v2\/categories?post=228665"},{"taxonomy":"post_tag","embeddable":true,"href":"https:\/\/www.europesays.com\/hu\/wp-json\/wp\/v2\/tags?post=228665"}],"curies":[{"name":"wp","href":"https:\/\/api.w.org\/{rel}","templated":true}]}}