{"id":228730,"date":"2026-09-01T13:41:14","date_gmt":"2026-09-01T13:41:14","guid":{"rendered":"https:\/\/www.europesays.com\/hu\/228730\/"},"modified":"2026-09-01T13:41:14","modified_gmt":"2026-09-01T13:41:14","slug":"leesett-az-allunk-milyen-nagyok-mar-nagy-ervin-es-borbely-alexandra-ikrei-elza-es-franciska-3-evesek-hazai-sztar","status":"publish","type":"post","link":"https:\/\/www.europesays.com\/hu\/228730\/","title":{"rendered":"Leesett az \u00e1llunk, milyen nagyok m\u00e1r Nagy Ervin \u00e9s Borb\u00e9ly Alexandra ikrei: Elza \u00e9s Franciska 3 \u00e9vesek &#8211; Hazai szt\u00e1r"},"content":{"rendered":"<p>Alig hisz\u00fcnk a szem\u00fcnknek Nagy Ervin \u00e9s Borb\u00e9ly Alexandra ikreir\u0151l k\u00e9sz\u00fclt legfrissebb fot\u00f3 l\u00e1tt\u00e1n, olyan nagy m\u00e1r Elza \u00e9s Franciska.<\/p>\n<p>                          Nagy Ervin \u00e9s Borb\u00e9ly Alexandra ikrei<\/p>\n<p>A szt\u00e1rh\u00e1zasp\u00e1r mindig is azon kev\u00e9s h\u00edress\u00e9gek k\u00f6z\u00e9 tartozott, akik nem rejtegetik <a href=\"http:\/\/femina.hu\/hazai_sztar\/borbely-alexandra-nagy-ervin-allamtitkar\/\" id=\"hyperlink_9dee35ba323938524cefadeb702173a9\" target=\"_blank\" title=\"Borb\u00e9ly Alexandra ennyire d\u00f6g\u00f6s volt Nagy Ervin kinevez\u00e9s\u00e9n: combt\u0151ig felsliccelt szokny\u00e1t viselt\" rel=\"nofollow noopener\">mag\u00e1n\u00e9let\u00fcket<\/a> a rajong\u00f3k el\u0151l. B\u00e1r kezdetben m\u00e9g kev\u00e9s felv\u00e9telt mutattak az ikrekr\u0151l, azokon is igyekeztek eltakarni az arcukat, m\u00e1ra azonban j\u00f3val t\u00f6bbet l\u00e1thatunk a kisl\u00e1nyokb\u00f3l. \u00cdgy t\u00f6rt\u00e9nt ez a minap is, amikor Borb\u00e9ly Alexandra \u00fajabb fot\u00f3kat osztott meg r\u00f3luk.<\/p>\n<p>Nem meglep\u0151, hogy a kicsik m\u00e1r most nagy \u00e9rdekl\u0151d\u00e9st mutatnak a m\u0171v\u00e9szetek ir\u00e1nt, hiszen ez szinte a v\u00e9r\u00fckben van. Az viszont, ahogyan a 3 \u00e9ves Elza \u00e9s Franciska egy festm\u00e9nyt csod\u00e1lnak, igaz\u00e1n sz\u00edvet melenget\u0151 l\u00e1tv\u00e1ny.<\/p>\n<p>A legt\u00f6bbeknek azonban nem ezen akadt meg a tekintet\u00fck, hanem azon, mennyit n\u0151ttek m\u00e1r a l\u00e1nyok. Hi\u00e1ba t\u0171nnek fel rendszeresen k\u00e9peken \u00e9s vide\u00f3kon, egy ilyen kisgyermekn\u00e9l m\u00e9gis \u00fajra \u00e9s \u00fajra szembes\u00fcl az ember az id\u0151 rohan\u00e1s\u00e1val.\u00a0<\/p>\n<p>Ezt term\u00e9szetesen t\u00f6bben is megjegyezt\u00e9k a sz\u00edn\u00e9szn\u0151 leg\u00fajabb bejegyz\u00e9s\u00e9ben, mik\u00f6zben Elza \u00e9s Franciska sz\u00e9ps\u00e9g\u00e9t is kiemelt\u00e9k.<\/p>\n<p>\u201eGy\u00f6ny\u00f6r\u0171 kisl\u00e1nyok!\u201d<\/p>\n<p>\u201eMicsoda hajuk van.\u201d<\/p>\n<p>\u201eCukis\u00e1g faktorok kett\u0151!\u201d<\/p>\n<p>\u201eMilyen nagyok m\u00e1r! Hov\u00e1 rohan az id\u0151\u2026\u201d<\/p>\n<p>Borb\u00e9ly Alexandra term\u00e9szetesen nem el\u0151sz\u00f6r \u2013 \u00e9s minden bizonnyal nem is utolj\u00e1ra \u2013 veszi le k\u00f6vet\u0151it a l\u00e1bukr\u00f3l a b\u00e1jos csal\u00e1di pillanatokkal. P\u00e1r h\u00e9ttel ezel\u0151tt egy vide\u00f3ban azt is megmutatta, hogy az ikrek m\u00e1r most, h\u00e1rom\u00e9vesen <a href=\"http:\/\/femina.hu\/hazai_sztar\/nagy-ervin-borbely-alexandra-ikrei-elza-franciska-tanc\/\" id=\"hyperlink_7cc5a954b3c69bbd3ddd5861f3a5d618\" target=\"_blank\" title=\"Nagy Ervin \u00e9s Borb\u00e9ly Alexandra 3 \u00e9ves ikrei ilyen \u00fcgyes ballerin\u00e1k: \u00edme a t\u00e1ncol\u00f3 Elza \u00e9s Franciska\" rel=\"nofollow noopener\">milyen \u00fcgyesen balettoznak<\/a>.<\/p>\n<p>Mondani sem kell, az a bejegyz\u00e9s is hatalmas sikert aratott, a rajong\u00f3k pedig l\u00e1that\u00f3an sosem tudnak betelni a kisl\u00e1nyokr\u00f3l kapott \u00fajabb \u00e9s \u00fajabb felv\u00e9telekkel.<\/p>\n<p>                                    <a href=\"https:\/\/femina.hu\/hazai_sztar\/fesus-nelly-unokaja-yana-cimlapon\/\" title=\"\" rel=\"nofollow noopener\" target=\"_blank\"><br \/>\n                                    <img decoding=\"async\" src=\"https:\/\/www.europesays.com\/hu\/wp-content\/uploads\/2026\/09\/71235925_5253221_7c7331ad345a4bd5285c968ede516940_wm.jpg\" alt=\"\" title=\"\"\/><br \/>\n                                <\/a><\/p>\n<p>                                F\u00e9s\u0171s Nelly 3 h\u00f3napos unok\u00e1j\u00e1val a c\u00edmlapon: ennyit m\u00e9g nem l\u00e1ttunk Yan\u00e1b\u00f3l<\/p>\n<p class=\"lead\">F\u00e9s\u0171s Nelly 3 h\u00f3napos unok\u00e1j\u00e1t, Yan\u00e1t el\u0151sz\u00f6r l\u00e1thatjuk c\u00edmlapon.<\/p>\n<p>                                <a href=\"https:\/\/femina.hu\/hazai_sztar\/fesus-nelly-unokaja-yana-cimlapon\/\" class=\"btn btn-normal\" rel=\"nofollow noopener\" target=\"_blank\">Elolvasom<\/a><\/p>\n<p>\n                          Cover-fot\u00f3: RTL\n                        <\/p>\n<p>                                    <img loading=\"lazy\" decoding=\"async\" src=\"https:\/\/www.europesays.com\/hu\/wp-content\/uploads\/2026\/09\/1788270074_31_71205163_730833726a9fc8c72f94426b457d00da_wm.jpg\" width=\"200\" height=\"290\" alt=\"\"\/><br \/>\n                            \t    \t\u00dajrakezdeni \u00e9s meg\u00e9rkezni &#8211; Amikor a v\u00e1ltoz\u00e1s nem lez\u00e1r\u00e1s, hanem egy \u00faj kezdet.<\/p>\n<p>Van, amikor mi d\u00f6nt\u00fcnk a v\u00e1ltoz\u00e1s mellett, m\u00e1skor az \u00e9let k\u00e9nyszer\u00edt r\u00e1. Az \u00fajrakezd\u00e9s sosem k\u00f6nny\u0171, m\u00e9gis ezek a fordul\u00f3pontok visznek k\u00f6zelebb ahhoz, akik val\u00f3j\u00e1ban vagyunk.\u00a0 A Femina Klub \u00e9vadnyit\u00f3 estj\u00e9n\u00a0D. T\u00f3th Kriszta\u00a0\u00e9s\u00a0 \u00a0 Pataki \u00c1gi\u00a0szem\u00e9lyes t\u00f6rt\u00e9neteiken kereszt\u00fcl mes\u00e9lnek\u00a0november 16-\u00e1n a MOMkultban\u00a0az \u00fajrakezd\u00e9sekr\u0151l, az \u00f6nismeretr\u0151l, a d\u00f6nt\u00e9sekr\u0151l \u00e9s azokr\u00f3l a fordul\u00f3pontokr\u00f3l, amelyek v\u00e9g\u00fcl k\u00f6zelebb vitt\u00e9k \u0151ket \u00f6nmagukhoz.<\/p>\n<p><a href=\"https:\/\/feminaklub.hu\/\" rel=\"nofollow noopener\" target=\"_blank\">Biztos\u00edtsd be a helyed most!\u00a0<\/a><\/p>\n<p class=\"promocio\">Prom\u00f3ci\u00f3<\/p>\n<p><a href=\"https:\/\/dex.hu\/x.php?id=googlepref_desktop_femina&amp;url=https:\/\/google.com\/preferences\/source?q=https:\/\/femina.hu\/\" class=\"google-pref-banner \" id=\"googlePrefBanner\" rel=\"nofollow noopener\" target=\"_blank\"><\/p>\n<p>        \u00c1ll\u00edtsd be a Google keres\u0151j\u00e9t, hogy a tal\u00e1latok k\u00f6z\u00f6tt biztos ott legyen a Femina!    <\/p>\n<p><\/a><\/p>\n","protected":false},"excerpt":{"rendered":"Alig hisz\u00fcnk a szem\u00fcnknek Nagy Ervin \u00e9s Borb\u00e9ly Alexandra ikreir\u0151l k\u00e9sz\u00fclt legfrissebb fot\u00f3 l\u00e1tt\u00e1n, olyan nagy m\u00e1r Elza&hellip;\n","protected":false},"author":2,"featured_media":228731,"comment_status":"","ping_status":"","sticky":false,"template":"","format":"standard","meta":{"footnotes":"","_share_on_mastodon":"0"},"categories":[16],"tags":[837,1274,137,206,44,42,40,4519,43,41,1809,138,205,1759],"class_list":["post-228730","post","type-post","status-publish","format-standard","has-post-thumbnail","category-szorakozas","tag-anya-es-lanya","tag-borbely-alexandra","tag-entertainment","tag-hazai-sztar","tag-hu","tag-hungarian","tag-hungary","tag-ikrek","tag-magyar","tag-magyarorszag","tag-nagy-ervin","tag-szorakozas","tag-sztar","tag-sztarcsemete"],"share_on_mastodon":{"url":"https:\/\/pubeurope.com\/@hu\/117196075420758720","error":""},"_links":{"self":[{"href":"https:\/\/www.europesays.com\/hu\/wp-json\/wp\/v2\/posts\/228730","targetHints":{"allow":["GET"]}}],"collection":[{"href":"https:\/\/www.europesays.com\/hu\/wp-json\/wp\/v2\/posts"}],"about":[{"href":"https:\/\/www.europesays.com\/hu\/wp-json\/wp\/v2\/types\/post"}],"author":[{"embeddable":true,"href":"https:\/\/www.europesays.com\/hu\/wp-json\/wp\/v2\/users\/2"}],"replies":[{"embeddable":true,"href":"https:\/\/www.europesays.com\/hu\/wp-json\/wp\/v2\/comments?post=228730"}],"version-history":[{"count":0,"href":"https:\/\/www.europesays.com\/hu\/wp-json\/wp\/v2\/posts\/228730\/revisions"}],"wp:featuredmedia":[{"embeddable":true,"href":"https:\/\/www.europesays.com\/hu\/wp-json\/wp\/v2\/media\/228731"}],"wp:attachment":[{"href":"https:\/\/www.europesays.com\/hu\/wp-json\/wp\/v2\/media?parent=228730"}],"wp:term":[{"taxonomy":"category","embeddable":true,"href":"https:\/\/www.europesays.com\/hu\/wp-json\/wp\/v2\/categories?post=228730"},{"taxonomy":"post_tag","embeddable":true,"href":"https:\/\/www.europesays.com\/hu\/wp-json\/wp\/v2\/tags?post=228730"}],"curies":[{"name":"wp","href":"https:\/\/api.w.org\/{rel}","templated":true}]}}