{"id":228752,"date":"2026-09-01T14:02:11","date_gmt":"2026-09-01T14:02:11","guid":{"rendered":"https:\/\/www.europesays.com\/hu\/228752\/"},"modified":"2026-09-01T14:02:11","modified_gmt":"2026-09-01T14:02:11","slug":"g7-europai-toplistas-volt-a-magyar-ceg-most-elarverezik-a-kamu-gyumolcsfeldolgozojat","status":"publish","type":"post","link":"https:\/\/www.europesays.com\/hu\/228752\/","title":{"rendered":"G7: Eur\u00f3pai toplist\u00e1s volt a magyar c\u00e9g, most el\u00e1rverezik a kamu gy\u00fcm\u00f6lcsfeldolgoz\u00f3j\u00e1t"},"content":{"rendered":"<p><img decoding=\"async\" src=\"https:\/\/www.europesays.com\/hu\/wp-content\/uploads\/2026\/09\/1788253910-temp-j970j2o6l55i9plieoj_hero-normal:xl.jpg\"  loading=\"eager\" alt=\"Eur\u00f3pai toplist\u00e1s volt a magyar c\u00e9g, most el\u00e1rverezik a kamu gy\u00fcm\u00f6lcsfeldolgoz\u00f3j\u00e1t\" class=\"placeholder_\"\/><\/p>\n<p>A 600 milli\u00f3\u00e9rt \u00e1rult ingatlan \u2013 Fot\u00f3: E\u00c9R<\/p>\n<p><a href=\"https:\/\/telex.hu\/szerzo\/jando-zoltan\" class=\"author__avatar\" rel=\"nofollow noopener\" target=\"_blank\"><img decoding=\"async\" src=\"https:\/\/www.europesays.com\/hu\/wp-content\/uploads\/2026\/09\/1765548201-temp-hiq37cv31lsi2miEHLA_avatar@4x.jpg\" alt=\"Jand\u00f3 Zolt\u00e1n\" class=\"avatar\" loading=\"lazy\"\/><\/a><\/p>\n<p>Az \u00e9p\u00edt\u00e9shez kapott uni\u00f3s t\u00e1mogat\u00e1s durv\u00e1n harmad\u00e1\u00e9rt \u00e1rulnak egy olyan csarnokot, amely kor\u00e1bban kamu gy\u00fcm\u00f6lcsfeldolgoz\u00f3k\u00e9nt ker\u00fclt be a h\u00edrekbe.<\/p>\n<p>A csarnokot \u00e9p\u00edt\u0151, a 2010-es \u00e9vekben eur\u00f3pai szinten is kiemelked\u0151 \u00fctemben n\u00f6veked\u0151 c\u00e9g mostanra felsz\u00e1mol\u00e1s al\u00e1 ker\u00fclt, \u00e9s az egyik leggazdagabb magyar is milli\u00e1rdokat k\u00f6vetel t\u0151le.<\/p>\n<p>El\u0151zm\u00e9nyek: a 2005-ben alap\u00edtott T-Trans F\u0151\u00e9p Kft. szekere a 2010-es \u00e9vek els\u0151 fel\u00e9ben kezdett el futni igaz\u00e1n. Olyannyira, hogy 2016-ra a leggyorsabb fejl\u0151d\u00e9st mutat\u00f3 t\u00e1rsas\u00e1gok eur\u00f3pai list\u00e1j\u00e1n az 55. helyen v\u00e9gzett a v\u00e1llalat h\u00e1rom \u00e9v alatt 10,3-szoros \u00e1rbev\u00e9tel-n\u00f6veked\u00e9ssel.<\/p>\n<p>Sz\u00e1mokban: mindez a c\u00e9g p\u00e9nz\u00fcgyi mutat\u00f3in is megl\u00e1tszott. A 2010-es \u00e9vek elej\u00e9n m\u00e9g n\u00e9h\u00e1ny sz\u00e1zmilli\u00f3 forintos \u00e1rbev\u00e9tel\u00fck 2018-ban \u00e1tl\u00e9pte a t\u00edzmilli\u00e1rdot, egy \u00e9vvel k\u00e9s\u0151bb pedig 14,3 milli\u00e1rd forint k\u00f6zel\u00e9ben tet\u0151z\u00f6tt.<\/p>\n<p>Ezzel a c\u00e9g \u00e1rbev\u00e9tele alapj\u00e1n eg\u00e9sz biztosan a sz\u00e1z legnagyobb hazai \u00e9p\u00edt\u0151ipari v\u00e1llalat k\u00f6z\u00f6tt volt abban az \u00e9vben.A forgalom robban\u00e1sszer\u0171 gyarapod\u00e1s\u00e1val p\u00e1rhuzamosan a t\u00e1rsas\u00e1g nyeres\u00e9ge is n\u0151tt. B\u00e1r a T-Trans kor\u00e1ntsem \u00e9rt el olyan nyeres\u00e9gr\u00e1t\u00e1t, mint a NER-es \u00e9p\u00edt\u0151k, 2013 \u00e9s 2023 k\u00f6z\u00f6tt \u00f6sszesen \u00edgy is t\u00f6bb mint 6 milli\u00e1rdos profitra tett szert.<\/p>\n<p>Igen, de: 2023 ut\u00e1n l\u00e1tv\u00e1nyosan megroppant a v\u00e1llalat. A 2024-es \u00fczleti \u00e9vet k\u00f6zel 2,7 milli\u00e1rdos vesztes\u00e9ggel z\u00e1rt\u00e1k, a besz\u00e1mol\u00f3ban pedig sz\u00e1zmilli\u00f3s nagys\u00e1grend\u0171 peres\u00edtett k\u00f6vetel\u00e9sr\u0151l, k\u00f6tb\u00e9rr\u0151l \u00e9s vitatott k\u00f6telezetts\u00e9gr\u0151l \u00edrtak. Egy \u00e9vvel k\u00e9s\u0151bb r\u00e1ad\u00e1sul m\u00e1r milli\u00e1rdos t\u00e9telek szerepeltek ugyanezeken a sorokon.<\/p>\n<p>A hatalmas vesztes\u00e9gnek hamarosan meg is lett a k\u00f6vetkezm\u00e9nye: 2025-ben a c\u00e9g ellen sorra indultak a v\u00e9grehajt\u00e1sok, majd j\u00faliusban a b\u00edr\u00f3s\u00e1g a t\u00e1rsas\u00e1g felsz\u00e1mol\u00e1s\u00e1t is elrendelte.A sz\u00e9lesebb olvas\u00f3k\u00f6z\u00f6ns\u00e9g azonban nem ekkor, hanem az id\u00e9n \u00e9v elej\u00e9n ismerhette meg a v\u00e1llalat nev\u00e9t <a href=\"https:\/\/www.facebook.com\/hadhazyakos\/posts\/egy-%C3%BAjabb-szellem-gy%C3%BCm%C3%B6lcsfeldolgoz%C3%B3-j%C3%A1szber%C3%A9ny-hat%C3%A1r%C3%A1ban-%C3%BAjabb-17-milli%C3%A1rd-fori\/1467267351428221\/\" target=\"_blank\" rel=\"nofollow noopener\">Hadh\u00e1zy \u00c1kosnak k\u00f6sz\u00f6nhet\u0151en<\/a>. A politikus mutatott be J\u00e1szber\u00e9ny hat\u00e1r\u00e1ban egy olyan \u201egy\u00fcm\u00f6lcsfeldolgoz\u00f3t\u201d, ahol nem volt nyoma gy\u00fcm\u00f6lcsfeldolgoz\u00e1snak.Hadh\u00e1zy arr\u00f3l \u00edrt, hogy a j\u00e1szber\u00e9nyi \u00e9p\u00fcletre a T-Trans F\u0151\u00e9p Kft. nyert el 2017-ben 480 milli\u00f3 forintot, majd 2022-ben m\u00e9g 1,225 milli\u00e1rd forintot. Azaz a kamunak t\u0171n\u0151 gy\u00fcm\u00f6lcsfeldolgoz\u00f3 <a href=\"https:\/\/444.hu\/2026\/02\/12\/hadhazy-akos-ismet-talalt-egy-milliardos-erteku-fantomberuhazast-szerinte-osszehangolt-csalasra-utalnak-a-jelek\" target=\"_blank\" rel=\"nofollow noopener\">1,7 milli\u00e1rd forint EU-s p\u00e9nzb\u0151l \u00e9p\u00fclt<\/a>.<\/p>\n<p>Aluln\u00e9zet: most egyebek mellett az az \u00e9p\u00fclet is kalap\u00e1cs al\u00e1 ker\u00fcl, amelyr\u0151l Hadh\u00e1zy \u00c1kos \u00e9v eleji posztj\u00e1ban fot\u00f3t is k\u00f6z\u00f6lt. A <a href=\"https:\/\/eer.sztfh.hu\/palyazat\/P4765408\" target=\"_blank\" rel=\"nofollow noopener\">600 milli\u00f3 forint\u00e9rt k\u00edn\u00e1lt<\/a>, k\u00f6zel 6700 n\u00e9gyzetm\u00e9teres ingatlan kivett \u00fczem n\u00e9ven fut.<\/p>\n<p>A ki\u00edr\u00e1s szerint \u201eaz ac\u00e9lv\u00e1zas, szendvicspaneles csarnok kifog\u00e1stalan \u00e1llapotban van, azonnal haszn\u00e1latba vehet\u0151\u201d, az \u00e1llapot\u00e1t pedig az \u00faj jelz\u0151vel \u00edrt\u00e1k le.Nem ez azonban a T-Trans F\u0151\u00e9p Kft. egyetlen \u00e1rver\u00e9sre k\u00edn\u00e1lt ingatlanja. A fot\u00f3kr\u00f3l ismert \u00e9p\u00fclet szomsz\u00e9dj\u00e1ban egy m\u00e1sik, 3300 n\u00e9gyzetm\u00e9teres \u00fczemi \u00e9p\u00fcletet is megpr\u00f3b\u00e1l eladni a c\u00e9g felsz\u00e1mol\u00f3ja <a href=\"https:\/\/eer.sztfh.hu\/arveres\/A4779784\" target=\"_blank\" rel=\"nofollow noopener\">195 milli\u00f3 forintos<\/a> kiki\u00e1lt\u00e1si \u00e1ron, m\u00edg N\u00f3gr\u00e1dk\u00f6vesden egy <a href=\"https:\/\/eer.sztfh.hu\/palyazat\/P4767017\" target=\"_blank\" rel=\"nofollow noopener\">villanytelepet \u00e1rulnak<\/a> 21 milli\u00f3\u00e9rt.<\/p>\n<p>T\u00e1gabb kontextus: a T-Trans F\u0151\u00e9p Kft. t\u00f6bbsz\u00f6r is kapcsolatba ker\u00fclt az egyik leggazdagabb magyar, a Tiborcz Istv\u00e1nnal is \u00fczletel\u0151 Jellinek D\u00e1niel Indotek nev\u0171 c\u00e9gcsoportj\u00e1val.<\/p>\n<p>Az Indotek egy projektj\u00e9n\u00e9l egy alv\u00e1llalkoz\u00f3 <a href=\"https:\/\/mfor.hu\/cikkek\/ingatlan\/all-a-bal-a-hazai-ingatlanguru-altal-felhuzott-tarsashaznal-.html\" target=\"_blank\" rel=\"nofollow noopener\">azzal v\u00e1dolta<\/a> a gener\u00e1lkivitelez\u0151k\u00e9nt megb\u00edzott T-Trans-t, hogy a IX. ker\u00fcleti lak\u00f3park \u00e9p\u00edt\u00e9s\u00e9n\u00e9l megszegte a t\u0171zv\u00e9delmi t\u00f6rv\u00e9nyt, emiatt az \u00e9p\u00fclet t\u0171zvesz\u00e9lyes, r\u00e1ad\u00e1sul a k\u00f6rfolyos\u00f3k sem biztons\u00e1gosak statikailag.Jellinek D\u00e1niel csoportja a most \u00e1rver\u00e9sre bocs\u00e1tott ingatlanok k\u00f6r\u00fcl is felt\u0171nik. A k\u00e9t j\u00e1szber\u00e9nyi csarnokra a milli\u00e1rdos egyik p\u00e9nz\u00fcgyi v\u00e1llalkoz\u00e1s\u00e1nak jegyeztek be jelz\u00e1logjogot, m\u00e9ghozz\u00e1 k\u00f6zel 1,7 milli\u00e1rd forint \u00e9rt\u00e9kben.<\/p>\n<p>Mit mondanak \u0151k? Az Indotek-csoportt\u00f3l k\u00e9rd\u00e9s\u00fcnkre azt \u00edrt\u00e1k, hogy a T-Trans F\u0151\u00e9p Kft. a csoport egyik t\u00e1rsas\u00e1g\u00e1nak b\u00e9rl\u0151je volt, emellett t\u00f6bb projektben gener\u00e1lkivitelez\u0151k\u00e9nt m\u0171k\u00f6d\u00f6tt k\u00f6zre.<\/p>\n<p>A t\u00e1rsas\u00e1ggal fenn\u00e1ll\u00f3 kivitelez\u00e9si szerz\u0151d\u00e9seiket azonban min\u0151s\u00e9gi \u00e9s hat\u00e1rid\u0151s probl\u00e9m\u00e1k miatt \u00e9vekkel a felsz\u00e1mol\u00e1s kezdete el\u0151tt felmondt\u00e1k.Szint\u00e9n a felsz\u00e1mol\u00e1si helyzet kialakul\u00e1sa el\u0151tt adott k\u00f6lcs\u00f6n a T-Trans Kft.-nek az Indotek egyik c\u00e9ge. Az Indotek \u00e9rintett t\u00e1rsas\u00e1gai \u00edgy ezen k\u00f6lcs\u00f6nb\u0151l, valamint b\u00e9rleti d\u00edjb\u00f3l \u00e9s egy\u00e9b jogc\u00edmekb\u0151l ered\u0151 k\u00f6vetel\u00e9seikkel hitelez\u0151k\u00e9nt vesznek r\u00e9szt a felsz\u00e1mol\u00e1si elj\u00e1r\u00e1sban.<\/p>\n<p>K\u00f6vess minket Facebookon is!<\/p>\n","protected":false},"excerpt":{"rendered":"A 600 milli\u00f3\u00e9rt \u00e1rult ingatlan \u2013 Fot\u00f3: E\u00c9R Az \u00e9p\u00edt\u00e9shez kapott uni\u00f3s t\u00e1mogat\u00e1s durv\u00e1n harmad\u00e1\u00e9rt \u00e1rulnak egy olyan&hellip;\n","protected":false},"author":2,"featured_media":228753,"comment_status":"","ping_status":"","sticky":false,"template":"","format":"standard","meta":{"footnotes":"","_share_on_mastodon":"0"},"categories":[6],"tags":[1444,60705,6303,44,42,40,4327,4328,43,41,60706,3037],"class_list":["post-228752","post","type-post","status-publish","format-standard","has-post-thumbnail","category-magyarorszag","tag-egyperces","tag-gyumolcsfeldolgozo","tag-hadhazy-akos","tag-hu","tag-hungarian","tag-hungary","tag-indotek","tag-jellinek-daniel","tag-magyar","tag-magyarorszag","tag-t-trans-foep-kft","tag-vallalat"],"share_on_mastodon":{"url":"https:\/\/pubeurope.com\/@hu\/117196158175536651","error":""},"_links":{"self":[{"href":"https:\/\/www.europesays.com\/hu\/wp-json\/wp\/v2\/posts\/228752","targetHints":{"allow":["GET"]}}],"collection":[{"href":"https:\/\/www.europesays.com\/hu\/wp-json\/wp\/v2\/posts"}],"about":[{"href":"https:\/\/www.europesays.com\/hu\/wp-json\/wp\/v2\/types\/post"}],"author":[{"embeddable":true,"href":"https:\/\/www.europesays.com\/hu\/wp-json\/wp\/v2\/users\/2"}],"replies":[{"embeddable":true,"href":"https:\/\/www.europesays.com\/hu\/wp-json\/wp\/v2\/comments?post=228752"}],"version-history":[{"count":0,"href":"https:\/\/www.europesays.com\/hu\/wp-json\/wp\/v2\/posts\/228752\/revisions"}],"wp:featuredmedia":[{"embeddable":true,"href":"https:\/\/www.europesays.com\/hu\/wp-json\/wp\/v2\/media\/228753"}],"wp:attachment":[{"href":"https:\/\/www.europesays.com\/hu\/wp-json\/wp\/v2\/media?parent=228752"}],"wp:term":[{"taxonomy":"category","embeddable":true,"href":"https:\/\/www.europesays.com\/hu\/wp-json\/wp\/v2\/categories?post=228752"},{"taxonomy":"post_tag","embeddable":true,"href":"https:\/\/www.europesays.com\/hu\/wp-json\/wp\/v2\/tags?post=228752"}],"curies":[{"name":"wp","href":"https:\/\/api.w.org\/{rel}","templated":true}]}}