{"id":228866,"date":"2026-09-01T16:06:17","date_gmt":"2026-09-01T16:06:17","guid":{"rendered":"https:\/\/www.europesays.com\/hu\/228866\/"},"modified":"2026-09-01T16:06:17","modified_gmt":"2026-09-01T16:06:17","slug":"index-futball-futball-1144","status":"publish","type":"post","link":"https:\/\/www.europesays.com\/hu\/228866\/","title":{"rendered":"Index &#8211; Futball &#8211; Futball"},"content":{"rendered":"<p>Napok \u00f3ta h\u00faz\u00f3dik az \u00e1tigazol\u00e1s az angol m\u00e1sodoszt\u00e1ly\u00fa labdar\u00fag\u00f3-bajnoks\u00e1gban szerepl\u0151 Blackburn Rovers \u00e9s a sk\u00f3t rekordbajnok k\u00f6z\u00f6tt, \u00e9s most m\u00e1r szinte biztos, hogy nem j\u00f6n l\u00e9tre az \u00fczlet.<\/p>\n<p>T\u00f6bb forr\u00e1s is arr\u00f3l sz\u00e1molt be, hogy a Celtic \u00faj lehet\u0151s\u00e9gek ut\u00e1n n\u00e9zett, miut\u00e1n a Blackburn visszautas\u00edtotta a T\u00f3th Bal\u00e1zs\u00e9rt tett 2,5 milli\u00f3 fontos aj\u00e1nlatot. \u00cdgy j\u00f6tt k\u00e9pbe Sam Johnstone, akit egy \u00e9vre venne k\u00f6lcs\u00f6n a sk\u00f3t g\u00e1rda a Wolverhampton Wandererst\u0151l.<\/p>\n<p>A Sky Sports riportere <a href=\"https:\/\/x.com\/AnthonyRJoseph\/status\/2094687821625770165\" id=\"hyperlink_173b37a2774e050c5c362df882811f76\" rel=\"nofollow\" target=\"_blank\">\u00fagy tudja<\/a>, hogy Johnstone m\u00e1r el is utazott Glasgowba, hogy \u00e1tessen az ilyenkor szok\u00e1sos orvosi vizsg\u00e1latokon. Ha az orvosok mindent rendben tal\u00e1lnak, a felek neki\u00e1llhatnak a pap\u00edrmunk\u00e1nak.<\/p>\n<p>A Blackburn c\u00e9lja tov\u00e1bbra is az, hogy \u00e9rt\u00e9kes\u00edtse T\u00f3th Bal\u00e1zs j\u00e1t\u00e9kjog\u00e1t a ny\u00e1ri transzferpiac z\u00e1r\u00e1sa el\u0151tt, \u00e9s a magyar kapus is szeretne t\u00e1vozni. Egy-k\u00e9t brit sajt\u00f3term\u00e9k klubk\u00f6zeli forr\u00e1sokra hivatkozva arr\u00f3l \u00edrt, hogy T\u00f3th az edz\u00e9s megtagad\u00e1s\u00e1val akarja kik\u00e9nyszer\u00edteni az elad\u00e1s\u00e1t, de az Index \u00fagy tudja, hogy ez nem igaz, \u00e9s semmif\u00e9le probl\u00e9ma nincs a magyar kapus munkamor\u00e1lj\u00e1val \u00e9s viselked\u00e9s\u00e9vel.<\/p>\n<p><a href=\"https:\/\/dex.hu\/x.php?id=googlepref_desktop&amp;url=https:\/\/google.com\/preferences\/source?q=https:\/\/index.hu\" class=\"google-pref-banner \" id=\"googlePrefBanner\" rel=\"nofollow noopener\" target=\"_blank\"><\/p>\n<p>    Itt \u00e1ll\u00edtsa be, hogy az Index az els\u0151k k\u00f6z\u00f6tt legyen a Google-tal\u00e1latokban!<\/p>\n<p><\/a><\/p>\n<p>                <a href=\"https:\/\/konyvek.index.hu\/\" target=\"_blank\" rel=\"nofollow noopener\"><br \/>\n                <img decoding=\"async\" src=\"https:\/\/index.hu\/assets\/images\/konyvajanlo\/book_indapress\/book_indapress_logo.svg\" loading=\"lazy\" alt=\"Inda Press Kiad\u00f3\"\/><br \/>\n                <\/a><\/p>\n<p>                <img decoding=\"async\" src=\"https:\/\/www.europesays.com\/hu\/wp-content\/uploads\/2026\/09\/1788278775_932_rossi.png\" loading=\"lazy\" alt=\"Rossi\"\/><\/p>\n<p>Ismerd meg a magyar labdar\u00fag\u00e1s h\u0151s\u00e9nek eml\u00e9kezetes pillanatait!<br \/>Folytassa, Mister!<\/p>\n<p>                <a class=\"book_index_btn\" href=\"https:\/\/indexadhu.hit.gemius.pl\/hitredir\/id=nSCbubuYpDWJZLZs0TssLrbt33Lk5kbipuiZrkg89G3.g7\/stparam=uciklwjurk\/fastid=efdamtuhsxcjschvtzobuxredglq\/nc=0\/url=https:\/\/www.indapresskiado.hu\/products\/marco-rossi?_pos=1&amp;_psq=rossi&amp;_ss=e&amp;_v=1.0\" target=\"_blank\" rel=\"nofollow noopener\">MEGVESZEM<\/a><\/p>\n<p>    <img loading=\"lazy\" decoding=\"async\" src=\"https:\/\/www.europesays.com\/hu\/wp-content\/uploads\/2026\/09\/1788278777_314_nc=0.gif\" border=\"0\" height=\"0\" width=\"0\"\/><\/p>\n<p>    <img decoding=\"async\" src=\"https:\/\/index.hu\/assets\/images\/social-follow\/logo-big.svg\" alt=\"Index.hu logo\"\/><\/p>\n<p>K\u00f6vesse az Indexet Facebookon is!<\/p>\n<p>    <a href=\"https:\/\/facebook.com\/Indexhu\" target=\"_blank\" rel=\"nofollow noopener\"><\/p>\n<p>        K\u00f6vetem!<br \/>\n    <\/a><\/p>\n","protected":false},"excerpt":{"rendered":"Napok \u00f3ta h\u00faz\u00f3dik az \u00e1tigazol\u00e1s az angol m\u00e1sodoszt\u00e1ly\u00fa labdar\u00fag\u00f3-bajnoks\u00e1gban szerepl\u0151 Blackburn Rovers \u00e9s a sk\u00f3t rekordbajnok k\u00f6z\u00f6tt, \u00e9s&hellip;\n","protected":false},"author":2,"featured_media":228867,"comment_status":"","ping_status":"","sticky":false,"template":"","format":"standard","meta":{"footnotes":"","_share_on_mastodon":"0"},"categories":[14],"tags":[4871,1031,1680,7284,44,42,40,43,41,7282,45,131,1679],"class_list":["post-228866","post","type-post","status-publish","format-standard","has-post-thumbnail","category-sport","tag-anglia","tag-atigazolas","tag-blackburn-rovers","tag-celtic","tag-hu","tag-hungarian","tag-hungary","tag-magyar","tag-magyarorszag","tag-skocia","tag-sport","tag-sports","tag-toth-balazs"],"share_on_mastodon":{"url":"https:\/\/pubeurope.com\/@hu\/117196645191944779","error":""},"_links":{"self":[{"href":"https:\/\/www.europesays.com\/hu\/wp-json\/wp\/v2\/posts\/228866","targetHints":{"allow":["GET"]}}],"collection":[{"href":"https:\/\/www.europesays.com\/hu\/wp-json\/wp\/v2\/posts"}],"about":[{"href":"https:\/\/www.europesays.com\/hu\/wp-json\/wp\/v2\/types\/post"}],"author":[{"embeddable":true,"href":"https:\/\/www.europesays.com\/hu\/wp-json\/wp\/v2\/users\/2"}],"replies":[{"embeddable":true,"href":"https:\/\/www.europesays.com\/hu\/wp-json\/wp\/v2\/comments?post=228866"}],"version-history":[{"count":0,"href":"https:\/\/www.europesays.com\/hu\/wp-json\/wp\/v2\/posts\/228866\/revisions"}],"wp:featuredmedia":[{"embeddable":true,"href":"https:\/\/www.europesays.com\/hu\/wp-json\/wp\/v2\/media\/228867"}],"wp:attachment":[{"href":"https:\/\/www.europesays.com\/hu\/wp-json\/wp\/v2\/media?parent=228866"}],"wp:term":[{"taxonomy":"category","embeddable":true,"href":"https:\/\/www.europesays.com\/hu\/wp-json\/wp\/v2\/categories?post=228866"},{"taxonomy":"post_tag","embeddable":true,"href":"https:\/\/www.europesays.com\/hu\/wp-json\/wp\/v2\/tags?post=228866"}],"curies":[{"name":"wp","href":"https:\/\/api.w.org\/{rel}","templated":true}]}}