{"id":228882,"date":"2026-09-01T16:21:07","date_gmt":"2026-09-01T16:21:07","guid":{"rendered":"https:\/\/www.europesays.com\/hu\/228882\/"},"modified":"2026-09-01T16:21:07","modified_gmt":"2026-09-01T16:21:07","slug":"ez-most-a-legvaganyabb-opel-de-tul-keson-erkezett","status":"publish","type":"post","link":"https:\/\/www.europesays.com\/hu\/228882\/","title":{"rendered":"Ez most a legvag\u00e1nyabb Opel, de t\u00fal k\u00e9s\u0151n \u00e9rkezett"},"content":{"rendered":"<p>100, 106, 125, 210, 207. L\u00f3er\u0151ben m\u00e9rve ilyen teljes\u00edtm\u00e9ny\u0171ek voltak az Opel Corsa GSi, majd OPC v\u00e1ltozatai \u2013 ut\u00f3bbi sportmodellek a D \u00e9s az E, vagyis a negyedik \u00e9s \u00f6t\u00f6dik gener\u00e1ci\u00f3s Cors\u00e1b\u00f3l sz\u00fclettek. Napjaink Cors\u00e1j\u00e1b\u00f3l az eddigi cs\u00facsverzi\u00f3 a 156 l\u00f3er\u0151s villanymotoros v\u00e1ltozat volt, ezt siker\u00fclt megfejelni a GSE-vel.<\/p>\n<p id=\"caption-attachment-2301224\" class=\"wp-caption-text\">Az Opel az \u00f6sszes sportos Cors\u00e1b\u00f3l vitt egyet Ausztri\u00e1ba<\/p>\n<p>A Corsa GSE megsz\u00fclet\u00e9s\u00e9ben sokat seg\u00edtett egyr\u00e9szt a Stellantis, akik m\u00e1r t\u00f6bb modelln\u00e9l (<a href=\"https:\/\/www.vezess.hu\/ujauto-teszt\/2025\/11\/18\/teszt-alfa-romeo-junior-veloce\/\" rel=\"nofollow noopener\" target=\"_blank\">Alfa Romeo Junior Veloce<\/a>, <a href=\"https:\/\/www.vezess.hu\/hirek\/2025\/06\/14\/peugeot-e-208-gti-2\/\" target=\"_blank\" rel=\"noopener nofollow\">Peugeot e-208 GTi,<\/a> <a href=\"https:\/\/www.vezess.hu\/abarth\/600e-abarth\/\" rel=\"nofollow noopener\" target=\"_blank\">Abarth 600e<\/a>, Lancia Ypsilon HF) bevetett\u00e9k az M4+ k\u00f3djel\u0171 villanymotort. M\u00e1sr\u00e9szt az Opel sem el\u0151sz\u00f6r teszi ezt pr\u00f3b\u00e1ra. A villanyos \u00e9lm\u00e9nyaut\u00f3 hajt\u00e1srendszer\u00e9t egy az egyben \u00e1temelt\u00e9k a Mokka GSE-b\u0151l, meg is tehett\u00e9k ezt a k\u00f6z\u00f6s padl\u00f3lemez miatt. \u00cdgy lett a hot hatch cs\u00facsteljes\u00edtm\u00e9nye 281 l\u00f3er\u0151, maxim\u00e1lis nyomat\u00e9ka 345 Nm. Az 1554 kil\u00f3s aut\u00f3 \u00e1ll\u00f3 helyzetb\u0151l 5,5 m\u00e1sodperc alatt gyorsul 100 km\/\u00f3r\u00e1ra \u2013 r\u00e9g nem l\u00e9pett \u00edgy Opel, csak a <a href=\"https:\/\/www.vezess.hu\/ujauto-teszt\/2003\/09\/09\/teszt-opel-speedster-turbo-ut-a-pokolba\/\" rel=\"nofollow noopener\" target=\"_blank\">Speedster<\/a> volt enn\u00e9l is f\u00fcrg\u00e9bb. V\u00e9gsebess\u00e9g\u00e9t 180 km\/\u00f3r\u00e1ra korl\u00e1tozt\u00e1k, ami fura annak f\u00e9ny\u00e9ben, hogy ugyanezzel az er\u0151forr\u00e1ssal a Mokka GSE 200-ig v\u00e1gt\u00e1zhat.<\/p>\n<p>Abban, hogy az er\u0151 mozg\u00e1ss\u00e1 v\u00e1ljon, seg\u00edt a Torsen t\u00f6bbt\u00e1rcs\u00e1s, r\u00e9szlegesen \u00f6nz\u00e1r\u00f3 differenci\u00e1lm\u0171ve (LSD). Az LSD m\u00e9rs\u00e9kli a t\u00falkorm\u00e1nyozotts\u00e1got \u00e9s alulkorm\u00e1nyzotts\u00e1got a hajtott kerekek kip\u00f6rg\u00e9s\u00e9nek cs\u00f6kkent\u00e9s\u00e9vel. \u00d6sszess\u00e9g\u00e9ben jobb tapad\u00e1st \u00e9s nyomat\u00e9keloszt\u00e1st ad egyenetlen fel\u00fcleten vagy elt\u00e9r\u0151 tapad\u00e1si viszonyok k\u00f6z\u00f6tt, stabilabb \u00e9s gyorsabb kanyarv\u00e9telt biztos\u00edt, n\u00f6veli a j\u00e1rm\u0171vezet\u0151 kontrollj\u00e1t. Mivel cs\u00f6kkenti a kip\u00f6rg\u00e9st, \u00edgy a hajt\u00e1sl\u00e1nc mechanikai ig\u00e9nybev\u00e9tele is kisebb. A Mokka GSE-be is ker\u00fclt LSD, de a k\u00e9t eszk\u00f6zt elt\u00e9r\u0151en hangolt\u00e1k: a Corsa GSE-n\u00e9l gyors\u00edt\u00e1skor 38 sz\u00e1zal\u00e9kos (vs. 36%), f\u00e9kez\u00e9sn\u00e9l 28 sz\u00e1zal\u00e9kos (vs. 34%) lehet a z\u00e1r\u00e1s.<\/p>\n<p id=\"caption-attachment-2301238\" class=\"wp-caption-text\">M\u00e1trix LED-technol\u00f3gi\u00e1s f\u00e9nysz\u00f3r\u00f3kat is kaphat<\/p>\n<p>K\u00f6z\u00f6s a k\u00e9t aut\u00f3 akkumul\u00e1tora is. Brutt\u00f3 54, nett\u00f3 51 kWh-s a legfeljebb 100 kW teljes\u00edtm\u00e9nnyel t\u00f6lthet\u0151, nikkel-mang\u00e1n-kobalt k\u00e9mi\u00e1j\u00fa telep. A Corsa GSE WLTP-hat\u00f3t\u00e1vja 354-374 km, fogyaszt\u00e1sa pedig 16-17 kWh\/100 km, de ezeket aligha hozza sportos vezet\u00e9s mellett a modell. H\u00e1rom vezet\u00e9si \u00fczemm\u00f3dot kapott az aut\u00f3, ebb\u0151l az Eco m\u00f3d az, ami seg\u00edthet ezen sz\u00e1mok t\u00e9nyleges el\u00e9r\u00e9s\u00e9ben. Hozz\u00e1tessz\u00fck, a sof\u0151r a menetped\u00e1llal m\u00e1r \u00edgy is 190 l\u00f3er\u0151st \u00e9s 300 Nm-t kontroll\u00e1l, \u00e9s suhanhat 150-nel. Norm\u00e1l \u00fczemm\u00f3dban 231 l\u00f3er\u0151t kapunk, \u00e9s el\u00e9rhet\u0151v\u00e9 v\u00e1lik a maxim\u00e1lis nyomat\u00e9k \u00e9s a v\u00e9gsebess\u00e9g is. Sport m\u00f3dban minden korl\u00e1t elt\u0171nik, ezen k\u00edv\u00fcl a korm\u00e1ny kevesebb r\u00e1seg\u00edt\u00e9st kap, \u00e9s a menetstabiliz\u00e1l\u00f3 is laz\u00e1bb. A f\u00e9kek sem rekuper\u00e1lnak, minden lass\u00edt\u00e1sr\u00f3l az el\u00f6l n\u00e9gydugatty\u00fas Alcon-f\u00e9kek, h\u00e1tul \u00fasz\u00f3nyerges rendszer gondoskodik a bal oldali ped\u00e1l nyom\u00e1sakor.<\/p>\n<p><a href=\"https:\/\/www.vezess.hu\/hirek\/2026\/04\/23\/opel-gen4-formula-e-prototype\/\" target=\"_blank\" rel=\"noopener nofollow\">A Forma-E-be frissen besz\u00e1ll\u00f3<\/a> Opel motorsportos tapasztalatokat is felhaszn\u00e1lt, hogy a Corsa GSE akkumul\u00e1torh\u0171t\u00e9s\u00e9t optimaliz\u00e1lj\u00e1k a nagy ig\u00e9nybev\u00e9telekre. Az extra er\u0151n t\u00fal azonban a kezelhet\u0151s\u00e9g is kapott egy j\u00f3kora adag figyelmet. Mindez a lejjebb \u00fcltetett kasztniban, az el\u00f6l 67, h\u00e1tul 29 sz\u00e1zal\u00e9kkal feszesebb rug\u00f3kban, egy \u00faj keresztstabiliz\u00e1torban, a hidraulikus fel\u00fctk\u00f6z\u00e9sg\u00e1tl\u00f3kban \u00e9s egy \u00faj h\u00e1ts\u00f3 tengely form\u00e1j\u00e1ban nyilv\u00e1nul meg. Direktebbre vett\u00e9k a korm\u00e1nyz\u00e1st is, az \u00e1tt\u00e9tel 16,2-r\u0151l 14,5-re cs\u00f6kkent\u00e9s\u00e9vel, mik\u00f6zben a fordul\u00f3k\u00f6r \u00e1tm\u00e9r\u0151je alacsony, 10,3 m\u00e9ter maradt.<\/p>\n<p id=\"caption-attachment-2301250\" class=\"wp-caption-text\">Cs\u00f6kkentett\u00e9k a korm\u00e1ny\u00e1tt\u00e9telez\u00e9st<\/p>\n<p>Egy olyan aut\u00f3n\u00e1l, ami a vezet\u00e9s \u00f6r\u00f6m\u00e9re sz\u00fcletett, nem meglep\u0151, ha kev\u00e9s sz\u00f3 esik azokr\u00f3l a rendszerekr\u0151l, melyek \u00e9pp ebbe akarnak belesz\u00f3lni. Van persze a Corsa GSE-ben is minden, ami ma k\u00f6telez\u0151. Az Opel az akt\u00edv s\u00e1vtart\u00f3 megl\u00e9t\u00e9t emelte ki mind k\u00f6z\u00fcl, ez ebben a szegmensben nem mindennapi. Megeml\u00edtett\u00e9k m\u00e9g a 180 fokos tolat\u00f3kamer\u00e1t is, noha ez ink\u00e1bb m\u00e1r a k\u00edn\u00e1lat alja kamerafronton, mintsem olyasvalami, amivel k\u00e9rkedni lehet.<\/p>\n","protected":false},"excerpt":{"rendered":"100, 106, 125, 210, 207. L\u00f3er\u0151ben m\u00e9rve ilyen teljes\u00edtm\u00e9ny\u0171ek voltak az Opel Corsa GSi, majd OPC v\u00e1ltozatai \u2013&hellip;\n","protected":false},"author":2,"featured_media":228883,"comment_status":"","ping_status":"","sticky":false,"template":"","format":"standard","meta":{"footnotes":"","_share_on_mastodon":"0"},"categories":[12],"tags":[53047,60724,10391,55053,44,42,40,55054,43,41,16937,20060,32282,121,120,45,125,122,124,123,55052],"class_list":["post-228882","post","type-post","status-publish","format-standard","has-post-thumbnail","category-tudomany-es-technologia","tag-corsa","tag-corsa-gse","tag-elektromos","tag-ferdehatu-5-ajtos","tag-hu","tag-hungarian","tag-hungary","tag-kis-auto","tag-magyar","tag-magyarorszag","tag-opel","tag-opel-corsa","tag-opel-corsa-gse","tag-science","tag-science-technology","tag-sport","tag-technologia","tag-technology","tag-tudomany","tag-tudomany-es-technologia","tag-ujauto-teszt"],"share_on_mastodon":{"url":"https:\/\/pubeurope.com\/@hu\/117196703961494591","error":""},"_links":{"self":[{"href":"https:\/\/www.europesays.com\/hu\/wp-json\/wp\/v2\/posts\/228882","targetHints":{"allow":["GET"]}}],"collection":[{"href":"https:\/\/www.europesays.com\/hu\/wp-json\/wp\/v2\/posts"}],"about":[{"href":"https:\/\/www.europesays.com\/hu\/wp-json\/wp\/v2\/types\/post"}],"author":[{"embeddable":true,"href":"https:\/\/www.europesays.com\/hu\/wp-json\/wp\/v2\/users\/2"}],"replies":[{"embeddable":true,"href":"https:\/\/www.europesays.com\/hu\/wp-json\/wp\/v2\/comments?post=228882"}],"version-history":[{"count":0,"href":"https:\/\/www.europesays.com\/hu\/wp-json\/wp\/v2\/posts\/228882\/revisions"}],"wp:featuredmedia":[{"embeddable":true,"href":"https:\/\/www.europesays.com\/hu\/wp-json\/wp\/v2\/media\/228883"}],"wp:attachment":[{"href":"https:\/\/www.europesays.com\/hu\/wp-json\/wp\/v2\/media?parent=228882"}],"wp:term":[{"taxonomy":"category","embeddable":true,"href":"https:\/\/www.europesays.com\/hu\/wp-json\/wp\/v2\/categories?post=228882"},{"taxonomy":"post_tag","embeddable":true,"href":"https:\/\/www.europesays.com\/hu\/wp-json\/wp\/v2\/tags?post=228882"}],"curies":[{"name":"wp","href":"https:\/\/api.w.org\/{rel}","templated":true}]}}