{"id":228886,"date":"2026-09-01T16:25:07","date_gmt":"2026-09-01T16:25:07","guid":{"rendered":"https:\/\/www.europesays.com\/hu\/228886\/"},"modified":"2026-09-01T16:25:07","modified_gmt":"2026-09-01T16:25:07","slug":"gazdasag-nem-sokaig-jarhat-mar-keszpenz-a-visszavaltott-palackokert-es-italos-dobozokert","status":"publish","type":"post","link":"https:\/\/www.europesays.com\/hu\/228886\/","title":{"rendered":"Gazdas\u00e1g: Nem sok\u00e1ig j\u00e1rhat m\u00e1r k\u00e9szp\u00e9nz a visszav\u00e1ltott palackok\u00e9rt \u00e9s italos dobozok\u00e9rt"},"content":{"rendered":"<p>Fordulat j\u00f6het a palackvisszav\u00e1lt\u00e1si rendszerben (DRS), a Mohu ter\u00fclet\u00e9rt felel\u0151s igazgat\u00f3ja, Boz\u00f3ki Csaba ugyanis egy <a href=\"https:\/\/www.facebook.com\/reel\/920465290620962\" target=\"_blank\" rel=\"nofollow noopener\">Facebook-vide\u00f3ban <\/a>bejelentette, hogy javaslatot tesz arra, hogy a korm\u00e1ny sz\u00fcntesse meg a k\u00e9szp\u00e9nzhaszn\u00e1latot a rendszerben, hiszen \u201eahogyan a parkol\u00f3automat\u00e1kn\u00e1l, itt sincs sz\u00fcks\u00e9g a k\u00e9szp\u00e9nzhaszn\u00e1latra\u201d.<\/p>\n<p>Ez azt jelenten\u00e9, hogy a visszav\u00e1lt\u00e1s ut\u00e1n kapott blokk ellen\u00e9ben az \u00fczletek p\u00e9nzt\u00e1rain\u00e1l nem adn\u00e1nak k\u00e9szp\u00e9nzt, azt kiz\u00e1r\u00f3lag a boltban v\u00e1s\u00e1rl\u00e1sra lehetne felhaszn\u00e1lni. A visszav\u00e1lt\u00e1s ellen\u00e9rt\u00e9k\u00e9t tov\u00e1bbra is lehetne k\u00e9rni a banksz\u00e1ml\u00e1ra a Mohu telefonos alkalmaz\u00e1s\u00e1n kereszt\u00fcl, illetve j\u00f3t\u00e9kony c\u00e9lra is felaj\u00e1nlhat\u00f3 marad.<\/p>\n<p>Az elm\u00falt id\u0151szakban egyre t\u00f6bben k\u00f6vetelik, hogy a Budapestet \u00e9rint\u0151 k\u00f6zbiztons\u00e1gi \u00e9s k\u00f6ztisztas\u00e1gi v\u00e1ls\u00e1ghelyzetet kezelje az korm\u00e1ny \u2013 t\u00f6bbek k\u00f6z\u00f6tt arra hivatkozva, hogy a sok palackvisszav\u00e1lt\u00f3 <a href=\"https:\/\/hvg.hu\/360\/20260803_drogok-elleni-harc-drogpolitika-kristaly-flakonozas-jozsefvaros-civil-szervezetek-videki-fuggok-hvg-ebx\" target=\"_self\" rel=\"nofollow noopener\">olcs\u00f3 diz\u00e1jnerdrogokra k\u00f6lti el <\/a>az \u00edgy szerzett p\u00e9nz\u00e9t.<\/p>\n<p>Soproni Tam\u00e1s ter\u00e9zv\u00e1rosi polg\u00e1rmester <a href=\"https:\/\/hvg.hu\/itthon\/20260825_buntetes-mohu-visszavalto-automata-piko-andras\" target=\"_self\" rel=\"nofollow noopener\">nemr\u00e9g azt k\u00e9rte<\/a>, hogy a Mohu \u00e1tmenetileg f\u00fcggessze fel a visszav\u00e1lt\u00e1s int\u00e9zm\u00e9ny\u00e9t, ameddig ezeket nem lehet megoldani. Ezt Gajdos L\u00e1szl\u00f3 k\u00f6rnyezetv\u00e9delmi miniszter a napokban elutas\u00edtotta, amikor arr\u00f3l besz\u00e9lt: a kialakult probl\u00e9m\u00e1k kezel\u00e9s\u00e9t nem tekintik alapvet\u0151en hullad\u00e9kgazd\u00e1lkod\u00e1si k\u00e9rd\u00e9snek. A Mohu pedig azt hangs\u00falyozta, hogy a DRS-t uni\u00f3s jogszab\u00e1ly \u00edrja el\u0151, amit nem lehet csak \u00fagy megsz\u00fcntetni.<\/p>\n<p>\u201eA Budapest belv\u00e1ros\u00e1ban tapasztalhat\u00f3 probl\u00e9m\u00e1k, a hajl\u00e9ktalans\u00e1g, a drogf\u00fcgg\u0151s\u00e9g, a m\u00e9lyszeg\u00e9nys\u00e9g nem \u00faj kelet\u0171ek, ezeket nem a palackvisszav\u00e1lt\u00e1s okozta. Ezek nagyon fontos t\u00e1rsadalmi probl\u00e9m\u00e1k, amir\u0151l besz\u00e9ln\u00fcnk kell\u201d \u2013 fogalmazott Boz\u00f3ki.<\/p>\n<p> <a href=\"https:\/\/hvg.hu\/360\/20260803_drogok-elleni-harc-drogpolitika-kristaly-flakonozas-jozsefvaros-civil-szervezetek-videki-fuggok-hvg-ebx\" target=\"_self\" rel=\"nofollow noopener\"> <\/p>\n<p>https:\/\/hvg.hu\/360\/20260803_drogok-elleni-harc-drogpolitika-kristaly-flakonozas-jozsefvaros-civil-szervezetek-videki-fuggok-hvg-ebx<\/p>\n<p class=\"highlighted\">A HVG inform\u00e1ci\u00f3i szerint a p\u00e9nteken tartottak egyeztet\u00e9st a ker\u00fcletek \u00e9s a F\u0151v\u00e1ros k\u00fcld\u00f6ttei, ahol t\u00f6bb javaslat mellett a fenti \u00f6tlet is elhangzott, \u00e1ll\u00edt\u00f3lag R\u00f3zsa Andr\u00e1s zugl\u00f3i polg\u00e1rmester javaslat\u00e1ra. A Mohu is konkr\u00e9t javaslatokkal \u00e9rkezett a tal\u00e1lkoz\u00f3ra, \u00e9s elmondt\u00e1k: r\u00e9sz\u00fckr\u0151l nincs akad\u00e1lya a k\u00e9szp\u00e9nzes lehet\u0151s\u00e9g elt\u00f6rl\u00e9s\u00e9nek, ahhoz azonban jogszab\u00e1ly-m\u00f3dos\u00edt\u00e1sra van sz\u00fcks\u00e9g.<\/p>\n<p>A k\u00e9szp\u00e9nzes visszav\u00e1lt\u00e1sr\u00f3l sz\u00f3l\u00f3 2023-as korm\u00e1nyrendelet \u00fagy fogalmaz, hogy az automata \u00e1ltal kiadott utalv\u00e1ny az adott visszav\u00e1lt\u00e1si helyen \u201elev\u00e1s\u00e1rolhat\u00f3 vagy k\u00e9szp\u00e9nzre bev\u00e1lthat\u00f3\u201d, \u00e9s emellett legal\u00e1bb m\u00e9g egy tov\u00e1bbi visszat\u00e9r\u00edt\u00e9si m\u00f3dot is biztos\u00edtani kell. A jogszab\u00e1lyb\u00f3l teh\u00e1t val\u00f3ban csak \u201eh\u00e1rom sz\u00f3t kellene kivenni\u201d, ahogy azt R\u00f3zsa is jelezte.<\/p>\n<p>A polg\u00e1rmester az \u00fcl\u00e9s ut\u00e1n egy <a href=\"https:\/\/www.facebook.com\/rozsaandras.zuglo\/posts\/pfbid026jwGBFW5bgStHHuRUv2R8imknpHzjqtaPPgQ1S3BoPFM97gD639c99ZcBVdJkYr8l\" target=\"_blank\" rel=\"nofollow noopener\">Facebook-posztban azt \u00edrta<\/a>: tudja, hogy sok fontos \u00fcgy van a korm\u00e1ny napirendj\u00e9n, de \u201eBudapest k\u00f6zbiztons\u00e1ga nem s\u00f6p\u00f6rhet\u0151 le az asztalr\u00f3l\u201d.<\/p>\n<p class=\"highlighted\">\u201eM\u00faltkor m\u00e1r kifejtettem: a bolti kuponok k\u00e9szp\u00e9nzre v\u00e1lt\u00e1s\u00e1n kasz\u00e1lnak a drogd\u00edlerek. B\u00edzom benne, hogy a soron k\u00f6vetkez\u0151 \u00fcl\u00e9sein lesz alkalma a korm\u00e1nynak t\u00e1rgyalni a k\u00e9rd\u00e9st, f\u0151leg, mivel ez az int\u00e9zked\u00e9s gyakorlatilag egy forintba se ker\u00fcl\u201d \u2013 fogalmazott a ker\u00fcletvezet\u0151.<\/p>\n<p>Lapunk \u00fagy tudja, elk\u00e9pzelhet\u0151, hogy a ker\u00fcletek, a F\u0151v\u00e1ros \u00e9s a Mohu k\u00f6z\u00f6s javaslatot tesz a korm\u00e1ny fel\u00e9 a rendelet \u00e1t\u00edr\u00e1s\u00e1ra. \u00a0<\/p>\n","protected":false},"excerpt":{"rendered":"Fordulat j\u00f6het a palackvisszav\u00e1lt\u00e1si rendszerben (DRS), a Mohu ter\u00fclet\u00e9rt felel\u0151s igazgat\u00f3ja, Boz\u00f3ki Csaba ugyanis egy Facebook-vide\u00f3ban bejelentette, hogy&hellip;\n","protected":false},"author":2,"featured_media":228887,"comment_status":"","ping_status":"","sticky":false,"template":"","format":"standard","meta":{"footnotes":"","_share_on_mastodon":"0"},"categories":[6],"tags":[41466,4632,44,42,40,27563,43,41,1795,38108,2831],"class_list":["post-228886","post","type-post","status-publish","format-standard","has-post-thumbnail","category-magyarorszag","tag-drs","tag-elheto-kornyezet","tag-hu","tag-hungarian","tag-hungary","tag-kozbiztonsag","tag-magyar","tag-magyarorszag","tag-mohu","tag-mohu-mol-hulladekgazdalkodasi-zrt","tag-visszavaltas"],"share_on_mastodon":{"url":"https:\/\/pubeurope.com\/@hu\/117196719754471735","error":""},"_links":{"self":[{"href":"https:\/\/www.europesays.com\/hu\/wp-json\/wp\/v2\/posts\/228886","targetHints":{"allow":["GET"]}}],"collection":[{"href":"https:\/\/www.europesays.com\/hu\/wp-json\/wp\/v2\/posts"}],"about":[{"href":"https:\/\/www.europesays.com\/hu\/wp-json\/wp\/v2\/types\/post"}],"author":[{"embeddable":true,"href":"https:\/\/www.europesays.com\/hu\/wp-json\/wp\/v2\/users\/2"}],"replies":[{"embeddable":true,"href":"https:\/\/www.europesays.com\/hu\/wp-json\/wp\/v2\/comments?post=228886"}],"version-history":[{"count":0,"href":"https:\/\/www.europesays.com\/hu\/wp-json\/wp\/v2\/posts\/228886\/revisions"}],"wp:featuredmedia":[{"embeddable":true,"href":"https:\/\/www.europesays.com\/hu\/wp-json\/wp\/v2\/media\/228887"}],"wp:attachment":[{"href":"https:\/\/www.europesays.com\/hu\/wp-json\/wp\/v2\/media?parent=228886"}],"wp:term":[{"taxonomy":"category","embeddable":true,"href":"https:\/\/www.europesays.com\/hu\/wp-json\/wp\/v2\/categories?post=228886"},{"taxonomy":"post_tag","embeddable":true,"href":"https:\/\/www.europesays.com\/hu\/wp-json\/wp\/v2\/tags?post=228886"}],"curies":[{"name":"wp","href":"https:\/\/api.w.org\/{rel}","templated":true}]}}