{"id":228923,"date":"2026-09-01T16:56:06","date_gmt":"2026-09-01T16:56:06","guid":{"rendered":"https:\/\/www.europesays.com\/hu\/228923\/"},"modified":"2026-09-01T16:56:06","modified_gmt":"2026-09-01T16:56:06","slug":"na-ebbol-meg-lehet-egy-jo-bunyos-film-befutott-a-street-fighter-uj-elozetese","status":"publish","type":"post","link":"https:\/\/www.europesays.com\/hu\/228923\/","title":{"rendered":"Na, ebb\u0151l m\u00e9g lehet egy j\u00f3 buny\u00f3s film: befutott a Street Fighter \u00faj el\u0151zetese"},"content":{"rendered":"<p>M\u00e1jusban a Warner Bros. lesz\u00e1ll\u00edtotta nek\u00fcnk a Mortal Kombat m\u00e1sodik r\u00e9sz\u00e9t\u00a0(kritika <a href=\"https:\/\/www.pcguru.hu\/hirek\/a-film-ami-visszaadta-a-hitet-a-rajongoknak-mortal-kombat-2-kritika-tzeus\/100727\" rel=\"nofollow noopener\" target=\"_blank\">ITT<\/a>), ami ugyan jobb lett, mint az els\u0151 felvon\u00e1s, de filmk\u00e9nt az\u00e9rt nehezen tudtuk \u00e9rt\u00e9kelni. Okt\u00f3ber k\u00f6zep\u00e9n pedig a Paramount k\u00e9sz\u00fcl egy \u00fajabb buny\u00f3s vide\u00f3j\u00e1t\u00e9k-adapt\u00e1ci\u00f3val, igen, a Street Fighter-filmmel, amelyhez most befutott egy \u00fajabb neonf\u00e9nyes el\u0151zetes is.\u00a0<\/p>\n<p>A rendez\u0151i sz\u00e9kben a jap\u00e1n sz\u00e1rmaz\u00e1s\u00fa\u00a0Kitao Sakurai foglalt helyet,\u00a0a szerepl\u0151g\u00e1rda pedig nem mondhat\u00f3 kifejezetten visszafogottnak.\u00a0Ryu szerep\u00e9ben Andrew Koji, Kenk\u00e9nt Noah Centineo, Chun-Lik\u00e9nt pedig Callina Liang bizony\u00edthat, de felt\u0171nik t\u00f6bbek k\u00f6z\u00f6tt Jason Momoa, Roman Reigns, Cody Rhodes, a rapper 50 Cent \u00e9s Orville Peck is. \u00c9s m\u00e9g egy rak\u00e1s ismer\u0151s arc is rajtuk k\u00edv\u00fcl, akik l\u00e1that\u00f3an egyetlen dolgot szeretn\u00e9nek tiszt\u00e1zni egym\u00e1s k\u00f6zt: ki tud nagyobbat \u00fctni? A v\u00e1laszra okt\u00f3ber 16-\u00e1n ker\u00fcl sor a mozikban.<\/p>\n<p>A Street Fighter persze nem \u00e9ppen ismeretlen n\u00e9v, a Capcom sorozata m\u00e9g 1987-ben indult, \u00e9s az\u00f3ta a sorozat t\u00f6bb mint 55 milli\u00f3 p\u00e9ld\u00e1nyban kelt el vil\u00e1gszerte, vagyis a film k\u00e9sz\u00edt\u0151inek b\u0151ven van mit bizony\u00edtaniuk a rajong\u00f3k el\u0151tt. Ugyanakkor az el\u0151rejelz\u00e9sek nem t\u00fal biztat\u00f3ak: egyes v\u00e9lem\u00e9nyek <a href=\"https:\/\/cosmicbook.news\/street-fighter-box-office-tracking\" rel=\"nofollow noopener\" target=\"_blank\">szerint <\/a>nagyj\u00e1b\u00f3l akkora buk\u00e1s lehet a nagy b\u00fcdzs\u00e9b\u0151l k\u00e9sz\u00fclt adapt\u00e1ci\u00f3, mint a j\u00faniusban \u00e9rkezett \u00e9s ugyancsak dr\u00e1ga\u00a0<a href=\"https:\/\/www.pcguru.hu\/hirek\/az-univerzum-vedelmezoi-streaming-premier-prime-video-marlasinger-\/102500\" rel=\"nofollow noopener\" target=\"_blank\">Az univerzum v\u00e9delmez\u0151i<\/a>.\u00a0<\/p>\n<p>Bor\u00edt\u00f3k\u00e9p forr\u00e1sa: Paramount\u00a0<\/p>\n","protected":false},"excerpt":{"rendered":"M\u00e1jusban a Warner Bros. lesz\u00e1ll\u00edtotta nek\u00fcnk a Mortal Kombat m\u00e1sodik r\u00e9sz\u00e9t\u00a0(kritika ITT), ami ugyan jobb lett, mint az&hellip;\n","protected":false},"author":2,"featured_media":228924,"comment_status":"","ping_status":"","sticky":false,"template":"","format":"standard","meta":{"footnotes":"","_share_on_mastodon":"0"},"categories":[21],"tags":[60730,60731,60732,25387,13646,198,168,137,199,44,42,40,10161,43,41,6334,138],"class_list":["post-228923","post","type-post","status-publish","format-standard","has-post-thumbnail","category-hiressegek","tag-andrew-koji","tag-kitao-sakurai","tag-noah-centineo","tag-50-cent","tag-capcom","tag-celebrities","tag-elozetes","tag-entertainment","tag-hiressegek","tag-hu","tag-hungarian","tag-hungary","tag-jason-momoa","tag-magyar","tag-magyarorszag","tag-street-fighter","tag-szorakozas"],"share_on_mastodon":{"url":"","error":""},"_links":{"self":[{"href":"https:\/\/www.europesays.com\/hu\/wp-json\/wp\/v2\/posts\/228923","targetHints":{"allow":["GET"]}}],"collection":[{"href":"https:\/\/www.europesays.com\/hu\/wp-json\/wp\/v2\/posts"}],"about":[{"href":"https:\/\/www.europesays.com\/hu\/wp-json\/wp\/v2\/types\/post"}],"author":[{"embeddable":true,"href":"https:\/\/www.europesays.com\/hu\/wp-json\/wp\/v2\/users\/2"}],"replies":[{"embeddable":true,"href":"https:\/\/www.europesays.com\/hu\/wp-json\/wp\/v2\/comments?post=228923"}],"version-history":[{"count":0,"href":"https:\/\/www.europesays.com\/hu\/wp-json\/wp\/v2\/posts\/228923\/revisions"}],"wp:featuredmedia":[{"embeddable":true,"href":"https:\/\/www.europesays.com\/hu\/wp-json\/wp\/v2\/media\/228924"}],"wp:attachment":[{"href":"https:\/\/www.europesays.com\/hu\/wp-json\/wp\/v2\/media?parent=228923"}],"wp:term":[{"taxonomy":"category","embeddable":true,"href":"https:\/\/www.europesays.com\/hu\/wp-json\/wp\/v2\/categories?post=228923"},{"taxonomy":"post_tag","embeddable":true,"href":"https:\/\/www.europesays.com\/hu\/wp-json\/wp\/v2\/tags?post=228923"}],"curies":[{"name":"wp","href":"https:\/\/api.w.org\/{rel}","templated":true}]}}