{"id":228951,"date":"2026-09-01T17:20:07","date_gmt":"2026-09-01T17:20:07","guid":{"rendered":"https:\/\/www.europesays.com\/hu\/228951\/"},"modified":"2026-09-01T17:20:07","modified_gmt":"2026-09-01T17:20:07","slug":"norvegia-uj-kiralya-viii-haakon-letette-az-eskut","status":"publish","type":"post","link":"https:\/\/www.europesays.com\/hu\/228951\/","title":{"rendered":"Norv\u00e9gia \u00faj kir\u00e1lya: VIII. Haakon letette az esk\u00fct"},"content":{"rendered":"<p>Kedden esk\u00fct tett a parlamentben VIII. Haakon norv\u00e9g kir\u00e1ly, aki apja, V. Harald <a target=\"_blank\" href=\"https:\/\/24.hu\/kulfold\/2026\/08\/28\/meghalt-v-harald-norveg-kiraly\/\" rel=\"nofollow noopener\">m\u00falt heti hal\u00e1l\u00e1t<\/a> k\u00f6vet\u0151en lett az \u00e9szaki orsz\u00e1g k\u00f6vetkez\u0151 kir\u00e1lya.<\/p>\n<p>Haakon egy nyitott tetej\u0171, fekete 1966-os Lincoln Continentalban \u00e9rkezett a parlament \u00e9p\u00fclet\u00e9hez az integet\u0151 t\u00f6meg k\u00f6z\u00f6tt, ahol Masud Gharahkhani, a parlament eln\u00f6ke \u00e9s a teljes kabinet, valamint a t\u00f6rv\u00e9nyhoz\u00f3k k\u00eds\u00e9rt\u00e9k be.<\/p>\n<p>Norv\u00e9g parlament, meg\u00edg\u00e9rem \u00e9s esk\u00fcsz\u00f6m, hogy a Norv\u00e9g Kir\u00e1lys\u00e1got az alkotm\u00e1ny\u00e1nak \u00e9s t\u00f6rv\u00e9nyeinek megfelel\u0151en fogom korm\u00e1nyozni, \u00fagy seg\u00edtsen nekem a Mindenhat\u00f3 \u00e9s Mindentud\u00f3 Isten<\/p>\n<p>\u2013 mondta VIII. Haakon a cerem\u00f3ni\u00e1n.<\/p>\n<p>Koron\u00e1z\u00e1sra nem ker\u00fclt sor, mivel Norv\u00e9gia 1908-ban elt\u00f6r\u00f6lte ezt a szok\u00e1st. Haakon apj\u00e1nak hal\u00e1la pillanat\u00e1ban automatikusan kir\u00e1lly\u00e1 v\u00e1lt.<\/p>\n<p>Az \u00faj kir\u00e1ly feles\u00e9ge, az 53 \u00e9ves Mette-Marit kir\u00e1lyn\u00e9, aki a j\u00faniusi t\u00fcd\u0151\u00e1t\u00fcltet\u00e9s\u00e9b\u0151l l\u00e1badozik, \u00e1llapota miatt lemondta az esk\u00fct\u00e9telen val\u00f3 r\u00e9szv\u00e9tel\u00e9. Helyette l\u00e1nya, Ingrid Alexandra koronahercegn\u0151 \u00e1llt a kir\u00e1ly mellett a cerem\u00f3ni\u00e1n.<\/p>\n<p>V. Harald kir\u00e1ly temet\u00e9s\u00e9t szeptember 9-\u00e9n tartj\u00e1k Osl\u00f3ban, a szertart\u00e1sra a vil\u00e1g minden t\u00e1j\u00e1r\u00f3l v\u00e1rj\u00e1k az \u00e1llamf\u0151ket.<\/p>\n","protected":false},"excerpt":{"rendered":"Kedden esk\u00fct tett a parlamentben VIII. Haakon norv\u00e9g kir\u00e1ly, aki apja, V. Harald m\u00falt heti hal\u00e1l\u00e1t k\u00f6vet\u0151en lett&hellip;\n","protected":false},"author":2,"featured_media":228952,"comment_status":"","ping_status":"","sticky":false,"template":"","format":"standard","meta":{"footnotes":"","_share_on_mastodon":"0"},"categories":[8],"tags":[32518,3785,42,43,34,2206,3485,57691,60020,94,93,92],"class_list":["post-228951","post","type-post","status-publish","format-standard","has-post-thumbnail","category-vilag","tag-esku","tag-eskutetel","tag-hungarian","tag-magyar","tag-news","tag-norvegia","tag-parlament","tag-v-harald","tag-viii-haakon","tag-vilag","tag-world","tag-world-news"],"share_on_mastodon":{"url":"https:\/\/pubeurope.com\/@hu\/117196936280574661","error":""},"_links":{"self":[{"href":"https:\/\/www.europesays.com\/hu\/wp-json\/wp\/v2\/posts\/228951","targetHints":{"allow":["GET"]}}],"collection":[{"href":"https:\/\/www.europesays.com\/hu\/wp-json\/wp\/v2\/posts"}],"about":[{"href":"https:\/\/www.europesays.com\/hu\/wp-json\/wp\/v2\/types\/post"}],"author":[{"embeddable":true,"href":"https:\/\/www.europesays.com\/hu\/wp-json\/wp\/v2\/users\/2"}],"replies":[{"embeddable":true,"href":"https:\/\/www.europesays.com\/hu\/wp-json\/wp\/v2\/comments?post=228951"}],"version-history":[{"count":0,"href":"https:\/\/www.europesays.com\/hu\/wp-json\/wp\/v2\/posts\/228951\/revisions"}],"wp:featuredmedia":[{"embeddable":true,"href":"https:\/\/www.europesays.com\/hu\/wp-json\/wp\/v2\/media\/228952"}],"wp:attachment":[{"href":"https:\/\/www.europesays.com\/hu\/wp-json\/wp\/v2\/media?parent=228951"}],"wp:term":[{"taxonomy":"category","embeddable":true,"href":"https:\/\/www.europesays.com\/hu\/wp-json\/wp\/v2\/categories?post=228951"},{"taxonomy":"post_tag","embeddable":true,"href":"https:\/\/www.europesays.com\/hu\/wp-json\/wp\/v2\/tags?post=228951"}],"curies":[{"name":"wp","href":"https:\/\/api.w.org\/{rel}","templated":true}]}}