{"id":229001,"date":"2026-09-01T18:05:40","date_gmt":"2026-09-01T18:05:40","guid":{"rendered":"https:\/\/www.europesays.com\/hu\/229001\/"},"modified":"2026-09-01T18:05:40","modified_gmt":"2026-09-01T18:05:40","slug":"budapest-penztarcakimeloen-20-ingyenes-program-szeptemberre-toplista","status":"publish","type":"post","link":"https:\/\/www.europesays.com\/hu\/229001\/","title":{"rendered":"Budapest p\u00e9nzt\u00e1rcak\u00edm\u00e9l\u0151en \u2013 20 ingyenes program szeptemberre &#8211; Toplista"},"content":{"rendered":"<p>    \t                            PLACCC Fesztiv\u00e1l 2026<\/p>\n<p>A PLACCC Fesztiv\u00e1l olyan kort\u00e1rs m\u0171v\u00e9szeti produkci\u00f3kat mutat be, amelyek kil\u00e9pnek a hagyom\u00e1nyos sz\u00ednh\u00e1ztermek, gal\u00e9ri\u00e1k \u00e9s koncerttermek vil\u00e1g\u00e1b\u00f3l, \u00e9s k\u00f6ztereken, rendhagy\u00f3 vagy helyspecifikus helysz\u00edneken val\u00f3sulnak meg. Augusztus 30. \u00e9s szeptember 8. k\u00f6z\u00f6tt nyolc el\u0151ad\u00f3- \u00e9s vizu\u00e1lis m\u0171v\u00e9szeti produkci\u00f3 v\u00e1rja a k\u00f6z\u00f6ns\u00e9get, amelyekben a v\u00e1lasztott helysz\u00edn nem puszt\u00e1n h\u00e1tt\u00e9r, hanem az alkot\u00e1sok szerves r\u00e9sz\u00e9t k\u00e9pezi. A programok t\u00f6bbs\u00e9ge ingyenesen l\u00e1togathat\u00f3, amelyek k\u00f6z\u00fcl n\u00e9h\u00e1ny regisztr\u00e1ci\u00f3hoz k\u00f6t\u00f6tt.\u00a0<\/p>\n<p>\n                          <a href=\"http:\/\/welovebudapest.com\/program\/placcc-fesztival-2026-augusztus\/\" id=\"hyperlink_b30f555d3855967f0ce0f05dda0321e5\" target=\"_blank\" title=\"PLACCC Fesztiv\u00e1l 2026\" rel=\"nofollow noopener\"><\/p>\n<p>                             Tov\u00e1bbi inform\u00e1ci\u00f3<br \/>\n                          <\/a>\n                        <\/p>\n<p>                                <img decoding=\"async\" id=\"kep_71283247\" src=\"https:\/\/www.europesays.com\/hu\/wp-content\/uploads\/2026\/09\/71283247_fe4a0ba68cc642b67ba9ab255697d16f_wm.jpg\" alt=\"\" loading=\"lazy\"\/><\/p>\n<p>            (Fot\u00f3: Corrado Russo &#8211; PLACCC Fesztiv\u00e1l)<\/p>\n<p>                        IDE BUDA! 1686 \u2013 Budav\u00e1ri Fesztiv\u00e1l<\/p>\n<p>IDE BUDA! 1686 n\u00e9ven, kultur\u00e1lis \u00e9s k\u00f6z\u00f6ss\u00e9gi programok sor\u00e1val eml\u00e9k\u00e9vet ind\u00edt a Budav\u00e1ri \u00d6nkorm\u00e1nyzat Buda visszafoglal\u00e1s\u00e1nak 340. \u00e9vfordul\u00f3ja alkalm\u00e1b\u00f3l. A jubileumi programsorozatot a szeptember 2. \u00e9s 6. k\u00f6z\u00f6tt megrendezett Budav\u00e1ri Fesztiv\u00e1l nyitja meg. A rendezv\u00e9nysorozat \u00fcnnepi megeml\u00e9kez\u00e9ssel, koncertekkel, csal\u00e1di programokkal \u00e9s kultur\u00e1lis esem\u00e9nyekkel v\u00e1rja a l\u00e1togat\u00f3kat. Szeptember 5-\u00e9n a Czak\u00f3 Sport- \u00e9s Szabadid\u0151k\u00f6zpont ad otthont a fesztiv\u00e1l koncertjeinek, m\u00edg szeptember 4. \u00e9s 6. k\u00f6z\u00f6tt a Kapisztr\u00e1n t\u00e9ren rendezik meg a Budav\u00e1ri K\u00f6nyv\u00fcnnepet.<\/p>\n<p>\n                          <a href=\"http:\/\/welovebudapest.com\/program\/ide-buda-1686-budavari-fesztival-2026-szeptember\/\" id=\"hyperlink_d6878c87cc8fc183522d77054bb366e1\" target=\"_blank\" title=\"IDE BUDA! 1686 \u2013 Budav\u00e1ri Fesztiv\u00e1l\" rel=\"nofollow noopener\"><\/p>\n<p>                             Tov\u00e1bbi inform\u00e1ci\u00f3<br \/>\n                          <\/a>\n                        <\/p>\n<p>                                <img decoding=\"async\" id=\"kep_71283349\" src=\"https:\/\/www.europesays.com\/hu\/wp-content\/uploads\/2026\/09\/71283349_c53d018bf7a0550118c86957c2f53840_wm.jpg\" alt=\"\" loading=\"lazy\"\/><\/p>\n<p>            (Fot\u00f3: Juh\u00e1sz Norbert &#8211; We Love Budapest)<\/p>\n<p>                        Tilos R\u00e1di\u00f3 35 \u2013 sz\u00fclet\u00e9snapi koncertek a D\u00fcrer Kertben<\/p>\n<p>Szeptember 4-\u00e9n a Tilos R\u00e1di\u00f3 fenn\u00e1ll\u00e1s\u00e1nak 35. \u00e9vfordul\u00f3j\u00e1t \u00fcnneplik a <a href=\"https:\/\/welovebudapest.com\/hely\/durer-kert\/\" id=\"hyperlink_fc52347321b0f416f83c96d5b70747e0\" target=\"_blank\" rel=\"nofollow noopener\">D\u00fcrer Kertben<\/a>. A h\u00e1rom helysz\u00ednen koncertek, DJ-szettek \u00e9s k\u00fcl\u00f6nleges zenei programok v\u00e1ltj\u00e1k egym\u00e1st, t\u00f6bbek k\u00f6z\u00f6tt Marton &amp; The Martonez, a Bujdos\u00f3 8tet, Dj Clairvo, Dj Titusz \u00e9s N\u00e1ndesz k\u00f6zrem\u0171k\u00f6d\u00e9s\u00e9vel. Az esem\u00e9ny keret\u00e9ben irodalmi dubtechno, \u00d6nismereti Diszk\u00f3, bogr\u00e1csoz\u00e1s, tombola, pezsg\u0151 \u00e9s sz\u00fclet\u00e9snapi torta is v\u00e1rja a k\u00f6z\u00f6ns\u00e9get.\u00a0<\/p>\n<p>\n                          <a href=\"http:\/\/welovebudapest.com\/program\/tilos-radio-35-szuletesnapi-programsorozat-durer-kert-2026-szeptember\/\" id=\"hyperlink_17cf007ec207960bfdccefad02c3d51d\" target=\"_blank\" title=\"Tilos R\u00e1di\u00f3 35 \u2013 sz\u00fclet\u00e9snapi programsorozat a D\u00fcrer Kertben\" rel=\"nofollow noopener\"><\/p>\n<p>                             Tov\u00e1bbi inform\u00e1ci\u00f3<br \/>\n                          <\/a>\n                        <\/p>\n<p>                                <img decoding=\"async\" id=\"kep_71283353\" src=\"https:\/\/www.europesays.com\/hu\/wp-content\/uploads\/2026\/09\/71283353_5c62df651307b3ca440bc717e7cf1f5f_wm.jpg\" alt=\"\" loading=\"lazy\"\/><\/p>\n<p>            (Fot\u00f3: Koncz M\u00e1rton &#8211; We Love Budapest)<\/p>\n<p>                        BPZINES Arch\u00edvum \u2013 ki\u00e1ll\u00edt\u00e1s az ISBN+-ban<\/p>\n<p>A Budapest Zines egy 2015 \u00f3ta m\u0171k\u00f6d\u0151 budapesti mikrokiad\u00f3 \u00e9s rizogr\u00e1f st\u00fadi\u00f3, amely zine-eket \u00e9s m\u0171v\u00e9szeti kiadv\u00e1nyokat k\u00e9sz\u00edt. Az ISBN+-ban ny\u00edl\u00f3 ki\u00e1ll\u00edt\u00e1s a m\u0171hely t\u00edz\u00e9ves fenn\u00e1ll\u00e1s\u00e1t \u00fcnnepli az elm\u00falt \u00e9vtized kiadv\u00e1nyaib\u00f3l v\u00e1logatva. A rizogr\u00e1f nyomatok saj\u00e1toss\u00e1gai az apr\u00f3 nyomdai hib\u00e1k \u00e9s a limit\u00e1lt p\u00e9ld\u00e1nysz\u00e1m, \u00edgy \u00fcd\u00edt\u0151 kincsk\u00e9nt hatnak a t\u00f6k\u00e9letes produktumok vil\u00e1g\u00e1ban. A szeptember 4. \u00e9s november 8. k\u00f6z\u00f6tt l\u00e1togathat\u00f3 ki\u00e1ll\u00edt\u00e1shoz t\u00f6bb kiadv\u00e1nybemutat\u00f3 is kapcsol\u00f3dik.\u00a0<\/p>\n<p>\n                          <a href=\"http:\/\/welovebudapest.com\/program\/bpzines-archivum-kiallitas-isbn-2026-szeptember\/\" id=\"hyperlink_5f082481556758da2d3cae782c20ec26\" target=\"_blank\" title=\"BPZINES Arch\u00edvum \u2013 ki\u00e1ll\u00edt\u00e1s az ISBN+-ban\" rel=\"nofollow noopener\"><\/p>\n<p>                             Tov\u00e1bbi inform\u00e1ci\u00f3<br \/>\n                          <\/a>\n                        <\/p>\n<p>                                <img decoding=\"async\" id=\"kep_71283391\" src=\"https:\/\/www.europesays.com\/hu\/wp-content\/uploads\/2026\/09\/71283391_b09811e2135f25488172e0e13542cfdd_wm.jpg\" alt=\"\" loading=\"lazy\"\/><\/p>\n<p>            (Fot\u00f3: Budapest Zines &#8211; ISBN+)<\/p>\n<p>                        Pozsonyi Piknik 2026<\/p>\n<p>A Pozsonyi Piknik \u00dajlip\u00f3tv\u00e1ros \u00e9s Budapest egyik legn\u00e9pszer\u0171bb \u00e9s legnagyobb civil kultur\u00e1lis rendezv\u00e9nye. Szeptember 5-\u00e9n ism\u00e9t igazi fesztiv\u00e1lhangulat t\u00f6lti meg az \u00dajpesti rakpartot: a kitelep\u00fcl\u0151 sz\u00ednh\u00e1zak \u00e9s v\u00e1s\u00e1rosok mellett koncertek, csal\u00e1di programok, k\u00e9zm\u0171ves-foglalkoz\u00e1sok, illetve gasztron\u00f3miai k\u00edn\u00e1lat v\u00e1rja az \u00e9rdekl\u0151d\u0151ket. A helysz\u00ednre t\u00f6bb mint 50 sz\u00ednh\u00e1z \u00e9s k\u00f6zel 150 \u00e1rus telep\u00fcl ki, a rakpartr\u00f3l ny\u00edl\u00f3 Radn\u00f3ti Mikl\u00f3s utc\u00e1ban pedig id\u00e9n ism\u00e9t a Gyerekpiknik kap helyet.\u00a0<\/p>\n<p>\n                          <a href=\"http:\/\/welovebudapest.com\/program\/pozsonyi-piknik-2026-szeptember\/\" id=\"hyperlink_9224e9b81d9fdb00c052c944b9507759\" target=\"_blank\" title=\"Pozsonyi Piknik 2026\" rel=\"nofollow noopener\"><\/p>\n<p>                             Tov\u00e1bbi inform\u00e1ci\u00f3<br \/>\n                          <\/a>\n                        <\/p>\n<p>                                <img decoding=\"async\" id=\"kep_71283493\" src=\"https:\/\/www.europesays.com\/hu\/wp-content\/uploads\/2026\/09\/71283493_e3e4af5b6d696b9955feeafaae5e7e21_wm.jpg\" alt=\"\" loading=\"lazy\"\/><\/p>\n<p>            (Fot\u00f3: Pozsonyi Piknik)<\/p>\n<p>                        Akartok-e j\u00e1tszani? \u2013 Kosztol\u00e1nyi-est a Fiumei \u00fati s\u00edrkertben<\/p>\n<p>Szeptember 5-\u00e9n k\u00fcl\u00f6nleges Kosztol\u00e1nyi-estnek ad otthont a <a href=\"https:\/\/welovebudapest.com\/hely\/fiumei-uti-sirkert\" id=\"hyperlink_ac1ff93c75ef818cbed89c9f0916f8dc\" target=\"_blank\" rel=\"nofollow noopener\">Fiumei \u00fati s\u00edrkert<\/a>. Az Akartok-e j\u00e1tszani? c\u00edm\u0171 el\u0151ad\u00e1s a k\u00f6lt\u0151 ismert \u00e9s kev\u00e9sb\u00e9 ismert m\u0171veit f\u0171zi \u00f6ssze j\u00e1t\u00e9kos, \u00f6sszm\u0171v\u00e9szeti form\u00e1ban, fuvola, h\u00e1rfa, \u00fct\u0151hangszerek, kort\u00e1rs zene \u00e9s b\u00e1bsz\u00ednh\u00e1zi elemek k\u00eds\u00e9ret\u00e9ben. A produkci\u00f3 az \u00e9let \u00e9s hal\u00e1l, a sz\u00fcl\u0151-gyerek kapcsolat, a h\u00e1bor\u00fa \u00e9s a b\u00e9ke, valamint az emberi l\u00e9t k\u00e9rd\u00e9seit j\u00e1rja k\u00f6r\u00fcl, mik\u00f6zben Kosztol\u00e1nyi sz\u00f6vegeinek mai \u00e9rv\u00e9nyess\u00e9g\u00e9t keresi. A programon val\u00f3 r\u00e9szv\u00e9tel ingyenes, de regisztr\u00e1ci\u00f3hoz k\u00f6t\u00f6tt.<\/p>\n<p>\n                          <a href=\"http:\/\/welovebudapest.com\/program\/kosztolanyi-est-fiumei-uti-sirkert-2026-szeptember\/\" id=\"hyperlink_9865f2c65e47d947d9319ce18d00dca8\" target=\"_blank\" title=\"Akartok-e j\u00e1tszani? \u2013 Kosztol\u00e1nyi-est a Fiumei \u00fati s\u00edrkertben\" rel=\"nofollow noopener\"><\/p>\n<p>                             Tov\u00e1bbi inform\u00e1ci\u00f3<br \/>\n                          <\/a>\n                        <\/p>\n<p>                                <img decoding=\"async\" id=\"kep_71283517\" src=\"https:\/\/www.europesays.com\/hu\/wp-content\/uploads\/2026\/09\/71283517_53cda6a325eea6df279324996545c93f_wm.jpg\" alt=\"\" loading=\"lazy\"\/><\/p>\n<p>            (Fot\u00f3: Medgyesi Mil\u00e1n &#8211; We Love Budapest)<\/p>\n<p>                        Kincsem+ TUTI Nemzetk\u00f6zi Ag\u00e1r- \u00e9s L\u00f3versenyh\u00e9tv\u00e9ge<\/p>\n<p>Szeptember 5-\u00e9n \u00e9s 6-\u00e1n ism\u00e9t a l\u00f3- \u00e9s ag\u00e1rversenyz\u00e9s\u00e9 lesz a f\u0151szerep a Kincsem+ TUTI Nemzetk\u00f6zi Ag\u00e1r- \u00e9s L\u00f3versenyh\u00e9tv\u00e9g\u00e9n, ahol a hazai versenyz\u0151k mellett nyugat- \u00e9s k\u00f6z\u00e9p-eur\u00f3pai indul\u00f3k is rajthoz \u00e1llnak. Szombaton az ag\u00e1r- \u00e9s \u00fcget\u0151versenyek\u00e9 a f\u0151szerep, vas\u00e1rnap pedig az angol teliv\u00e9rek ker\u00fclnek k\u00f6z\u00e9ppontba. A versenyek mellett sz\u00ednes programk\u00edn\u00e1lat is v\u00e1rja a l\u00e1togat\u00f3kat a Kincsem Parkban.\u00a0<\/p>\n<p>\n                          <a href=\"http:\/\/welovebudapest.com\/program\/kincsem-tuti-nemzetkozi-agar-es-loversenyhetvege-2026-szeptember\/\" id=\"hyperlink_b76a8328048f5681ecdfe2c33e52e0e3\" target=\"_blank\" title=\"Kincsem+ TUTI Nemzetk\u00f6zi Ag\u00e1r- \u00e9s L\u00f3versenyh\u00e9tv\u00e9ge\" rel=\"nofollow noopener\"><\/p>\n<p>                             Tov\u00e1bbi inform\u00e1ci\u00f3<br \/>\n                          <\/a>\n                        <\/p>\n<p>                                <img decoding=\"async\" id=\"kep_71283585\" src=\"https:\/\/www.europesays.com\/hu\/wp-content\/uploads\/2026\/09\/71283585_3103589b83bdde044c39654cf727e55f_wm.jpg\" alt=\"\" loading=\"lazy\"\/><\/p>\n<p>            (Fot\u00f3: B\u00f3dis Kriszti\u00e1n &#8211; We Love Budapest)<\/p>\n<p>                        Szab\u00f3 G\u00e1bor 90 \u2013 pop-up ki\u00e1ll\u00edt\u00e1s a Magyar Zene H\u00e1z\u00e1ban<\/p>\n<p>Szeptember 10-\u00e9n pop-up ki\u00e1ll\u00edt\u00e1ssal tiszteleg a <a href=\"https:\/\/welovebudapest.com\/hely\/magyar-zene-haza\/\u00a0\" id=\"hyperlink_1b2dda21e87131e2fd9bca2de9cb84a9\" target=\"_blank\" rel=\"nofollow noopener\">Magyar Zene H\u00e1za<\/a> a 90 \u00e9ve sz\u00fcletett Szab\u00f3 G\u00e1bor el\u0151tt, aki a magyar jazz egyik legnagyobb nemzetk\u00f6zi hat\u00e1s\u00fa alakja volt. A t\u00e1rlat a fiatalon az Egyes\u00fclt \u00c1llamokba emigr\u00e1lt git\u00e1ros \u00e9let\u00fatj\u00e1t csal\u00e1di arch\u00edv fot\u00f3kon, leveleken \u00e9s ritk\u00e1n l\u00e1that\u00f3 lemezbor\u00edt\u00f3kon kereszt\u00fcl mutatja be. A megnyit\u00f3n csal\u00e1dtagjai eml\u00e9keznek a legend\u00e1s zen\u00e9szre, P\u00e1rniczky Andr\u00e1s kvartettje minikoncerttel id\u00e9zi meg szerzem\u00e9nyeit, emellett egy \u00f6r\u00f6ks\u00e9g\u00e9r\u0151l sz\u00f3l\u00f3 kisfilm is l\u00e1that\u00f3 lesz.\u00a0<\/p>\n<p>\n                          <a href=\"http:\/\/welovebudapest.com\/program\/szabo-gabor-90-kiallitas-koncert-magyar-zene-haza-2026-szeptember\/\" id=\"hyperlink_06b90e84d586894594db6b9dfb48158e\" target=\"_blank\" title=\"Szab\u00f3 G\u00e1bor 90 \u2013 pop-up ki\u00e1ll\u00edt\u00e1s a Magyar Zene H\u00e1z\u00e1ban\" rel=\"nofollow noopener\"><\/p>\n<p>                             Tov\u00e1bbi inform\u00e1ci\u00f3<br \/>\n                          <\/a>\n                        <\/p>\n<p>                                <img decoding=\"async\" id=\"kep_71283593\" src=\"https:\/\/www.europesays.com\/hu\/wp-content\/uploads\/2026\/09\/71283593_f9be83398006e3de5da4cdf2a19303a1_wm.jpg\" alt=\"\" loading=\"lazy\"\/><\/p>\n<p>            (Fot\u00f3: Szab\u00f3 G\u00e1bor &#8211; Magyar Zene H\u00e1za)<\/p>\n<p>                        J\u00f3zsefv\u00e1rosi Jazzfesztiv\u00e1l 2026<\/p>\n<p>Szeptember 11. \u00e9s 13. k\u00f6z\u00f6tt hatodik alkalommal rendezik meg a J\u00f3zsefv\u00e1rosi Jazzfesztiv\u00e1lt a <a href=\"https:\/\/welovebudapest.com\/hely\/rakoczi-ter\/\" id=\"hyperlink_c242cec4cef57d1aa186e2771ed4104b\" target=\"_blank\" rel=\"nofollow noopener\">R\u00e1k\u00f3czi t\u00e9ren<\/a> \u00e9s a <a href=\"https:\/\/welovebudapest.com\/hely\/rakoczi-teri-vasarcsarnok\/\" id=\"hyperlink_a07a09130b3c280809bbaf676e4779df\" target=\"_blank\" rel=\"nofollow noopener\">V\u00e1s\u00e1rcsarnokban<\/a>. A program a klasszikus jazz \u00e9s a kort\u00e1rs ir\u00e1nyzatok mellett f\u00fazi\u00f3s, vil\u00e1gzenei \u00e9s improvizat\u00edv produkci\u00f3knak is teret ad. A fell\u00e9p\u0151k k\u00f6z\u00f6tt olyan el\u0151ad\u00f3k \u00e9s form\u00e1ci\u00f3k szerepelnek, mint a Bal\u00e1zs Elem\u00e9r Group feat. Malek Andrea, a Canarro, a Rafael M\u00e1ri\u00f3 Trio \u00e9s az Ol\u00e1h Dezs\u0151 Vibratone Quartet. A fesztiv\u00e1l egy\u00fattal a fiatal zen\u00e9szeknek is bemutatkoz\u00e1si lehet\u0151s\u00e9get k\u00edn\u00e1l.\u00a0<\/p>\n<p>\n                          <a href=\"http:\/\/welovebudapest.com\/program\/jozsefvarosi-jazzfesztival-2026-szeptember\/\" id=\"hyperlink_646418b4ca85765ea0c9a5d4a5f501fc\" target=\"_blank\" title=\"J\u00f3zsefv\u00e1rosi Jazzfesztiv\u00e1l 2026\" rel=\"nofollow noopener\"><\/p>\n<p>                             Tov\u00e1bbi inform\u00e1ci\u00f3<br \/>\n                          <\/a>\n                        <\/p>\n<p>                                <img decoding=\"async\" id=\"kep_71284471\" src=\"https:\/\/www.europesays.com\/hu\/wp-content\/uploads\/2026\/09\/71284471_417a1f1a100ba604b8f1235460436ea1_wm.jpg\" alt=\"\" loading=\"lazy\"\/><\/p>\n<p>            (Fot\u00f3: Koncz M\u00e1rton &#8211; We Love Budapest)<\/p>\n<p>                        FIKSZ Iparm\u0171v\u00e9szeti Fesztiv\u00e1l 2026<\/p>\n<p>Szeptember 11. \u00e9s 13. k\u00f6z\u00f6tt m\u00e1sodik alkalommal rendezik meg a FIKSZ Iparm\u0171v\u00e9szeti Fesztiv\u00e1lt a <a href=\"https:\/\/welovebudapest.com\/hely\/petofi-irodalmi-muzeum-pim\/\" id=\"hyperlink_107d5d51db40167d96a88391b794f094\" target=\"_blank\" rel=\"nofollow noopener\">Pet\u0151fi Irodalmi M\u00fazeumban<\/a>, ahol t\u00f6bb mint sz\u00e1z kort\u00e1rs alkot\u00f3 munk\u00e1j\u00e1val ismerkedhet\u00fcnk meg. A fesztiv\u00e1l a hazai iparm\u0171v\u00e9szet soksz\u00edn\u0171s\u00e9g\u00e9t mutatja be a porcel\u00e1n-, ker\u00e1mia-, \u00fcveg-, \u00e9kszer-, textil-, b\u0151r- \u00e9s fat\u00e1rgytervez\u00e9s, valamint az illusztr\u00e1ci\u00f3 ter\u00fclet\u00e9r\u0151l. A h\u00e1rom nap sor\u00e1n iparm\u0171v\u00e9szeti v\u00e1s\u00e1r, workshopok, mesters\u00e9gbemutat\u00f3k, el\u0151ad\u00e1sok, p\u00f3diumbesz\u00e9lget\u00e9sek \u00e9s gyerekprogramok v\u00e1rj\u00e1k az \u00e9rdekl\u0151d\u0151ket.\u00a0<\/p>\n<p>\n                          <a href=\"http:\/\/welovebudapest.com\/program\/fiksz-iparmuveszeti-fesztival-2026-szeptember\/\" id=\"hyperlink_91af4ff37a000f3dba0b72ce496ff4a3\" target=\"_blank\" title=\"FIKSZ Iparm\u0171v\u00e9szeti Fesztiv\u00e1l 2026\" rel=\"nofollow noopener\"><\/p>\n<p>                             Tov\u00e1bbi inform\u00e1ci\u00f3<br \/>\n                          <\/a>\n                        <\/p>\n<p>                                <img decoding=\"async\" id=\"kep_71284475\" src=\"https:\/\/www.europesays.com\/hu\/wp-content\/uploads\/2026\/09\/71284475_3d039afe4b3e7e32294393b845d104be_wm.jpg\" alt=\"\" loading=\"lazy\"\/><\/p>\n<p>            (Fot\u00f3: FIKSZ Iparm\u0171v\u00e9szeti V\u00e1s\u00e1r)<\/p>\n<p>                        Fischer Iv\u00e1n \u00e9s a Budapesti Fesztiv\u00e1lzenekar a H\u0151s\u00f6k ter\u00e9n<\/p>\n<p>Szeptember 12-\u00e9n megtelik zen\u00e9vel a <a href=\"https:\/\/welovebudapest.com\/hely\/hosok-tere\/\" id=\"hyperlink_dc7f09de62b6fbd5a17fd0a946ae3f01\" target=\"_blank\" rel=\"nofollow noopener\">H\u0151s\u00f6k tere<\/a>, ahol Fischer Iv\u00e1n \u00e9s a Budapesti Fesztiv\u00e1lzenekar szabadt\u00e9ri koncerttel v\u00e1rja a k\u00f6z\u00f6ns\u00e9get. Az id\u00e9n els\u0151sorban a legfiatalabb zenerajong\u00f3knak sz\u00f3l\u00f3 programon Schubert 8., \u201eBefejezetlen\u201d szimf\u00f3ni\u00e1ja, Arvo P\u00e4rt Ny\u00e1ri kering\u0151 c\u00edm\u0171 m\u0171ve \u00e9s Prokofjev Hamupip\u0151ke-szvitje csend\u00fcl fel. P\u00e4rt m\u0171v\u00e9t a BFZ \u00fajonnan alakult gyermekk\u00f3rusa adja el\u0151 eredeti, \u00e9szt nyelven. A k\u00e9nyelmes, k\u00f6zelebbi \u00fcl\u0151helyek\u00e9rt \u00e9rdemes id\u0151ben \u00e9rkezni.<\/p>\n<p>\n                          <a href=\"http:\/\/welovebudapest.com\/program\/fischer-ivan-budapesti-fesztivalzenekar-koncert-hosok-tere-2026-szeptember\/\" id=\"hyperlink_fbea1b7d3a7e18db8eaeb5bd4eb291db\" target=\"_blank\" title=\"Fischer Iv\u00e1n \u00e9s a Budapesti Fesztiv\u00e1lzenekar a H\u0151s\u00f6k ter\u00e9n\" rel=\"nofollow noopener\"><\/p>\n<p>                             Tov\u00e1bbi inform\u00e1ci\u00f3<br \/>\n                          <\/a>\n                        <\/p>\n<p>                                <img decoding=\"async\" id=\"kep_71284479\" src=\"https:\/\/www.europesays.com\/hu\/wp-content\/uploads\/2026\/09\/71284479_e25d2489d488c7d4afd66cbf29013739_wm.jpg\" alt=\"\" loading=\"lazy\"\/><\/p>\n<p>            (Fot\u00f3: Budapesti Fesztiv\u00e1lzenekar &#8211; Facebook)<\/p>\n<p>                        \u00d6rk\u00e9nyKert 2026<\/p>\n<p>Szeptember 12-\u00e9n eg\u00e9sz napos \u00e9vadnyit\u00f3 programmal v\u00e1rja a k\u00f6z\u00f6ns\u00e9get az \u00d6rk\u00e9nyKert a <a href=\"https:\/\/welovebudapest.com\/hely\/madach-imre-ter\/\" id=\"hyperlink_d33c5a9d6032efee0b968963ad5b2ad2\" target=\"_blank\" rel=\"nofollow noopener\">Mad\u00e1ch t\u00e9ren<\/a>, az <a href=\"https:\/\/welovebudapest.com\/hely\/orkeny-istvan-szinhaz\/\" id=\"hyperlink_8b5df8794d02a688241591a843ac674b\" target=\"_blank\" rel=\"nofollow noopener\">\u00d6rk\u00e9ny Sz\u00ednh\u00e1zban<\/a> \u00e9s a <a href=\"https:\/\/welovebudapest.com\/hely\/merlin-szinhaz\/\" id=\"hyperlink_e8934f19cbc00528ebc985ddda57db03\" target=\"_blank\" rel=\"nofollow noopener\">Merlinben<\/a>. A programok k\u00f6z\u00f6tt csal\u00e1di bubor\u00e9kdiszk\u00f3, reggeli torna, upcycling workshop, ruhav\u00e1s\u00e1r, az \u00faj \u00e9vad alkot\u00f3ival k\u00f6z\u00f6s piknik \u00e9s besz\u00e9lget\u00e9sek is szerepelnek. A sz\u00ednpadon a Danubia Zenekar koncertje, az Egyperces oper\u00e1k 2.0 c\u00edm\u0171 el\u0151ad\u00e1s, Csuja Imre J\u00f3n\u00e1s k\u00f6nyve-el\u0151ad\u00e1sa \u00e9s az est\u00e9t z\u00e1r\u00f3 \u00d6rk\u00e9ny Esztr\u00e1d v\u00e1rja a k\u00f6z\u00f6ns\u00e9get. A Merlinben kort\u00e1rs m\u0171v\u00e9szeti ki\u00e1ll\u00edt\u00e1s, workshopok, el\u0151ad\u00e1s \u00e9s \u00e9jszakai filmvet\u00edt\u00e9s is helyet kap.\u00a0<\/p>\n<p>\n                          <a href=\"http:\/\/welovebudapest.com\/program\/orkenykert-2026-szeptember\/\" id=\"hyperlink_9002b5a4a3f65dd075e9c590fb075c15\" target=\"_blank\" title=\"\u00d6rk\u00e9nyKert 2026\" rel=\"nofollow noopener\"><\/p>\n<p>                             Tov\u00e1bbi inform\u00e1ci\u00f3<br \/>\n                          <\/a>\n                        <\/p>\n<p>                                <img decoding=\"async\" id=\"kep_71284485\" src=\"https:\/\/www.europesays.com\/hu\/wp-content\/uploads\/2026\/09\/71284485_d37e4c29bf1b6592f6f41490eaa38607_wm.jpg\" alt=\"\" loading=\"lazy\"\/><\/p>\n<p>            (Fot\u00f3: Merlin Sz\u00ednh\u00e1z)<\/p>\n<p>                        Independent Label Fair 2026<\/p>\n<p>Szeptember 12-\u00e9n rendezik meg a tizedik alkalommal jelentkez\u0151 Independent Label Fairt, Magyarorsz\u00e1g egyetlen, kifejezetten a fizikai zenei form\u00e1tumokra \u2013 vinylre, CD-re \u00e9s kazett\u00e1ra \u2013 specializ\u00e1l\u00f3dott programj\u00e1t, amely kifejezetten a friss \u00e9s id\u0151t\u00e1ll\u00f3 \u00e9rt\u00e9keket felmutat\u00f3 kiad\u00f3kra f\u00f3kusz\u00e1l. A <a href=\"https:\/\/welovebudapest.com\/hely\/magyar-zene-haza\/\" id=\"hyperlink_6d3a2e0705a16a98c0229310e7d0fbd0\" target=\"_blank\" rel=\"nofollow noopener\">Magyar Zene H\u00e1z\u00e1ban<\/a> zajl\u00f3 rendezv\u00e9ny lehet\u0151s\u00e9get k\u00edn\u00e1l arra, hogy a l\u00e1togat\u00f3k k\u00f6zvetlen\u00fcl a kiad\u00f3kt\u00f3l v\u00e1s\u00e1roljanak k\u00fcl\u00f6nleges, limit\u00e1lt vagy boltokban ritk\u00e1n el\u00e9rhet\u0151 kiadv\u00e1nyokat. A v\u00e1s\u00e1rt zenei \u00e9s gyerekprogramok, d\u00edj\u00e1tad\u00f3, ki\u00e1ll\u00edt\u00e1s, workshopok, szakmai kerekasztalok \u00e9s el\u0151ad\u00e1sok k\u00eds\u00e9rik.\u00a0<\/p>\n<p>\n                          <a href=\"http:\/\/welovebudapest.com\/program\/independent-label-fair-2026-szeptember\/\" id=\"hyperlink_fffaff934f754afe8925d0175c644678\" target=\"_blank\" title=\"Independent Label Fair 2026\" rel=\"nofollow noopener\"><\/p>\n<p>                             Tov\u00e1bbi inform\u00e1ci\u00f3<br \/>\n                          <\/a>\n                        <\/p>\n<p>                                <img decoding=\"async\" id=\"kep_71284549\" src=\"https:\/\/www.europesays.com\/hu\/wp-content\/uploads\/2026\/09\/71284549_6b7e78ea3fc04431f02ef2ee48ebb931_wm.jpg\" alt=\"\" loading=\"lazy\"\/><\/p>\n<p>            (Fot\u00f3: Independent Label Fair)<\/p>\n<p>                        Vintage Fashion Market a Klauz\u00e1l t\u00e9ri V\u00e1s\u00e1rcsarnokban<\/p>\n<p>Szeptember 13-\u00e1n klasszikus \u00e9s modern, egyedi \u00e9s vintage darabokkal v\u00e1rja a divat \u00e9s fenntarthat\u00f3s\u00e1g ir\u00e1nt \u00e9rdekl\u0151d\u0151ket a Vintage Fashion Market a <a href=\"https:\/\/welovebudapest.com\/hely\/klauzal-teri-vasarcsarnok\/\" id=\"hyperlink_38afe16f53893ba305cd9d04711051ba\" target=\"_blank\" rel=\"nofollow noopener\">Klauz\u00e1l t\u00e9ri V\u00e1s\u00e1rcsarnokban<\/a>. A v\u00e1s\u00e1ron megunt, haszn\u00e1lt ruh\u00e1k \u00e9s kieg\u00e9sz\u00edt\u0151k cser\u00e9lhetnek gazd\u00e1t megfizethet\u0151 \u00e1ron. Az esem\u00e9ny c\u00e9lja, hogy a gardr\u00f3bunkban is n\u00e9pszer\u0171s\u00edtse a tudatos \u00e9s fenntarthat\u00f3 szeml\u00e9letet. A v\u00e1s\u00e1r mellett adom\u00e1nygy\u0171jt\u00e9st is szerveznek, \u00edgy a m\u00e9g haszn\u00e1lhat\u00f3, tiszta ruh\u00e1kat r\u00e1szorul\u00f3 csal\u00e1doknak lehet felaj\u00e1nlani.\u00a0<\/p>\n<p>\n                          <a href=\"http:\/\/welovebudapest.com\/program\/vintage-fashion-market-klauzal-teri-vasarcsarnok-2026-szeptember\/\" id=\"hyperlink_64dff5ff52727abe955dfeada1988a2e\" target=\"_blank\" title=\"Vintage Fashion Market a Klauz\u00e1l t\u00e9ri V\u00e1s\u00e1rcsarnokban\" rel=\"nofollow noopener\"><\/p>\n<p>                             Tov\u00e1bbi inform\u00e1ci\u00f3<br \/>\n                          <\/a>\n                        <\/p>\n<p>                                <img decoding=\"async\" id=\"kep_71284629\" src=\"https:\/\/www.europesays.com\/hu\/wp-content\/uploads\/2026\/09\/71284629_01d6d2683ac2982aceeba8a476bb42d0_wm.jpg\" alt=\"\" loading=\"lazy\"\/><\/p>\n<p>            (Fot\u00f3: Juh\u00e1sz Norbert &#8211; We Love Budapest)<\/p>\n<p>                        POV Lok\u00e1l \u2013 tervez\u0151grafikai \u00e9s urbanisztikai el\u0151ad\u00e1sok a Dugatty\u00fasban<\/p>\n<p>Szeptember 16-\u00e1n els\u0151 alkalommal jelentkezik a POV Lok\u00e1l, amely a hazai designszc\u00e9na, az int\u00e9zm\u00e9nyek \u00e9s a d\u00f6nt\u00e9shoz\u00f3k k\u00f6z\u00f6tti kapcsolat er\u0151s\u00edt\u00e9s\u00e9t c\u00e9lozza. A <a href=\"https:\/\/welovebudapest.com\/hely\/dugattyus\/\" id=\"hyperlink_209d23f7870492492083dd3bb74d8e14\" target=\"_blank\" rel=\"nofollow noopener\">Dugatty\u00fasban<\/a> helyet kap\u00f3 program k\u00f6z\u00e9ppontj\u00e1ban a k\u00f6zterek, szolg\u00e1ltat\u00e1sok \u00e9s vizu\u00e1lis rendszerek tervez\u00e9se \u00e1ll. Az est sor\u00e1n a K\u00f6zleked\u00e9si M\u00fazeummal k\u00f6z\u00f6s projekten kereszt\u00fcl a hazai tervez\u0151grafikai szc\u00e9na k\u00f6zleked\u00e9si vizu\u00e1lis \u00f6r\u00f6ks\u00e9ghez kapcsol\u00f3d\u00f3 gondolkod\u00e1s\u00e1ba is betekint\u00e9st nyerhet\u00fcnk el\u0151ad\u00e1sokon kereszt\u00fcl. A programot DJ-szett z\u00e1rja.\u00a0<\/p>\n<p>\n                          <a href=\"http:\/\/welovebudapest.com\/program\/pov-lokal-tervezografika-urbanisztika-eloadas-dugattyus-2026-szeptember\/\" id=\"hyperlink_08969f3dc828b893f5c744ebb07e74b3\" target=\"_blank\" title=\"POV Lok\u00e1l \u2013 tervez\u0151grafikai \u00e9s urbanisztikai el\u0151ad\u00e1sok a Dugatty\u00fasban\" rel=\"nofollow noopener\"><\/p>\n<p>                             Tov\u00e1bbi inform\u00e1ci\u00f3<br \/>\n                          <\/a>\n                        <\/p>\n<p>                                <img decoding=\"async\" id=\"kep_71284831\" src=\"https:\/\/www.europesays.com\/hu\/wp-content\/uploads\/2026\/09\/71284831_4653eda25cf68280c7df08841b89cd70_wm.jpg\" alt=\"\" loading=\"lazy\"\/><\/p>\n<p>            (Fot\u00f3: Szab\u00f3 G\u00e1bor &#8211; We Love Budapest)<\/p>\n<p>                        mi\u0308us x attaray: Kamarametrik \u2013 fe\u0301ny-hang installa\u0301cio\u0301 a Fiumei \u00fati s\u00edrkertben<\/p>\n<p>Szeptember 19-\u00e9n izgalmas f\u00e9ny-hang install\u00e1ci\u00f3val v\u00e1rja a l\u00e1togat\u00f3kat a mi\u0308us \u00e9s az attaray a <a href=\"https:\/\/welovebudapest.com\/hely\/fiumei-uti-sirkert\" id=\"hyperlink_ac1ff93c75ef818cbed89c9f0916f8dc\" target=\"_blank\" rel=\"nofollow noopener\">Fiumei \u00fati s\u00edrkertben<\/a>. A Passz\u00e1zs c\u00edm\u0171 projekt a De\u00e1k-mauz\u00f3leum el\u0151tti, f\u00e1kkal szeg\u00e9lyezett s\u00e9t\u00e1nyt alak\u00edtja \u00e1t egy bej\u00e1rhat\u00f3 koncertt\u00e9rr\u00e9, ahol a zene \u00e9s a f\u00e9ny egyetlen k\u00f6z\u00f6s t\u00e9rbeli \u00e9lm\u00e9nny\u00e9 \u00e1ll \u00f6ssze. A kamarazenekari fel\u00e1ll\u00e1sban megsz\u00f3lal\u00f3 dalok \u00e1thangszerelt v\u00e1ltozataiban klasszikus hangszerek \u00e9s anal\u00f3g szintetiz\u00e1torok ker\u00fclnek p\u00e1rbesz\u00e9dbe egym\u00e1ssal, mik\u00f6zben \u00faj vizu\u00e1lis tartalmak k\u00eds\u00e9rik a produkci\u00f3t. A r\u00e9szv\u00e9tel ingyenes, de el\u0151zetes regisztr\u00e1ci\u00f3hoz k\u00f6t\u00f6tt.<\/p>\n<p>\n                          <a href=\"http:\/\/welovebudapest.com\/program\/mius-attaray-feny-hang-installacio-fiumei-uti-sirkert-2026-szeptember\/\" id=\"hyperlink_13fb626c3e7c43983c14daa9d5389ddc\" target=\"_blank\" title=\"mi\u0308us x attaray: Kamarametrik \u2013 fe\u0301ny-hanginstalla\u0301cio\u0301 a Fiumei \u00fati s\u00edrkertben\" rel=\"nofollow noopener\"><\/p>\n<p>                             Tov\u00e1bbi inform\u00e1ci\u00f3<br \/>\n                          <\/a>\n                        <\/p>\n<p>                                <img decoding=\"async\" id=\"kep_71284837\" src=\"https:\/\/www.europesays.com\/hu\/wp-content\/uploads\/2026\/09\/71284837_251dacd1329128aa31a6bd27f9fa0c1b_wm.jpg\" alt=\"\" loading=\"lazy\"\/><\/p>\n<p>            (Fot\u00f3: Medgyesi Mil\u00e1n &#8211; We Love Budapest)<\/p>\n<p>                        Tribal Market \u2013 Dzsungel \u2013 v\u00e1s\u00e1r a D\u00fcrer Kertben<\/p>\n<p>A k\u00fcl\u00f6nleges hangulat\u00fa v\u00e1s\u00e1r \u00e9s kreat\u00edv tal\u00e1lkoz\u00f3hely, a Tribal Market k\u00f6vetkez\u0151 alkalm\u00e1ra szeptember 19-\u00e9n, a <a href=\"https:\/\/welovebudapest.com\/hely\/durer-kert\/\" id=\"hyperlink_fc52347321b0f416f83c96d5b70747e0\" target=\"_blank\" rel=\"nofollow noopener\">D\u00fcrer Kertben<\/a> ker\u00fcl sor. A rendezv\u00e9nyen hazai alkot\u00f3k, keresked\u0151k port\u00e9k\u00e1ival tal\u00e1lkozhatunk: t\u00f6bbek k\u00f6z\u00f6tt ruh\u00e1k, kieg\u00e9sz\u00edt\u0151k, \u00e9kszerek, ker\u00e1mi\u00e1k \u00e9s printek k\u00f6z\u00fcl v\u00e1logathatunk, de m\u00e9zek, te\u00e1k \u00e9s gy\u00f3gyn\u00f6v\u00e9nyes term\u00e9kek is beszerezhet\u0151k lesznek. A v\u00e1s\u00e1r ut\u00e1n a Palo Canto ad koncertet, a napot pedig a Pure Lust bulija z\u00e1rja.\u00a0<\/p>\n<p>\n                          <a href=\"http:\/\/welovebudapest.com\/program\/tribal-market-dzsungel-vasar-durer-kert-2026-szeptember\/\" id=\"hyperlink_06d626229ffb541c85dec83b743b05c2\" target=\"_blank\" title=\"Tribal Market \u2013 Dzsungel \u2013 v\u00e1s\u00e1r a D\u00fcrer Kertben\" rel=\"nofollow noopener\"><\/p>\n<p>                             Tov\u00e1bbi inform\u00e1ci\u00f3<br \/>\n                          <\/a>\n                        <\/p>\n<p>                                <img decoding=\"async\" id=\"kep_71284841\" src=\"https:\/\/www.europesays.com\/hu\/wp-content\/uploads\/2026\/09\/71284841_4681981b6a889de6b50c46bdc82b3f92_wm.jpg\" alt=\"\" loading=\"lazy\"\/><\/p>\n<p>            (Fot\u00f3: Nipa Shoes &#8211; Tribal Market)<\/p>\n<p>                        Kultur\u00e1lis \u00d6r\u00f6ks\u00e9g Napjai 2026<\/p>\n<p>A Kultur\u00e1lis \u00d6r\u00f6ks\u00e9g Napjain id\u00e9n is izgalmas programokra sz\u00e1m\u00edthatunk szerte az orsz\u00e1gban: vezetett s\u00e9t\u00e1k, tematikus t\u00far\u00e1k, ki\u00e1ll\u00edt\u00e1sok, csal\u00e1di \u00e9s gyermekprogramok is v\u00e1rj\u00e1k az \u00e9rdekl\u0151d\u0151ket. Szeptember 19-\u00e9n \u00e9s 20-\u00e1n bepillant\u00e1st nyerhet\u00fcnk t\u00f6rt\u00e9nelmi eml\u00e9khelyekbe, kast\u00e9lyokba, templomokba, m\u00fazeumokba, \u00e9s sz\u00e1mos egy\u00e9b izgalmas helysz\u00ednt fedezhet\u00fcnk fel. Budapesten t\u00f6bbek k\u00f6z\u00f6tt az <a href=\"https:\/\/welovebudapest.com\/hely\/elte-egyetemi-konyvtar\/\" id=\"hyperlink_11e320962356a3a4d638b2c4d06e110d\" target=\"_blank\" rel=\"nofollow noopener\">ELTE Egyetemi K\u00f6nyvt\u00e1r \u00e9s Lev\u00e9lt\u00e1r<\/a>, a P\u00e9nz\u00fcgy\u0151r- \u00e9s Ad\u00f3z\u00e1st\u00f6rt\u00e9neti M\u00fazeum, az ELTE Radn\u00f3ti Mikl\u00f3s Gyakorl\u00f3iskola, valamint a <a href=\"https:\/\/welovebudapest.com\/hely\/japankert\/\" id=\"hyperlink_3a5b29cb98844c77b42673aa2a71ed56\" target=\"_blank\" rel=\"nofollow noopener\">Jap\u00e1nkert \u2013 KMASZC Varga M\u00e1rton Technikum<\/a> ny\u00edlik meg id\u00e9n. A r\u00e9szt vev\u0151 helysz\u00ednek list\u00e1ja folyamatosan b\u0151v\u00fcl.\u00a0<\/p>\n<p>\n                          <a href=\"http:\/\/welovebudapest.com\/program\/kulturalis-orokseg-napjai-2026-szeptember\/\" id=\"hyperlink_73739a3615b8ebcf33c504c8da59477a\" target=\"_blank\" title=\"Kultur\u00e1lis \u00d6r\u00f6ks\u00e9g Napjai 2026\" rel=\"nofollow noopener\"><\/p>\n<p>                             Tov\u00e1bbi inform\u00e1ci\u00f3<br \/>\n                          <\/a>\n                        <\/p>\n<p>                                <img decoding=\"async\" id=\"kep_71284847\" src=\"https:\/\/www.europesays.com\/hu\/wp-content\/uploads\/2026\/09\/71284847_1d112c4c1bc844ac6d31c42b2a886280_wm.jpg\" alt=\"\" loading=\"lazy\"\/><\/p>\n<p>            (Fot\u00f3: Juh\u00e1sz Norbert &#8211; We Love Budapest)<\/p>\n<p>                        ReMarket piac \u00e9s vintage v\u00e1s\u00e1r a Hengermalomban<\/p>\n<p>Szeptember 20-\u00e1n ism\u00e9t megtelik a <a href=\"https:\/\/welovebudapest.com\/hely\/hengermalom\/\" id=\"hyperlink_745c52289ee7060d1fa75d43d2ed572f\" target=\"_blank\" rel=\"nofollow noopener\">Hengermalom<\/a> udvara k\u00fcl\u00f6nleges t\u00e1rgyakkal \u00e9s r\u00e9gi kincsekkel: \u00fajra megrendezik a ReMarket k\u00f6z\u00f6ss\u00e9gi bolhapiacot \u00e9s vintage v\u00e1s\u00e1rt. A k\u00edn\u00e1latban retr\u00f3, vintage, mid-century, n\u00e9pi \u00e9s antik t\u00e1rgyak, b\u00fatorok, l\u00e1mp\u00e1k \u00e9s \u00e9kszerek mellett vintage \u00e9s old school ruh\u00e1k k\u00f6z\u00f6tt is lehet v\u00e1logatni. A v\u00e1s\u00e1rl\u00e1st finom falatok k\u00eds\u00e9rik, de ak\u00e1r \u00e9p\u00fcletbej\u00e1r\u00e1son is r\u00e9szt vehet\u00fcnk.\u00a0<\/p>\n<p>\n                          <a href=\"http:\/\/welovebudapest.com\/program\/remarket-piac-vintage-vasar-hengermalom-2026-szeptember\/\" id=\"hyperlink_7b855c7e5a1f0b1e346d5d96070b4aa2\" target=\"_blank\" title=\"ReMarket piac \u00e9s vintage v\u00e1s\u00e1r a Hengermalomban\" rel=\"nofollow noopener\"><\/p>\n<p>                             Tov\u00e1bbi inform\u00e1ci\u00f3<br \/>\n                          <\/a>\n                        <\/p>\n<p>                                <img decoding=\"async\" id=\"kep_71284851\" src=\"https:\/\/www.europesays.com\/hu\/wp-content\/uploads\/2026\/09\/71284851_6f23b83410e0271387a9f373b3e8e4e0_wm.jpg\" alt=\"\" loading=\"lazy\"\/><\/p>\n<p>            (Fot\u00f3: Simon Zsuzsi &#8211; Hengermalom)<\/p>\n<p>                        A Dr\u00e1ma \u00c9jszak\u00e1ja 2026<\/p>\n<p>Szeptember 21-\u00e9n a magyar dr\u00e1ma napj\u00e1t egy k\u00fcl\u00f6nleges programsorozattal \u00fcnneplik a Margit-negyedben. Az este sor\u00e1n nyolc kort\u00e1rs dr\u00e1ma hangzik el k\u00fcl\u00f6nb\u00f6z\u0151 helysz\u00edneken, k\u00f6zt\u00fck Cseke Tam\u00e1s, Holczer D\u00e1vid, Horv\u00e1th \u00c1d\u00e1m, Nagy T\u00edmea \u00e9s Szarvas Melinda m\u0171veivel. A felolvas\u00e1sok f\u00e9l\u00f3r\u00e1nk\u00e9nt v\u00e1ltj\u00e1k egym\u00e1st, \u00edgy a r\u00e9sztvev\u0151k ak\u00e1r egy k\u00f6z\u00f6s s\u00e9ta keret\u00e9ben t\u00f6bb helysz\u00ednt \u00e9s el\u0151ad\u00e1st is v\u00e9gigj\u00e1rhatnak. Az esem\u00e9nyt buli z\u00e1rja a <a href=\"https:\/\/welovebudapest.com\/hely\/dante-kozossegi-alkototer\/\" id=\"hyperlink_89e5e9be8884597e4f9f9bd8e3e203a6\" target=\"_blank\" rel=\"nofollow noopener\">DANTE K\u00f6z\u00f6ss\u00e9gi Alkot\u00f3t\u00e9rben<\/a>.\u00a0<\/p>\n<p>\n                          <a href=\"http:\/\/welovebudapest.com\/program\/a-drama-ejszakaja-2026-szeptember\/\" id=\"hyperlink_45de58806cb855e83797d74cd45a23df\" target=\"_blank\" title=\"A Dr\u00e1ma \u00c9jszak\u00e1ja 2026\" rel=\"nofollow noopener\"><\/p>\n<p>                             Tov\u00e1bbi inform\u00e1ci\u00f3<br \/>\n                          <\/a>\n                        <\/p>\n<p>                                <img decoding=\"async\" id=\"kep_71284877\" src=\"https:\/\/www.europesays.com\/hu\/wp-content\/uploads\/2026\/09\/71284877_ba9acdbb9c439fc2ef89b20827857ced_wm.jpg\" alt=\"\" loading=\"lazy\"\/><\/p>\n<p>            (Fot\u00f3: DANTE K\u00f6z\u00f6ss\u00e9gi Alkot\u00f3t\u00e9r &#8211; Facebook)<\/p>\n<p>\n                           (Bor\u00edt\u00f3k\u00e9p: K\u00e1ll\u00f3 P\u00e9ter \u2013 We Love Budapest)\n                        <\/p>\n<p><a href=\"https:\/\/dex.hu\/x.php?id=googlepref_desktop_welovebudapest&amp;url=https:\/\/google.com\/preferences\/source?q=https:\/\/welovebudapest.com\/\" class=\"google-pref-banner \" id=\"googlePrefBanner\" rel=\"nofollow noopener\" target=\"_blank\"><\/p>\n<p>        \u00c1ll\u00edtsd be a Google keres\u0151j\u00e9t, hogy a tal\u00e1latok k\u00f6z\u00f6tt biztos ott legyen a We Love Budapest!    <\/p>\n<p><\/a><\/p>\n<p>        <img decoding=\"async\" class=\"wlbkonyv-ajanlo_img\" src=\"https:\/\/www.europesays.com\/hu\/wp-content\/uploads\/2026\/09\/1788285940_931_71107885_0d706056e4c2d5770ec30c3bc3ac7603_wm.jpg\" alt=\"\" style=\"\"\/><\/p>\n<p class=\"wlbkonyv-ajanlo_promocio\">hirdet\u00e9s<\/p>\n<p>Folytatn\u00e1d az olvas\u00e1st? Szeretsz mindig k\u00e9pben lenni, \u00e9rdekelnek a leg\u00fajabb budapesti h\u00edrek, t\u00f6rt\u00e9netek? <a target=\"_blank\" href=\"https:\/\/welovebudapest.com\/hirlevel\/feliratkozas\" rel=\"nofollow noopener\">Iratkozz fel heti h\u00edrlevel\u00fcnkre<\/a>, az Insiderre, \u00e9s legy\u00e9l te a t\u00e1rsas\u00e1g ir\u00e1nyt\u0171je, ha \u00e9ttermet, kir\u00e1ndul\u00f3helyet vagy programot kerestek!<\/p>\n<p>                C\u00edmk\u00e9k            <\/p>\n","protected":false},"excerpt":{"rendered":"PLACCC Fesztiv\u00e1l 2026 A PLACCC Fesztiv\u00e1l olyan kort\u00e1rs m\u0171v\u00e9szeti produkci\u00f3kat mutat be, amelyek kil\u00e9pnek a hagyom\u00e1nyos sz\u00ednh\u00e1ztermek, gal\u00e9ri\u00e1k&hellip;\n","protected":false},"author":2,"featured_media":229002,"comment_status":"","ping_status":"","sticky":false,"template":"","format":"standard","meta":{"footnotes":"","_share_on_mastodon":"0"},"categories":[22],"tags":[73,1645,2164,1654,3521,44,42,40,1646,1226,213,43,41,3756,4022,45,939,1650,1424,1656,1651],"class_list":["post-229001","post","type-post","status-publish","format-standard","has-post-thumbnail","category-budapest","tag-budapest","tag-budapesti-programok","tag-buli","tag-csaladi-program","tag-eloadas","tag-hu","tag-hungarian","tag-hungary","tag-ingyenes-program","tag-kiallitas","tag-koncert","tag-magyar","tag-magyarorszag","tag-programajanlo","tag-seta","tag-sport","tag-szabadido","tag-szinhaz","tag-toplista","tag-vasar","tag-workshop"],"share_on_mastodon":{"url":"https:\/\/pubeurope.com\/@hu\/117197113505251228","error":""},"_links":{"self":[{"href":"https:\/\/www.europesays.com\/hu\/wp-json\/wp\/v2\/posts\/229001","targetHints":{"allow":["GET"]}}],"collection":[{"href":"https:\/\/www.europesays.com\/hu\/wp-json\/wp\/v2\/posts"}],"about":[{"href":"https:\/\/www.europesays.com\/hu\/wp-json\/wp\/v2\/types\/post"}],"author":[{"embeddable":true,"href":"https:\/\/www.europesays.com\/hu\/wp-json\/wp\/v2\/users\/2"}],"replies":[{"embeddable":true,"href":"https:\/\/www.europesays.com\/hu\/wp-json\/wp\/v2\/comments?post=229001"}],"version-history":[{"count":0,"href":"https:\/\/www.europesays.com\/hu\/wp-json\/wp\/v2\/posts\/229001\/revisions"}],"wp:featuredmedia":[{"embeddable":true,"href":"https:\/\/www.europesays.com\/hu\/wp-json\/wp\/v2\/media\/229002"}],"wp:attachment":[{"href":"https:\/\/www.europesays.com\/hu\/wp-json\/wp\/v2\/media?parent=229001"}],"wp:term":[{"taxonomy":"category","embeddable":true,"href":"https:\/\/www.europesays.com\/hu\/wp-json\/wp\/v2\/categories?post=229001"},{"taxonomy":"post_tag","embeddable":true,"href":"https:\/\/www.europesays.com\/hu\/wp-json\/wp\/v2\/tags?post=229001"}],"curies":[{"name":"wp","href":"https:\/\/api.w.org\/{rel}","templated":true}]}}