{"id":229007,"date":"2026-09-01T18:14:08","date_gmt":"2026-09-01T18:14:08","guid":{"rendered":"https:\/\/www.europesays.com\/hu\/229007\/"},"modified":"2026-09-01T18:14:08","modified_gmt":"2026-09-01T18:14:08","slug":"utolso-elozetest-kapott-a-vadiuj-mitsubishi-pajero","status":"publish","type":"post","link":"https:\/\/www.europesays.com\/hu\/229007\/","title":{"rendered":"Utols\u00f3 el\u0151zetest kapott a vadi\u00faj Mitsubishi Pajero"},"content":{"rendered":"<p data-alignment=\"left\" class=\"text-left\" data-block-key=\"fav2m\"><a href=\"https:\/\/totalcar.hu\/hirek\/2026\/05\/31\/visszater-a-pajero-a-mitsubishi-uj-terepjaroja-mar-osszel-bemutatkozik\/\" target=\"_blank\" rel=\" noopener noreferrer nofollow\" data-link-preview=\"true\" data-og-title=\"Visszat\u00e9r a Pajero: a Mitsubishi \u00faj terepj\u00e1r\u00f3ja m\u00e1r \u0151sszel bemutatkozik\" data-og-description=\"M\u00e1r biztos, hogy visszat\u00e9r a Pajero, \u00e9s azt is tudjuk, hogy mikor.\" data-og-image=\"https:\/\/totalcar.hu\/media\/images\/mitsubishi_pajero_8.format-avif.max-600x400.avif\" data-og-image-small=\"https:\/\/totalcar.hu\/media\/images\/mitsubishi_pajero_8.format-avif.max-370x278.avif\" data-og-column=\"H\u00edrek\" data-og-tags=\"[&quot;H\\u00edrek&quot;, &quot;Mitsubishi&quot;, &quot;pajero&quot;, &quot;mitsubishi pajero&quot;, &quot;suv&quot;, &quot;terepj\\u00e1r\\u00f3&quot;]\">Egy ideje m\u00e1r tudjuk<\/a>, hogy a Mitsubishi hamarosan bemutatja a Pajero leg\u00fajabb gener\u00e1ci\u00f3j\u00e1t. M\u00e1r t\u00f6bbsz\u00f6r megszell\u0151ztett\u00e9k az \u00fajdons\u00e1got, most pedig meg\u00e9rkezett a v\u00e9gs\u0151 el\u0151zetes. Ez azt jelenti, hogy m\u00e1r t\u00e9nyleg alig kell v\u00e1rnunk arra, hogy a jap\u00e1n gy\u00e1rt\u00f3 v\u00e9gre leleplezze az \u00faj modellt.<\/p>\n<p data-alignment=\"left\" class=\"text-left\" data-block-key=\"bi3kv\">B\u00e1r az eg\u00e9sz vil\u00e1g m\u00e1r kor\u00e1bban az SUV-k ir\u00e1ny\u00e1ba mozdult, \u00fagy t\u0171nik, hogy a Mitsubishi nem engedi el a Pajero klasszikus fel\u00e9p\u00edt\u00e9s\u00e9t. Ez azt jelenti, hogy j\u00f3 es\u00e9llyel nem egy b\u00e9na, terepk\u00e9ptelen SUV-t kapunk, amire felnyalt\u00e1k a Pajero log\u00f3j\u00e1t, hanem egy tisztess\u00e9ges terepj\u00e1r\u00f3t. Ut\u00f3bbit vastagon al\u00e1h\u00fazza, hogy az eddigi inform\u00e1ci\u00f3k alapj\u00e1n a Pajero rendes l\u00e9traalv\u00e1zat kap, mint a kor\u00e1bbi v\u00e1ltozatok.<\/p>\n<p>  <a rel=\"noopener nofollow\" href=\"https:\/\/indamediasales.hu\/2019\/06\/25\/quality_placement_minosegbiztositasi_tajekoztato_728\" target=\"_blank\"><\/p>\n<p>      <img loading=\"lazy\" decoding=\"async\" src=\"https:\/\/totalcar.hu\/static\/images\/brand\/quality_placement_logo.svg\" alt=\"Quality Placement\" width=\"150\" height=\"15\"\/><\/p>\n<p>  <\/a><\/p>\n<p>\n  hirdet\u00e9s\n<\/p>\n<p data-alignment=\"left\" class=\"text-left\" data-block-key=\"6mcj2\">Mer\u00e9sz l\u00e9p\u00e9s, hiszen egy alv\u00e1zas aut\u00f3 j\u00f3val k\u00e9nyelmetlenebb, sz\u0171kebb \u00e9s dr\u00e1g\u00e1bb, mint egy <a href=\"https:\/\/totalcar.hu\/tesztek\/2026\/06\/02\/ket-es-fel-tonnas-szendrey-juliam-land-rover-defender-trophy-edition-teszt-2026\/\" target=\"_blank\" rel=\" noopener noreferrer nofollow\" data-link-preview=\"true\" data-og-title=\"K\u00e9t \u00e9s f\u00e9l tonn\u00e1s Szendrey J\u00fali\u00e1m\" data-og-description=\"T\u00falz\u00e1s n\u00e9lk\u00fcl \u00e1ll\u00edtom, hogy nincs m\u00e1sik tesztaut\u00f3, ami olyasmit v\u00e1ltott ki bel\u0151lem, mint a Defender Trophy Edition. Ahogy megl\u00e1ttam, a nosztalgia olyan k\u00edm\u00e9letlen er\u0151vel r\u00fagott arcon, ahogy Jean-Claude Van Damme az ellent a legszebb \u00e9veiben. B\u00e1r a testem alapvet\u0151en alkalmatlan erre, ha tehettem volna, nagy \u00f6r\u00f6mmel lementem volna sp\u00e1rg\u00e1ba. Mert hogy nekem m\u00e1r eg\u00e9szen apr\u00f3 klamb\u00f3 koromban \u00f6r\u00f6kre beakadt a Camel Trophy \u00e9s a s\u00e1rmos, s\u00e1rga Defender. Akkor is \u00f6szt\u00f6n\u00f6sen, tudat al\u00f3l, felt\u00e9tel n\u00e9lk\u00fcl rajongan\u00e9k \u00e9rte, ha min\u0151s\u00edthetetlen, traktorszer\u0171 vacak lenne. Szerencs\u00e9re a val\u00f3s\u00e1g eg\u00e9sz m\u00e1s, de ne szaladjunk ennyire el\u0151re.\" data-og-image=\"https:\/\/totalcar.hu\/media\/images\/AT5Y4581.format-avif.max-600x400.avif\" data-og-image-small=\"https:\/\/totalcar.hu\/media\/images\/AT5Y4581.format-avif.max-370x278.avif\" data-og-column=\"Tesztek\" data-og-tags=\"[&quot;Tesztek&quot;, &quot;land rover defender&quot;, &quot;land rover&quot;, &quot;defender&quot;, &quot;trophy&quot;, &quot;edition&quot;, &quot;camel trophy&quot;, &quot;terepj\\u00e1r\\u00f3&quot;, &quot;offroad&quot;, &quot;teszt&quot;]\">\u00f6nhord\u00f3 kasznis<\/a> darab. A Mitsubishi azonban tartja mag\u00e1t a hagyom\u00e1nyokhoz, \u00edgy v\u00e9g\u00fcl egy er\u0151s riv\u00e1list kaphat a Toyota Land Cruiser. M\u00e1r amennyiben mindez t\u00e9nyleg \u00fagy lesz, ahogy az eddigi h\u00edrek mondj\u00e1k. Ut\u00f3bbi a hivatalos bemutat\u00f3n mindenk\u00e9pp kider\u00fcl majd.<\/p>\n<p data-alignment=\"left\" class=\"text-left\" data-block-key=\"l09r\">Rossz h\u00edr, hogy az el\u0151zetes rendk\u00edv\u00fcl rejt\u00e9lyes, \u00e9s semmi val\u00f3di inform\u00e1ci\u00f3t nem mond vagy mutat. Ugyanakkor az j\u00f3 h\u00edr, hogy a v\u00e9g\u00e9n a szeptember m\u00e1sodikai, vagyis a mai d\u00e1tum szerepel. Ez azt jelenti, hogy gyakorlatilag \u00f3r\u00e1k maradtak csup\u00e1n az \u00faj Pajero bemutat\u00f3j\u00e1ig, \u00e9s hamarosan megtudjuk, hogy milyen lett a Mitsubishi leg\u00fajabb terepj\u00e1r\u00f3ja.<\/p>\n<p data-alignment=\"left\" class=\"text-left\" data-block-key=\"7fncj\">Forr\u00e1s: Mitsubishi<\/p>\n<p><a href=\"https:\/\/google.com\/preferences\/source?q=https%3A\/\/totalcar.hu\" rel=\"noopener nofollow\" referrerpolicy=\"no-referrer-when-downgrade\" class=\"!flex !items-center !gap-5 !py-2 !px-3 w-full !rounded-xl !font-bold cursor-pointer !no-underline relative !bg-white !text-[#202124] !border !border-[#858585] dark:!bg-[#323232] dark:!text-white dark:border-none my-4 \" target=\"_blank\"><br \/>\n  <img decoding=\"async\" src=\"https:\/\/totalcar.hu\/static\/images\/favicons\/google_favicon.svg\" alt=\"Google\" class=\"shrink-0 w-7 h-7\"\/><br \/>\n  \u00c1ll\u00edtsd be, hogy a Totalcar az els\u0151k k\u00f6z\u00f6tt legyen a Google-tal\u00e1latokban!<\/p>\n<p><\/a><\/p>\n","protected":false},"excerpt":{"rendered":"Egy ideje m\u00e1r tudjuk, hogy a Mitsubishi hamarosan bemutatja a Pajero leg\u00fajabb gener\u00e1ci\u00f3j\u00e1t. M\u00e1r t\u00f6bbsz\u00f6r megszell\u0151ztett\u00e9k az \u00fajdons\u00e1got,&hellip;\n","protected":false},"author":2,"featured_media":229008,"comment_status":"","ping_status":"","sticky":false,"template":"","format":"standard","meta":{"footnotes":"","_share_on_mastodon":"0"},"categories":[10],"tags":[110,168,44,42,40,43,41,6579,6108,38531,14859,3244,111,1064],"class_list":["post-229007","post","type-post","status-publish","format-standard","has-post-thumbnail","category-vallalkozas","tag-business","tag-elozetes","tag-hu","tag-hungarian","tag-hungary","tag-magyar","tag-magyarorszag","tag-mitsubishi","tag-offroad","tag-pajero","tag-teaser","tag-terepjaro","tag-vallalkozas","tag-video"],"share_on_mastodon":{"url":"https:\/\/pubeurope.com\/@hu\/117197148676186630","error":""},"_links":{"self":[{"href":"https:\/\/www.europesays.com\/hu\/wp-json\/wp\/v2\/posts\/229007","targetHints":{"allow":["GET"]}}],"collection":[{"href":"https:\/\/www.europesays.com\/hu\/wp-json\/wp\/v2\/posts"}],"about":[{"href":"https:\/\/www.europesays.com\/hu\/wp-json\/wp\/v2\/types\/post"}],"author":[{"embeddable":true,"href":"https:\/\/www.europesays.com\/hu\/wp-json\/wp\/v2\/users\/2"}],"replies":[{"embeddable":true,"href":"https:\/\/www.europesays.com\/hu\/wp-json\/wp\/v2\/comments?post=229007"}],"version-history":[{"count":0,"href":"https:\/\/www.europesays.com\/hu\/wp-json\/wp\/v2\/posts\/229007\/revisions"}],"wp:featuredmedia":[{"embeddable":true,"href":"https:\/\/www.europesays.com\/hu\/wp-json\/wp\/v2\/media\/229008"}],"wp:attachment":[{"href":"https:\/\/www.europesays.com\/hu\/wp-json\/wp\/v2\/media?parent=229007"}],"wp:term":[{"taxonomy":"category","embeddable":true,"href":"https:\/\/www.europesays.com\/hu\/wp-json\/wp\/v2\/categories?post=229007"},{"taxonomy":"post_tag","embeddable":true,"href":"https:\/\/www.europesays.com\/hu\/wp-json\/wp\/v2\/tags?post=229007"}],"curies":[{"name":"wp","href":"https:\/\/api.w.org\/{rel}","templated":true}]}}