{"id":229031,"date":"2026-09-01T18:42:10","date_gmt":"2026-09-01T18:42:10","guid":{"rendered":"https:\/\/www.europesays.com\/hu\/229031\/"},"modified":"2026-09-01T18:42:10","modified_gmt":"2026-09-01T18:42:10","slug":"a-fradi-zakot-meg-tulelte-most-repult-a-trabzonspor-edzoje-csakfoci","status":"publish","type":"post","link":"https:\/\/www.europesays.com\/hu\/229031\/","title":{"rendered":"A Fradi-zak\u00f3t m\u00e9g t\u00fal\u00e9lte, most rep\u00fclt a Trabzonspor edz\u0151je &#8211; Csakfoci"},"content":{"rendered":"<p><a href=\"https:\/\/news.google.com\/rss\/articles\/CBMinAFBVV95cUxPSVhMX0t2Snl2emlheUw3NXNhbFhaZ0hxMmIzNWdILVRZaXdrdV9vUHNnYllpcU1Qc2Q5MGlVbEp5RWM4U1pzLUpXUzlGZ2NzZ2trUFBpQXhhM1NVQmFmRXNjSUV1Z0xZejZ2NVVTOTJjN3M5ZTFBRnJRVHc3bTIzOFFBR0FidWFDdDVEVnl0akVWYkY2ZExzNF9Ldm8?oc=5\" target=\"_blank\" rel=\"nofollow noopener\">A Fradi-zak\u00f3t m\u00e9g t\u00fal\u00e9lte, most rep\u00fclt a Trabzonspor edz\u0151je<\/a>&nbsp;&nbsp;Csakfoci<a href=\"https:\/\/news.google.com\/rss\/articles\/CBMigAFBVV95cUxQcm5PZVNyc0Jtck4weVhNcjNUb0NvQ1hId045SFVQRVUyUDV3Y1AzTDIyeEt4bTVZTjVxN3o1RF9tZkxnc2huTUJGVjdKX1otWWZHTVpXT0w0TXBVVnU3bm1CRTNBdXZkaHRPSGc0UzlBTFBjdzIxaHJ5YmZwaWRtLQ?oc=5\" target=\"_blank\" rel=\"nofollow noopener\">Egy l\u00e9p\u00e9sre a t\u00f6k\u00e9letes selejtez\u0151sorozatt\u00f3l \u00e9s az Eur\u00f3pa-liga-f\u0151t\u00e1bl\u00e1t\u00f3l a Ferencv\u00e1ros<\/a>&nbsp;&nbsp;M4 Sport<a href=\"https:\/\/news.google.com\/rss\/articles\/CBMi4wFBVV95cUxPN2lZYlU2RjhtU2ptenVRZlRQSXM3c1dOdi11S3RpdW1oZHY2RXplTzlFcWd6UkRja2F5OU95QXo0X3VzYnpqSjZFa1JBQk5FNjdHMnNWYVZRZ25NbGlKSlZLOW9Rdk00RWN4anNoZzZZTWpFWFY3b2pIcllQdm9KOW93TEdFWXdoaEQ2WldUbThOVjV1bnZVT0R4N3RQbERfRzNUMjZGamhQQ3B1TWJDelE4TEd1VXVKZ1RwMkQ1UUFHUFpQYVV5a1FLMVBEZTR5b3BhbG45QnRiSW84TWdaN29ySQ?oc=5\" target=\"_blank\" rel=\"nofollow noopener\">Futball &#8211; Futball &#8211; Edz\u0151t buktatott a Fradi, \u00faj tr\u00e9ner \u00e9rkezik a megal\u00e1z\u00f3 Eur\u00f3pa-liga-b\u00facs\u00fa ut\u00e1n<\/a>&nbsp;&nbsp;index.hu<a href=\"https:\/\/news.google.com\/rss\/articles\/CBMizgFBVV95cUxPeGFIWG5nTVdJbnBydDR6NkJxQlBlNHNQSWtIMF9lS29lRnE3YXh5cVpoSXJOSDducHFXdXM4b0VGcUZFR0pUUUR0bkExVWx4VXJGelVMeF96dHAxSVlGN1I1R3JVQll1RnE4UHN3cTgxS0xDZHJOeWwwQmhDam50UzZlTko1RUtPYUJHdmhTUlR0cVhTWUplTWt4TnZseEZHc1U4UzZ0bl9pMjJ0U2g4SEVkZXV6MjRpYWpNQnVvaGIzNURhdEw1eVVKTVF2d9IBjAFBVV95cUxQUWk3c3FqQU5nUS01dEN0dUQyVDd0dTF3RHdqX3ZGcXBFWDNVSlRPblhmdkxpa2k1V2VFVGdCbFF2ZWQ0VExGLUtMcE5PaTJQbDNwT0hEV3A4VmhNay1meVBMWkZlT01KS295a3FOQ3ZuT2FEcGFyTGI1NFkyeXFzeHpKQzZ0MldzRWtxMQ?oc=5\" target=\"_blank\" rel=\"nofollow noopener\">A Ferencv\u00e1ros ki\u00fct\u00f6tte a kilenc emberre fogy\u00f3 Trabzonsport, az Eur\u00f3pa-lig\u00e1ban folytatja<\/a>&nbsp;&nbsp;Infostart<a href=\"https:\/\/news.google.com\/rss\/articles\/CBMihAFBVV95cUxPd2RZN3V1czUtX05KLXZVQ1RnUUNSZ3pXT1hUd3BJTHQ0cjNPOFpoMmpDWHNDNDJOUXdIaVJVdHd2YzJFb0VZUURtV25tYng2V20tRjREdVVoaDVBaG85VEZCZ2xGNWtyaE9sUGFoTG9vQTRHQ09RME9DUEdUOGFLcFgwOUw?oc=5\" target=\"_blank\" rel=\"nofollow noopener\">\u201eNagyon szomor\u00fa ez a klubnak, az orsz\u00e1gnak\u201d \u2013 Meccs ut\u00e1n, \u00e9l\u0151 bejelentkez\u00e9sben mondott le a Trabzonspor vezet\u0151edz\u0151je, de a klubvezet\u00e9s visszautas\u00edtotta<\/a>&nbsp;&nbsp;N\u00e9pszava<\/p>\n","protected":false},"excerpt":{"rendered":"A Fradi-zak\u00f3t m\u00e9g t\u00fal\u00e9lte, most rep\u00fclt a Trabzonspor edz\u0151je&nbsp;&nbsp;CsakfociEgy l\u00e9p\u00e9sre a t\u00f6k\u00e9letes selejtez\u0151sorozatt\u00f3l \u00e9s az Eur\u00f3pa-liga-f\u0151t\u00e1bl\u00e1t\u00f3l a Ferencv\u00e1ros&nbsp;&nbsp;M4&hellip;\n","protected":false},"author":2,"featured_media":229032,"comment_status":"","ping_status":"","sticky":false,"template":"","format":"standard","meta":{"footnotes":"","_share_on_mastodon":"0"},"categories":[14],"tags":[980,34521,57473,44,42,40,43,41,45,131,2266,6629],"class_list":["post-229031","post","type-post","status-publish","format-standard","has-post-thumbnail","category-sport","tag-el","tag-el-selejtezok","tag-fatih-tekke","tag-hu","tag-hungarian","tag-hungary","tag-magyar","tag-magyarorszag","tag-sport","tag-sports","tag-torokorszag","tag-trabzonspor"],"share_on_mastodon":{"url":"https:\/\/pubeurope.com\/@hu\/117197258262738067","error":""},"_links":{"self":[{"href":"https:\/\/www.europesays.com\/hu\/wp-json\/wp\/v2\/posts\/229031","targetHints":{"allow":["GET"]}}],"collection":[{"href":"https:\/\/www.europesays.com\/hu\/wp-json\/wp\/v2\/posts"}],"about":[{"href":"https:\/\/www.europesays.com\/hu\/wp-json\/wp\/v2\/types\/post"}],"author":[{"embeddable":true,"href":"https:\/\/www.europesays.com\/hu\/wp-json\/wp\/v2\/users\/2"}],"replies":[{"embeddable":true,"href":"https:\/\/www.europesays.com\/hu\/wp-json\/wp\/v2\/comments?post=229031"}],"version-history":[{"count":0,"href":"https:\/\/www.europesays.com\/hu\/wp-json\/wp\/v2\/posts\/229031\/revisions"}],"wp:featuredmedia":[{"embeddable":true,"href":"https:\/\/www.europesays.com\/hu\/wp-json\/wp\/v2\/media\/229032"}],"wp:attachment":[{"href":"https:\/\/www.europesays.com\/hu\/wp-json\/wp\/v2\/media?parent=229031"}],"wp:term":[{"taxonomy":"category","embeddable":true,"href":"https:\/\/www.europesays.com\/hu\/wp-json\/wp\/v2\/categories?post=229031"},{"taxonomy":"post_tag","embeddable":true,"href":"https:\/\/www.europesays.com\/hu\/wp-json\/wp\/v2\/tags?post=229031"}],"curies":[{"name":"wp","href":"https:\/\/api.w.org\/{rel}","templated":true}]}}