{"id":229101,"date":"2026-09-01T20:10:15","date_gmt":"2026-09-01T20:10:15","guid":{"rendered":"https:\/\/www.europesays.com\/hu\/229101\/"},"modified":"2026-09-01T20:10:15","modified_gmt":"2026-09-01T20:10:15","slug":"kina-elszivja-europa-penzet-napi-egymilliard-euros-lyukat-probal-betomni-brusszel","status":"publish","type":"post","link":"https:\/\/www.europesays.com\/hu\/229101\/","title":{"rendered":"K\u00edna elsz\u00edvja Eur\u00f3pa p\u00e9nz\u00e9t: napi egymilli\u00e1rd eur\u00f3s lyukat pr\u00f3b\u00e1l bet\u00f6mni Br\u00fcsszel"},"content":{"rendered":"<p data-alignment=\"left\" class=\"text-left\" data-block-key=\"liena\">Az uni\u00f3s kereskedelmi biztos, Maros Sefcovic szerint a probl\u00e9m\u00e1t nem lehet kiz\u00e1r\u00f3lag az Eur\u00f3p\u00e1ba \u00e9rkez\u0151 k\u00ednai \u00e1ruk korl\u00e1toz\u00e1s\u00e1val megoldani. \u00dagy gondolja, Br\u00fcsszelnek egyszerre kellene n\u00f6velnie az eur\u00f3pai exportot K\u00edna fel\u00e9, illetve jobban kezelnie a k\u00ednai importot. Az Eur\u00f3pai Bizotts\u00e1g okt\u00f3ber k\u00f6zep\u00e9ig szeretne k\u00e9zzelfoghat\u00f3 eredm\u00e9nyeket felmutatni, ez\u00e9rt szeptemberben \u00fajabb magas szint\u0171 egyeztet\u00e9sek j\u00f6nnek Pekinggel \u2212 \u00edrta a <a href=\"https:\/\/www.politico.eu\/article\/eu-wants-to-convince-china-to-curb-exports-to-the-bloc\/\" target=\"_blank\" rel=\" noopener noreferrer nofollow\">Politico<\/a>.<\/p>\n<p data-alignment=\"left\" class=\"text-left\" data-block-key=\"2ug1l\">A t\u00e9t \u00f3ri\u00e1si: az <a href=\"https:\/\/www.economx.hu\/magyar-gazdasag\/2026\/07\/01\/temu-eu-vamok-webshopok-kina-arukereso\/\" target=\"_blank\" rel=\" noopener noreferrer nofollow\" data-link-preview=\"true\" data-og-title=\"V\u00e9ge a Temu aranykor\u00e1nak, meg\u00e1lljt parancsol az EU\" data-og-description=\"Nincs t\u00f6bb kib\u00fav\u00f3, j\u00falius 1-t\u0151l a 150 eur\u00f3 alatti csomagokra kateg\u00f3ri\u00e1nk\u00e9nt 3 eur\u00f3s egys\u00e9ges v\u00e1m vonatkozik, ha azok harmadik orsz\u00e1gb\u00f3l, \u00edgy p\u00e9ld\u00e1ul K\u00edn\u00e1b\u00f3l \u00e9rkeznek. Mit jelent ez nek\u00fcnk?\" data-og-image=\"https:\/\/www.economx.hu\/neon\/media\/images\/image1749718855.format-avif.max-600x400.avif\" data-og-image-small=\"https:\/\/www.economx.hu\/neon\/media\/images\/image1749718855.format-avif.max-370x278.avif\" data-og-column=\"Magyar gazdas\u00e1g\" data-og-tags=\"[&quot;Magyar gazdas\\u00e1g&quot;, &quot;temu&quot;, &quot;v\\u00e1m&quot;, &quot;uni\\u00f3s_szab\\u00e1lyoz\\u00e1s&quot;, &quot;uni\\u00f3s szab\\u00e1lyoz\\u00e1s&quot;, &quot;\\u00e1rukeres\\u0151&quot;]\">olcs\u00f3 k\u00ednai term\u00e9kek<\/a> egyre nagyobb nyom\u00e1s al\u00e1 helyezik az eur\u00f3pai ipart. Vegyipari \u00e9s aut\u00f3ipari v\u00e1llalatok z\u00e1rnak be \u00fczemeket \u00e9s \u00e9p\u00edtenek le munkahelyeket, mik\u00f6zben az uni\u00f3s vezet\u0151k att\u00f3l tartanak, hogy a k\u00ednai t\u00faltermel\u00e9s egyre t\u00f6bb \u00e1gazatban s\u00f6pri el az eur\u00f3pai versenyt\u00e1rsakat.<\/p>\n<p>  <a rel=\"noopener nofollow\" href=\"https:\/\/indamediasales.hu\/2019\/06\/25\/quality_placement_minosegbiztositasi_tajekoztato_728\" target=\"_blank\" class=\"flex items-center\"><\/p>\n<p>      <img loading=\"lazy\" decoding=\"async\" src=\"https:\/\/www.economx.hu\/neon\/static\/images\/brand\/quality_placement_logo.svg\" alt=\"Quality Placement\" width=\"150\" height=\"15\"\/><\/p>\n<p>  <\/a><\/p>\n<p>\n  hirdet\u00e9s<\/p>\n<p>    X<\/p>\n<p data-alignment=\"left\" class=\"text-left\" data-block-key=\"52b5v\">Br\u00fcsszel ez\u00e9rt olyan megold\u00e1sokat keres, amelyekkel K\u00edna t\u00f6bb eur\u00f3pai mez\u0151gazdas\u00e1gi term\u00e9ket, aut\u00f3t \u00e9s orvostechnikai eszk\u00f6zt v\u00e1s\u00e1rolna, mik\u00f6zben az EU szigor\u00fabban szab\u00e1lyozn\u00e1 a be\u00e1raml\u00f3 k\u00ednai \u00e1rukat.<\/p>\n<p data-alignment=\"left\" class=\"text-left\" data-block-key=\"3ee65\">Ez azonban k\u00f6nnyen vissza\u00fcthet. Ha Br\u00fcsszel megdr\u00e1g\u00edtja a k\u00ednai importot, azzal ugyan v\u00e9dheti az eur\u00f3pai gy\u00e1rt\u00f3kat, de az eur\u00f3pai fogyaszt\u00f3k is magasabb \u00e1rakkal szembes\u00fclhetnek. Ez k\u00fcl\u00f6n\u00f6sen kellemetlen id\u0151z\u00edt\u00e9s, hiszen az eur\u00f3\u00f6vezeti infl\u00e1ci\u00f3 j\u00faliusban 2,9 sz\u00e1zal\u00e9kra emelkedett, j\u00f3val meghaladva az Eur\u00f3pai K\u00f6zponti Bank 2 sz\u00e1zal\u00e9kos c\u00e9lj\u00e1t.<\/p>\n<p data-alignment=\"left\" class=\"text-left\" data-block-key=\"dqhd7\">Br\u00fcsszel ez\u00e9rt egyel\u0151re <a href=\"https:\/\/www.economx.hu\/kulfold\/2026\/06\/19\/kina-eu-kulkereskedelem-hiany-megtorlas-szankciok-diplomacia-visszavonulas-elhalasztas\/\" target=\"_blank\" rel=\" noopener noreferrer nofollow\" data-link-preview=\"true\" data-og-title=\"Napi egymilli\u00e1rd eur\u00f3s hi\u00e1ny, m\u00e9gsem mernek kem\u00e9nykedni K\u00edn\u00e1val\" data-og-description=\"Meglep\u0151 fordulat Br\u00fcsszelben: az Eur\u00f3pai Uni\u00f3 egyel\u0151re nem mer nekimenni K\u00edn\u00e1nak A h\u00e1tt\u00e9rben a megtorl\u00e1st\u00f3l val\u00f3 f\u00e9lelem \u00e9s a tag\u00e1llamok k\u00f6z\u00f6tti m\u00e9ly megosztotts\u00e1g \u00e1ll, mik\u00f6zben az EU kereskedelmi hi\u00e1nya K\u00edn\u00e1val m\u00e1r napi egymilli\u00e1rd eur\u00f3ra n\u0151tt.\" data-og-image=\"https:\/\/www.economx.hu\/neon\/media\/images\/Kallas_Merz.format-avif.max-600x400.avif\" data-og-image-small=\"https:\/\/www.economx.hu\/neon\/media\/images\/Kallas_Merz.format-avif.max-370x278.avif\" data-og-column=\"K\u00fclf\u00f6ld\" data-og-tags=\"[&quot;K\\u00fclf\\u00f6ld&quot;, &quot;Eur\\u00f3pai Uni\\u00f3&quot;, &quot;K\\u00edna&quot;, &quot;k\\u00fclkereskedelem&quot;, &quot;k\\u00fclkereskedelemi hi\\u00e1ny&quot;, &quot;megtorl\\u00e1s&quot;, &quot;v\\u00e9d\\u0151v\\u00e1mok&quot;, &quot;v\\u00e1mok&quot;, &quot;diplom\\u00e1cia&quot;, &quot;konfliktus&quot;]\">t\u00e1rgyal\u00e1ssal<\/a> pr\u00f3b\u00e1lkozik, de Sefcovic szerint, ha Peking nem l\u00e9p, az EU k\u00e9sz kem\u00e9nyebb eszk\u00f6z\u00f6kh\u00f6z ny\u00falni. Az Eur\u00f3pai Bizotts\u00e1g a kereskedelmi v\u00e9dint\u00e9zked\u00e9sek alkalmaz\u00e1s\u00e1t is finom\u00edtan\u00e1, \u00e9s egy \u00faj \u201ediverzifik\u00e1ci\u00f3s eszk\u00f6z\u00f6n\u201d is dolgozik, amely arra \u00f6szt\u00f6n\u00f6zn\u00e9 az eur\u00f3pai v\u00e1llalatokat, hogy ahol csak lehet, ne egyetlen k\u00ednai besz\u00e1ll\u00edt\u00f3t\u00f3l f\u00fcggjenek. A biztos szerint ugyan ennek \u00e1ra van, de a v\u00e1llalatok egy r\u00e9sze m\u00e1r \u00fagy l\u00e1tja: a diverzifik\u00e1ci\u00f3 k\u00f6lts\u00e9ge kisebb lehet, mint egy \u00fajabb ell\u00e1t\u00e1si zavar\u00e9.<\/p>\n<p><a href=\"https:\/\/google.com\/preferences\/source?q=https%3A\/\/www.economx.hu\" rel=\"noopener nofollow\" referrerpolicy=\"no-referrer-when-downgrade\" class=\"!flex !items-center !gap-5 !py-2 !px-3 w-full !rounded-xl !font-bold cursor-pointer !no-underline relative !bg-white !text-[#202124] !border !border-[#858585] dark:!bg-[#323232] dark:!text-white dark:border-none my-4 \" target=\"_blank\"><br \/>\n  <img decoding=\"async\" src=\"https:\/\/www.economx.hu\/neon\/static\/images\/favicons\/google_favicon.svg\" alt=\"Google\" class=\"shrink-0 w-7 h-7\"\/><br \/>\n  \u00c1ll\u00edtsd be, hogy az Economx az els\u0151k k\u00f6z\u00f6tt legyen a Google-tal\u00e1latokban!<\/p>\n<p><\/a><\/p>\n","protected":false},"excerpt":{"rendered":"Az uni\u00f3s kereskedelmi biztos, Maros Sefcovic szerint a probl\u00e9m\u00e1t nem lehet kiz\u00e1r\u00f3lag az Eur\u00f3p\u00e1ba \u00e9rkez\u0151 k\u00ednai \u00e1ruk korl\u00e1toz\u00e1s\u00e1val&hellip;\n","protected":false},"author":2,"featured_media":229102,"comment_status":"","ping_status":"","sticky":false,"template":"","format":"standard","meta":{"footnotes":"","_share_on_mastodon":"0"},"categories":[3],"tags":[107,106,429,105,42,3865,104,43],"class_list":["post-229101","post","type-post","status-publish","format-standard","has-post-thumbnail","category-europa","tag-eu","tag-europa","tag-europai-unio","tag-europe","tag-hungarian","tag-kereskedelem","tag-kina","tag-magyar"],"share_on_mastodon":{"url":"https:\/\/pubeurope.com\/@hu\/117197604882673153","error":""},"_links":{"self":[{"href":"https:\/\/www.europesays.com\/hu\/wp-json\/wp\/v2\/posts\/229101","targetHints":{"allow":["GET"]}}],"collection":[{"href":"https:\/\/www.europesays.com\/hu\/wp-json\/wp\/v2\/posts"}],"about":[{"href":"https:\/\/www.europesays.com\/hu\/wp-json\/wp\/v2\/types\/post"}],"author":[{"embeddable":true,"href":"https:\/\/www.europesays.com\/hu\/wp-json\/wp\/v2\/users\/2"}],"replies":[{"embeddable":true,"href":"https:\/\/www.europesays.com\/hu\/wp-json\/wp\/v2\/comments?post=229101"}],"version-history":[{"count":0,"href":"https:\/\/www.europesays.com\/hu\/wp-json\/wp\/v2\/posts\/229101\/revisions"}],"wp:featuredmedia":[{"embeddable":true,"href":"https:\/\/www.europesays.com\/hu\/wp-json\/wp\/v2\/media\/229102"}],"wp:attachment":[{"href":"https:\/\/www.europesays.com\/hu\/wp-json\/wp\/v2\/media?parent=229101"}],"wp:term":[{"taxonomy":"category","embeddable":true,"href":"https:\/\/www.europesays.com\/hu\/wp-json\/wp\/v2\/categories?post=229101"},{"taxonomy":"post_tag","embeddable":true,"href":"https:\/\/www.europesays.com\/hu\/wp-json\/wp\/v2\/tags?post=229101"}],"curies":[{"name":"wp","href":"https:\/\/api.w.org\/{rel}","templated":true}]}}