{"id":229113,"date":"2026-09-01T20:20:16","date_gmt":"2026-09-01T20:20:16","guid":{"rendered":"https:\/\/www.europesays.com\/hu\/229113\/"},"modified":"2026-09-01T20:20:16","modified_gmt":"2026-09-01T20:20:16","slug":"index-kultur-negy-nev-maradt-a-vegere-most-kezdodik-az-igazi-verseny","status":"publish","type":"post","link":"https:\/\/www.europesays.com\/hu\/229113\/","title":{"rendered":"Index &#8211; Kult\u00far &#8211; N\u00e9gy n\u00e9v maradt a v\u00e9g\u00e9re, most kezd\u0151dik az igazi verseny"},"content":{"rendered":"<p>N\u00e9gy sz\u00ednm\u0171v\u00e9sz jutott be id\u00e9n a Kasz\u00e1s Attila-d\u00edj d\u00f6nt\u0151j\u00e9be, a k\u00f6z\u00f6ns\u00e9g pedig szeptember 15-ig szavazhat arra, ki kapja meg az elismer\u00e9st. A jel\u00f6ltek Bartha Bor\u00f3ka, a gyergy\u00f3szentmikl\u00f3si Figura St\u00fadi\u00f3 Sz\u00ednh\u00e1z, Kelemen Zolt\u00e1n, a szombathelyi We\u00f6res S\u00e1ndor Sz\u00ednh\u00e1z, \u00d6tv\u00f6s Andr\u00e1s, a V\u00edgsz\u00ednh\u00e1z, valamint Pap Lujza, a zalaegerszegi Hevesi S\u00e1ndor Sz\u00ednh\u00e1z m\u0171v\u00e9sze.<\/p>\n<p>A d\u00f6nt\u0151s\u00f6ket \u00e9s a r\u00f3luk k\u00e9sz\u00fclt kisfilmeket szeptember 1-j\u00e9n az \u00d6rk\u00e9ny Istv\u00e1n Sz\u00ednh\u00e1zban mutatt\u00e1k be. A bejelent\u00e9ssel egy id\u0151ben elindult a k\u00f6z\u00f6ns\u00e9gszavaz\u00e1s is, id\u00e9n rendhagy\u00f3 m\u00f3don n\u00e9gy sz\u00ednm\u0171v\u00e9sz k\u00f6z\u00fcl v\u00e1laszthatnak a n\u00e9z\u0151k.<\/p>\n<p>A sajt\u00f3t\u00e1j\u00e9koztat\u00f3n G\u00e1sp\u00e1r M\u00e1t\u00e9, az \u00d6rk\u00e9ny Istv\u00e1n Sz\u00ednh\u00e1z igazgat\u00f3ja k\u00f6sz\u00f6nt\u00f6tte a r\u00e9sztvev\u0151ket, felsz\u00f3lalt Sipos Imre el\u0151ad\u00f3-m\u0171v\u00e9szetek\u00e9rt felel\u0151s helyettes \u00e1llamtitk\u00e1r, Rudolf P\u00e9ter, a V\u00edgsz\u00ednh\u00e1z igazgat\u00f3ja, valamint Szarvas J\u00f3zsef is, aki 2008-ban els\u0151k\u00e9nt kapta meg a Kasz\u00e1s Attila-d\u00edjat.<\/p>\n<p>                        Nem csak az sz\u00e1m\u00edt, ki milyen m\u0171v\u00e9sz a sz\u00ednpadon<\/p>\n<p>A 2008-ban l\u00e9trehozott elismer\u00e9st olyan sz\u00ednm\u0171v\u00e9szek kaphatj\u00e1k meg, akik kiemelked\u0151 m\u0171v\u00e9szi teljes\u00edtm\u00e9ny\u00fck mellett t\u00e1rsulatuk meghat\u00e1roz\u00f3, k\u00f6z\u00f6ss\u00e9gform\u00e1l\u00f3 szem\u00e9lyis\u00e9gei is.\u00a0Rudolf P\u00e9ter szerint \u00e9ppen ez k\u00fcl\u00f6nb\u00f6zteti meg a Kasz\u00e1s Attila-d\u00edjat sok m\u00e1s szakmai elismer\u00e9st\u0151l.<\/p>\n<p>Kasz\u00e1s Attila tizenhat \u00e9ven \u00e1t volt a V\u00edgsz\u00ednh\u00e1z t\u00e1rsulat\u00e1nak tagja, ez egy sz\u00ednh\u00e1z \u00e9s egy ember \u00e9let\u00e9ben is nagyon hossz\u00fa id\u0151, rengeteg k\u00f6z\u00f6s el\u0151ad\u00e1ssal, t\u00f6rt\u00e9nettel \u00e9s eml\u00e9kkel.<\/p>\n<p>A V\u00edgsz\u00ednh\u00e1z igazgat\u00f3ja \u00edgy folytatta.<\/p>\n<p>Ennek a d\u00edjnak \u00e9ppen az ad k\u00fcl\u00f6n\u00f6s s\u00falyt, hogy nemcsak azt n\u00e9zi, ki milyen m\u0171v\u00e9sz a sz\u00ednpadon, hanem azt is, milyen ember \u00e9s t\u00e1rs a sz\u00ednh\u00e1z mindennapjaiban.<\/p>\n<p>Rudolf P\u00e9ter szerint az idei jel\u00f6ltekben is felismerhet\u0151 mindaz, ami Kasz\u00e1s Attila szem\u00e9lyis\u00e9g\u00e9t meghat\u00e1rozta.\u00a0\u201eAz idei jel\u00f6ltekben is ott van az az al\u00e1zat, figyelem \u00e9s k\u00f6z\u00f6ss\u00e9gform\u00e1l\u00f3 er\u0151, ami Attil\u00e1t annyira meghat\u00e1rozta. K\u00fcl\u00f6n \u00f6r\u00f6m sz\u00e1munkra, hogy id\u00e9n a V\u00edgsz\u00ednh\u00e1z adhat otthont a d\u00edj\u00e1tad\u00f3nak\u201d \u2013 fogalmazott.<\/p>\n<p>A Kasz\u00e1s Attila-d\u00edj kor\u00e1bbi kit\u00fcntetettjei k\u00f6z\u00f6tt Mucsi Zolt\u00e1n, B\u00e1nyai Kelemen Barna, Schneider Zolt\u00e1n, Krisztik Csaba, Orosz \u00c1kos \u00e9s <a href=\"https:\/\/index.hu\/kultur\/2024\/08\/30\/kaszas-attila-dij-balla-eszter-szinhaz-szeged-orszagos-szinhazi-evadnyito\/\" id=\"hyperlink_5d581fa64c8b49a694f7ad3a37c38730\" target=\"_blank\" title=\"Kihirdett\u00e9k, ki kapta id\u00e9n a Kasz\u00e1s Attila-d\u00edjat\" data-recommendation=\"bekezdes_utan\" data-recommendation-preview=\"{&quot;og:title&quot;:&quot;Kihirdett\u00e9k, ki kapta id\u00e9n a Kasz\u00e1s Attila-d\u00edjat&quot;,&quot;og:description&quot;:&quot;H\u00e1rom n\\u0151 k\u00f6z\u00fcl hirdettek gy\\u0151ztest.&quot;,&quot;og:image&quot;:&quot;\\\/\\\/kep.cdn.indexvas.hu\\\/1\\\/0\\\/5803\\\/58033\\\/580332\\\/58033241_4294059_9dc698d860d610c5db478a41f8de30df_wm.jpg&quot;}\" data-recommendation-id=\"5847733\" rel=\"nofollow noopener\">Balla Eszter<\/a> is szerepel, 2025-ben pedig Sodr\u00f3 Eliza vehette \u00e1t az elismer\u00e9st.<\/p>\n<p>                        A szakma jel\u00f6l, a k\u00f6z\u00f6ns\u00e9g d\u00f6nt<\/p>\n<p>A d\u00edj jel\u00f6ltjeit t\u00f6bbfordul\u00f3s szakmai kiv\u00e1laszt\u00e1s sor\u00e1n a sz\u00ednh\u00e1zi t\u00e1rsulatok tagjai maguk k\u00f6z\u00fcl v\u00e1lasztj\u00e1k ki, a v\u00e9gs\u0151 d\u00f6nt\u00e9st azonban 2012 \u00f3ta a k\u00f6z\u00f6ns\u00e9g hozza meg.\u00a0A Kasz\u00e1s Attila-d\u00edj alapgondolata a hivat\u00e1s, a t\u00e1rsulat \u00e9s a k\u00f6z\u00f6ss\u00e9g ir\u00e1nti elk\u00f6telezetts\u00e9g tov\u00e1bbvitele. Az elismer\u00e9s ez\u00e9rt nem puszt\u00e1n sz\u00ednpadi teljes\u00edtm\u00e9nyt d\u00edjaz, hanem azt is, hogy az adott m\u0171v\u00e9sz milyen szerepet t\u00f6lt be saj\u00e1t t\u00e1rsulat\u00e1nak mindennapi \u00e9let\u00e9ben.<\/p>\n<p>A k\u00f6z\u00f6ns\u00e9g szeptember 15-\u00e9n \u00e9jf\u00e9lig adhatja le voks\u00e1t a Kasz\u00e1s Attila-d\u00edj honlapj\u00e1n. A gy\u0151ztest szeptember 17-\u00e9n, a V\u00edgsz\u00ednh\u00e1zban rendezett \u00fcnnep\u00e9lyes d\u00edj\u00e1tad\u00f3n hirdetik ki.<\/p>\n<p>A Kasz\u00e1s Attila-d\u00edj 2026-ban a T\u00e1rsadalmi Kapcsolatok\u00e9rt \u00e9s Kult\u00far\u00e1\u00e9rt Felel\u0151s Miniszt\u00e9rium \u00e9s a Pet\u0151fi Kultur\u00e1lis \u00dcgyn\u00f6ks\u00e9g egy\u00fcttm\u0171k\u00f6d\u00e9s\u00e9ben, a Raiffeisen Bank t\u00e1mogat\u00e1s\u00e1val val\u00f3sul meg.<\/p>\n<p>\n                          (Bor\u00edt\u00f3k\u00e9p:\u00a0Pap Lujza, a zalaegerszegi Hevesi S\u00e1ndor Sz\u00ednh\u00e1z t\u00e1rsulat\u00e1nak tagja \u00e9s Kelemen Zolt\u00e1n, a szombathelyi We\u00f6res S\u00e1ndor Sz\u00ednh\u00e1z t\u00e1rsulat\u00e1nak tagja, jel\u00f6ltek a Kasz\u00e1s Attila-d\u00edj idei n\u00e9gy jel\u00f6ltj\u00e9t bemutat\u00f3 sajt\u00f3t\u00e1j\u00e9koztat\u00f3n az \u00d6rk\u00e9ny Istv\u00e1n Sz\u00ednh\u00e1zban 2026. szeptember 1-j\u00e9n. Fot\u00f3:\u00a0Kocsis Zolt\u00e1n \/ MTI)\n                        <\/p>\n<p><a href=\"https:\/\/dex.hu\/x.php?id=googlepref_desktop&amp;url=https:\/\/google.com\/preferences\/source?q=https:\/\/index.hu\" class=\"google-pref-banner \" id=\"googlePrefBanner\" rel=\"nofollow noopener\" target=\"_blank\"><\/p>\n<p>    Itt \u00e1ll\u00edtsa be, hogy az Index az els\u0151k k\u00f6z\u00f6tt legyen a Google-tal\u00e1latokban!<\/p>\n<p><\/a><\/p>\n<p>                <a href=\"https:\/\/konyvek.index.hu\/\" target=\"_blank\" rel=\"nofollow noopener\"><br \/>\n                <img decoding=\"async\" src=\"https:\/\/index.hu\/assets\/images\/konyvajanlo\/book_indapress\/book_indapress_logo.svg\" loading=\"lazy\" alt=\"Inda Press Kiad\u00f3\"\/><br \/>\n                <\/a><\/p>\n<p>                <img decoding=\"async\" src=\"https:\/\/www.europesays.com\/hu\/wp-content\/uploads\/2026\/09\/1788294014_292_hazassaglabirintus.png\" loading=\"lazy\" alt=\"Becsomagolt titkok szentest\u00e9re\"\/><\/p>\n<p>L\u00e9pjen be a h\u00e1zass\u00e1g legnagyobb dilemm\u00e1j\u00e1ba!<br \/>A d\u00f6nt\u00e9s az \u00d6n kez\u00e9ben van! <\/p>\n<p>                <a class=\"book_index_btn\" href=\"https:\/\/indexadhu.hit.gemius.pl\/hitredir?id=nSCbubuYpDWJZLZs0TssLrbt33Lk5kbipuiZrkg89G3.g7&amp;stparam=zpcrjmisvv&amp;fastid=jzeelhrbwmpdhcblhjutwmjodoku&amp;nc=0&amp;url=https:\/\/www.indapresskiado.hu\/products\/hazassaglabirintus\" target=\"_blank\" rel=\"nofollow noopener\">MEGVESZEM<\/a><\/p>\n<p>    <img loading=\"lazy\" decoding=\"async\" src=\"https:\/\/www.europesays.com\/hu\/wp-content\/uploads\/2026\/09\/1788294016_836_redot.gif\" border=\"0\" height=\"0\" width=\"0\"\/><\/p>\n<p>    <img decoding=\"async\" src=\"https:\/\/index.hu\/assets\/images\/social-follow\/logo-big.svg\" alt=\"Index.hu logo\"\/><\/p>\n<p>K\u00f6vesse az Indexet Facebookon is!<\/p>\n<p>    <a href=\"https:\/\/facebook.com\/Indexhu\" target=\"_blank\" rel=\"nofollow noopener\"><\/p>\n<p>        K\u00f6vetem!<br \/>\n    <\/a><\/p>\n","protected":false},"excerpt":{"rendered":"N\u00e9gy sz\u00ednm\u0171v\u00e9sz jutott be id\u00e9n a Kasz\u00e1s Attila-d\u00edj d\u00f6nt\u0151j\u00e9be, a k\u00f6z\u00f6ns\u00e9g pedig szeptember 15-ig szavazhat arra, ki kapja&hellip;\n","protected":false},"author":2,"featured_media":229114,"comment_status":"","ping_status":"","sticky":false,"template":"","format":"standard","meta":{"footnotes":"","_share_on_mastodon":"0"},"categories":[16],"tags":[152,3610,137,44,42,40,60762,150,43,41,144,1650,138],"class_list":["post-229113","post","type-post","status-publish","format-standard","has-post-thumbnail","category-szorakozas","tag-ce-napi","tag-dij","tag-entertainment","tag-hu","tag-hungarian","tag-hungary","tag-kaszas-attila-dij","tag-kultur","tag-magyar","tag-magyarorszag","tag-szinesz","tag-szinhaz","tag-szorakozas"],"share_on_mastodon":{"url":"https:\/\/pubeurope.com\/@hu\/117197644277862120","error":""},"_links":{"self":[{"href":"https:\/\/www.europesays.com\/hu\/wp-json\/wp\/v2\/posts\/229113","targetHints":{"allow":["GET"]}}],"collection":[{"href":"https:\/\/www.europesays.com\/hu\/wp-json\/wp\/v2\/posts"}],"about":[{"href":"https:\/\/www.europesays.com\/hu\/wp-json\/wp\/v2\/types\/post"}],"author":[{"embeddable":true,"href":"https:\/\/www.europesays.com\/hu\/wp-json\/wp\/v2\/users\/2"}],"replies":[{"embeddable":true,"href":"https:\/\/www.europesays.com\/hu\/wp-json\/wp\/v2\/comments?post=229113"}],"version-history":[{"count":0,"href":"https:\/\/www.europesays.com\/hu\/wp-json\/wp\/v2\/posts\/229113\/revisions"}],"wp:featuredmedia":[{"embeddable":true,"href":"https:\/\/www.europesays.com\/hu\/wp-json\/wp\/v2\/media\/229114"}],"wp:attachment":[{"href":"https:\/\/www.europesays.com\/hu\/wp-json\/wp\/v2\/media?parent=229113"}],"wp:term":[{"taxonomy":"category","embeddable":true,"href":"https:\/\/www.europesays.com\/hu\/wp-json\/wp\/v2\/categories?post=229113"},{"taxonomy":"post_tag","embeddable":true,"href":"https:\/\/www.europesays.com\/hu\/wp-json\/wp\/v2\/tags?post=229113"}],"curies":[{"name":"wp","href":"https:\/\/api.w.org\/{rel}","templated":true}]}}