{"id":229131,"date":"2026-09-01T20:49:09","date_gmt":"2026-09-01T20:49:09","guid":{"rendered":"https:\/\/www.europesays.com\/hu\/229131\/"},"modified":"2026-09-01T20:49:09","modified_gmt":"2026-09-01T20:49:09","slug":"akin-nem-fogott-a-disney-atok-8-szerep-ami-globalis-szupersztarra-valtoztatta-zendayat","status":"publish","type":"post","link":"https:\/\/www.europesays.com\/hu\/229131\/","title":{"rendered":"Akin nem fogott a Disney-\u00e1tok: 8 szerep, ami glob\u00e1lis szuperszt\u00e1rr\u00e1 v\u00e1ltoztatta Zenday\u00e1t"},"content":{"rendered":"<p>Kis t\u00falz\u00e1ssal, naponta hallani olyan sz\u00edn\u00e9szekr\u0151l, akik <a href=\"https:\/\/24.hu\/kultura\/2024\/08\/03\/zac-efron-disney-csatorna-csaladi-affer-vanessa-hudgens-miley-cyrus-selena-gomez-jonas-brothers\/\" target=\"_blank\" rel=\"noopener nofollow\">gyereksz\u00edn\u00e9szk\u00e9nt kezdtek a Disney-n\u00e9l<\/a>, majd elk\u00e9peszt\u0151 h\u00edrn\u00e9vre tettek szert, a karrierj\u00fck m\u00e9gis vakv\u00e1g\u00e1nyra futott, mik\u00f6zben az \u00e9let\u00fck is gallyra ment, k\u00f6sz\u00f6nhet\u0151en a korai ismerts\u00e9gnek.<\/p>\n<p>Ez\u00e9rt is kiv\u00e9teles, amikor valaki \u00e9pp az ellenkez\u0151 ir\u00e1nyba tart, \u00e9s l\u00e1tsz\u00f3lag egy\u00e1ltal\u00e1n nem tervez meg\u00e1llni. Mint p\u00e9ld\u00e1ul Zendaya, aki a vattacukros tinisorozatokb\u00f3l indulva robbant be a nagyszab\u00e1s\u00fa kasszasikerek vil\u00e1g\u00e1ba.<\/p>\n<p>A szt\u00e1r 30. sz\u00fclet\u00e9snapja alkalm\u00e1b\u00f3l cikk\u00fcnkben 8 szerep\u00e9n kereszt\u00fcl vessz\u00fck v\u00e9gig, hogyan is v\u00e1lt polg\u00e1ri nev\u00e9n Zendaya Maree Stoermer Coleman b\u00e1jos kisl\u00e1nyb\u00f3l a filmipar egyik meghat\u00e1roz\u00f3, kort\u00e1rs arc\u00e1v\u00e1.<\/p>\n<p><a id=\"galeria-1\" class=\"m-nextGallery _ce_measure_widget _ce_measure_link\" href=\"https:\/\/24.hu\/kultura\/2026\/09\/01\/zendaya-30-eves-portre-filmjei\/?gallery=1\/1\/gettyimages-139566245.jpg\" data-ce-measure-widget=\"gallery-open\" rel=\"nofollow noopener\" target=\"_blank\"><\/p>\n<p>\t\t<img loading=\"lazy\" decoding=\"async\" width=\"3000\" height=\"2000\" src=\"https:\/\/www.europesays.com\/hu\/wp-content\/uploads\/2026\/09\/gettyimages-139566245.jpg\" class=\"m-nextGallery__featureImage wp-image-4808983\" alt=\"2012-ben a John Carter premierj\u00e9n Los Angelesben.\"  \/>\t<\/p>\n<p><\/a><\/p>\n<p>A P\u00f3kverzum<\/p>\n<p>Kev\u00e9s hat\u00e9konyabb szt\u00e1rcsin\u00e1l\u00f3 l\u00e9tezik a Marvel-filmekn\u00e9l. Lehet ezeket szeretni vagy ut\u00e1lni, de az \u00fajabb \u00e9s \u00fajabb szuperh\u0151sfilmek \u2013 persze v\u00e1ltoz\u00f3 min\u0151s\u00e9gben \u2013 a mai napig t\u00f6megeket mozgatnak meg. Mondhatni, t\u00f6k\u00e9letes eszk\u00f6zei annak, hogy egy sz\u00edn\u00e9sz a k\u00f6z\u00f6ns\u00e9g l\u00e1t\u00f3ter\u00e9be ker\u00fclj\u00f6n.<\/p>\n<p>Zendaya eset\u00e9ben ez a bel\u00e9p\u00e9s a Marvel-univerzum egyik legszerethet\u0151bb karakter\u00e9n kereszt\u00fcl t\u00f6rt\u00e9nt meg, amikor 2017-ben szerepet kapott a <a href=\"https:\/\/www.youtube.com\/watch?v=nCvn_LUGehg\" target=\"_blank\" rel=\"noopener nofollow\">P\u00f3kember: Hazat\u00e9r\u00e9sben<\/a> Tom Holland oldal\u00e1n. Peter Parker oszt\u00e1lyt\u00e1rs\u00e1t \u00e9s k\u00e9s\u0151bbi bar\u00e1tn\u0151j\u00e9t, Michelle \u201eMJ\u201d Jones-Watsont alak\u00edtotta. Nemcsak a v\u00e1sznon tal\u00e1ltak egym\u00e1sra: a k\u00e9t sz\u00edn\u00e9sz nem olyan r\u00e9g \u00f6ssze is h\u00e1zasodott \u2013 b\u00e1r a forgat\u00e1s idej\u00e9n m\u00e9g csak ismerkedtek egym\u00e1ssal.<\/p>\n<p><img loading=\"lazy\" decoding=\"async\" class=\"size-full wp-image-4809601\" src=\"https:\/\/www.europesays.com\/hu\/wp-content\/uploads\/2026\/09\/gettyimages-2282256292.jpg\" alt=\"\" width=\"3115\" height=\"2077\" title=\"Akin nem fogott a Disney-\u00e1tok: 8 szerep, ami glob\u00e1lis szuperszt\u00e1rr\u00e1 v\u00e1ltoztatta Zenday\u00e1t 1\"  \/>Christoph Soeder \/ picture alliance \/ Getty Images Tom Holland \u00e9s Zendaya a P\u00f3kember: Vadonat\u00faj nap c\u00edm\u0171 film rajong\u00f3knak tartott rendezv\u00e9ny\u00e9n 2026. j\u00fanius 22-\u00e9n.<\/p>\n<p>A film kifejezetten testhez\u00e1ll\u00f3 volt Zendaya sz\u00e1m\u00e1ra, elv\u00e9gre a Hazat\u00e9r\u00e9s volt a legtinisebb P\u00f3kember-film, ami addig k\u00e9sz\u00fclt. A sz\u00edn\u00e9szn\u0151 ezt k\u00f6vet\u0151en sikeresen \u201ebelen\u0151tt\u201d a Marvel-univerzumba, \u00e9s az az\u00f3ta megjelent <a href=\"https:\/\/24.hu\/kultura\/2019\/07\/03\/pokember-idegenben-kritika-marvel-szuperhosfilm\/\" target=\"_blank\" rel=\"noopener nofollow\">Idegenben<\/a>, <a href=\"https:\/\/24.hu\/kultura\/2021\/12\/16\/pokember-nincs-hazaut-kritika-marvel-szuperhosfilm\/\" target=\"_blank\" rel=\"noopener nofollow\">Nincs haza\u00fat<\/a>, valamint a leg\u00fajabb, <a href=\"https:\/\/24.hu\/kultura\/2026\/08\/03\/pokember-vadonatuj-nap-kritika-tom-holland-zendaya\/\" target=\"_blank\" rel=\"noopener nofollow\">Vadonat\u00faj nap<\/a> c\u00edm\u0171 P\u00f3kember-filmekben is egyre hat\u00e1rozottabban form\u00e1lta meg MJ-t.<\/p>\n<p>Cs\u00f6ppet sem szeretn\u00e9nk Tom Holland \u00e9rdemeit al\u00e1becs\u00fclni, de tagadhatatlan, hogy Zendaya profit\u00e1lt nagyobbat a h\u00e1l\u00f3sz\u00f6v\u0151r\u0151l sz\u00f3l\u00f3 n\u00e9gy filmb\u0151l, n\u00e9pszer\u0171s\u00e9gben j\u00f3csk\u00e1n t\u00faln\u0151ve f\u00e9rj\u00e9n.<\/p>\n","protected":false},"excerpt":{"rendered":"Kis t\u00falz\u00e1ssal, naponta hallani olyan sz\u00edn\u00e9szekr\u0151l, akik gyereksz\u00edn\u00e9szk\u00e9nt kezdtek a Disney-n\u00e9l, majd elk\u00e9peszt\u0151 h\u00edrn\u00e9vre tettek szert, a karrierj\u00fck&hellip;\n","protected":false},"author":2,"featured_media":229132,"comment_status":"","ping_status":"","sticky":false,"template":"","format":"standard","meta":{"footnotes":"","_share_on_mastodon":"0"},"categories":[16],"tags":[3748,1216,137,7621,10101,44,42,40,43,41,18681,1231,25877,926,138,154,1424,1299],"class_list":["post-229131","post","type-post","status-publish","format-standard","has-post-thumbnail","category-szorakozas","tag-disney","tag-dune","tag-entertainment","tag-euforia","tag-filmipar","tag-hu","tag-hungarian","tag-hungary","tag-magyar","tag-magyarorszag","tag-odusszeia","tag-pokember","tag-sam-levinson","tag-szineszno","tag-szorakozas","tag-szuletesnap","tag-toplista","tag-zendaya"],"share_on_mastodon":{"url":"https:\/\/pubeurope.com\/@hu\/117197758375400186","error":""},"_links":{"self":[{"href":"https:\/\/www.europesays.com\/hu\/wp-json\/wp\/v2\/posts\/229131","targetHints":{"allow":["GET"]}}],"collection":[{"href":"https:\/\/www.europesays.com\/hu\/wp-json\/wp\/v2\/posts"}],"about":[{"href":"https:\/\/www.europesays.com\/hu\/wp-json\/wp\/v2\/types\/post"}],"author":[{"embeddable":true,"href":"https:\/\/www.europesays.com\/hu\/wp-json\/wp\/v2\/users\/2"}],"replies":[{"embeddable":true,"href":"https:\/\/www.europesays.com\/hu\/wp-json\/wp\/v2\/comments?post=229131"}],"version-history":[{"count":0,"href":"https:\/\/www.europesays.com\/hu\/wp-json\/wp\/v2\/posts\/229131\/revisions"}],"wp:featuredmedia":[{"embeddable":true,"href":"https:\/\/www.europesays.com\/hu\/wp-json\/wp\/v2\/media\/229132"}],"wp:attachment":[{"href":"https:\/\/www.europesays.com\/hu\/wp-json\/wp\/v2\/media?parent=229131"}],"wp:term":[{"taxonomy":"category","embeddable":true,"href":"https:\/\/www.europesays.com\/hu\/wp-json\/wp\/v2\/categories?post=229131"},{"taxonomy":"post_tag","embeddable":true,"href":"https:\/\/www.europesays.com\/hu\/wp-json\/wp\/v2\/tags?post=229131"}],"curies":[{"name":"wp","href":"https:\/\/api.w.org\/{rel}","templated":true}]}}