{"id":229175,"date":"2026-09-01T21:52:12","date_gmt":"2026-09-01T21:52:12","guid":{"rendered":"https:\/\/www.europesays.com\/hu\/229175\/"},"modified":"2026-09-01T21:52:12","modified_gmt":"2026-09-01T21:52:12","slug":"14-evesen-repulot-epitett-a-kovetkezo-einstein-sabrina-gonzalez-pasterski-fejti-meg-az-univerzum-kodjat","status":"publish","type":"post","link":"https:\/\/www.europesays.com\/hu\/229175\/","title":{"rendered":"14 \u00e9vesen rep\u00fcl\u0151t \u00e9p\u00edtett \u201ea k\u00f6vetkez\u0151 Einstein\u201d: Sabrina Gonz\u00e1lez Pasterski fejti meg az univerzum k\u00f3dj\u00e1t?"},"content":{"rendered":"<p>Az univerzum le\u00edrhat\u00f3 hologramk\u00e9nt? Sabrina Gonz\u00e1lez Pasterski kvantumfizikus szerint igen. Laikusk\u00e9nt megh\u00f6kkent\u0151nek t\u0171nik az \u00e1ll\u00edt\u00e1s, \u00e1m a 33 \u00e9ves tud\u00f3st nem ok n\u00e9lk\u00fcl emlegetik \u201ea k\u00f6vetkez\u0151 Einsteink\u00e9nt\u201d. Pasterski m\u00e1r kamaszk\u00e9nt beker\u00fclt az USA term\u00e9szettudom\u00e1nyos \u00e9s technol\u00f3giai cs\u00facsegyetem\u00e9re (MIT), az els\u0151 kutat\u00e1s\u00e1t Stephen Hawking is id\u00e9zte, a vil\u00e1g egyik legnagyobb techm\u00e1gn\u00e1sa, Jeff Bezos pedig \u00e1ll\u00e1st aj\u00e1nlott neki \u2013 amit Pasterski elutas\u00edtott, hogy az univerzum titkait tanulm\u00e1nyozhassa.\u00a0S\u00e1ndor Anna \u00edr\u00e1sa.\u00a0<\/p>\n<p style=\"text-align: center;\">\u2013<\/p>\n<p dir=\"ltr\">Mi lehet \u201eaz univerzum forr\u00e1sk\u00f3dja\u201d? Sabrina Gonz\u00e1lez Pasterski fogalmaz \u00edgy, akit korunk egyik tud\u00f3szsenijek\u00e9nt emlegetnek, \u00e9s aki olyan probl\u00e9m\u00e1k megold\u00e1s\u00e1n dolgozik, amiket a legnagyobb kopony\u00e1k jeleztek el\u0151re vagy hagytak maguk ut\u00e1n megoldatlanul.<\/p>\n<p dir=\"ltr\"><a style=\"border-bottom: none; background: none;\" href=\"https:\/\/wmn.jegy.hu\/program\/184129\" target=\"_blank\" rel=\"nofollow noopener\"><img decoding=\"async\" src=\"https:\/\/www.europesays.com\/hu\/wp-content\/uploads\/2026\/09\/00403496.jpeg\" style=\"display: block; margin: 20px auto;\" alt=\"WMN Fesztiv\u00e1l 2026\"\/><\/a><\/p>\n<p dir=\"ltr\">Pasterskit viszont a nagy kih\u00edv\u00e1sok sohasem t\u00e1ntor\u00edtott\u00e1k el: gyerekk\u00e9nt popszt\u00e1r akart lenni, \u00e1m miut\u00e1n elolvasta a Harry Potter-k\u00f6nyveket, rep\u00fclni szeretett volna. Minden itt kezd\u0151d\u00f6tt.<\/p>\n<p>&#13;<\/p>\n<p dir=\"ltr\">\u201eBe akartam szerezni egy rep\u00fcl\u0151 sepr\u0171t \u2013 ehelyett az ap\u00e1m \u00e9s nagyap\u00e1m ker\u00edtett nekem egy Cessna kisrep\u00fcl\u0151t\u201d<\/p>\n<p>&#13;<\/p>\n<p dir=\"ltr\">\u2013 <a href=\"https:\/\/physics.mit.edu\/news\/on-the-hunt-for-the-source-code-of-the-universe\/\" target=\"_blank\" rel=\"nofollow noopener\">mes\u00e9lte<\/a>\u00a0volt egyeteme alumni \u00fajs\u00e1gj\u00e1nak.\u00a0A kis Pasterski nem el\u00e9gedett meg annyival, hogy rep\u00fcl\u00e9si \u00f3r\u00e1kat vegyen, hanem 2006-ban hozz\u00e1l\u00e1tott els\u0151 rep\u00fcl\u0151g\u00e9pe meg\u00e9p\u00edt\u00e9s\u00e9hez. Egy \u00e9vvel k\u00e9s\u0151bb Kanad\u00e1ban egyed\u00fcl is felsz\u00e1llt saj\u00e1t merevsz\u00e1rny\u00fa, egymotoros Cessna 150-es\u00e9vel, 2008-ban pedig a g\u00e9p\u00e9t rep\u00fcl\u00e9sre alkalmasnak min\u0151s\u00edtett\u00e9k. M\u00e9g akkor \u00e1ll\u00e1saj\u00e1nlatot kapott az Amazon-tulajdonos techm\u00e1gn\u00e1s Jeff Bezost\u00f3l (Pasterski ide\u00a0<a href=\"https:\/\/physicsgirl.com\/blue.jpg\" rel=\"nofollow noopener\" target=\"_blank\">felt\u00f6lt\u00f6tte az eredeti<\/a>\u00a0levelet), amit elutas\u00edtott. <\/p>\n<p>&#13;<\/p>\n<p dir=\"ltr\">Nem techmilli\u00e1rdosok vagyon\u00e1t akarta gyarap\u00edtani, hanem min\u00e9l t\u00f6bbet tudni az univerzumr\u00f3l. Ekkor volt 14 \u00e9ves.<\/p>\n<p>&#13;<\/p>\n<p dir=\"ltr\">Elmond\u00e1sa\u00a0<a href=\"https:\/\/physicsgirl.com\/1.pdf\" target=\"_blank\" rel=\"nofollow noopener\">szerint<\/a> az\u00f3ta is \u0151 a legfiatalabb ember, aki nemcsak meg\u00e9p\u00edtett egy rep\u00fcl\u0151t (hiszen ezt m\u00e1r fi\u00fak is megtett\u00e9k el\u0151tte), hanem hivatalos <a href=\"https:\/\/airport-data.com\/aircraft\/N5886Q\" rel=\"nofollow noopener\" target=\"_blank\">enged\u00e9lyt<\/a> is kapott, hogy haszn\u00e1lja, azaz arr\u00f3l, hogy a g\u00e9p biztons\u00e1gosan rep\u00fcl. A folyamatr\u00f3l h\u00e1zivide\u00f3t is k\u00e9sz\u00edtett, amit megn\u00e9zhetsz a YouTube-oldal\u00e1n:<\/p>\n<p dir=\"ltr\">\n<p dir=\"ltr\">A t\u00f6rt\u00e9nete leny\u0171g\u00f6z\u0151, de itt is l\u00e1that\u00f3, mennyit sz\u00e1m\u00edt a t\u00e1mogat\u00f3 k\u00f6zeg m\u00e9g egy zseni indul\u00e1s\u00e1ban is. B\u00e1r az elm\u00falt \u00e9vtizedekben sokat javult a n\u0151k ar\u00e1nya a STEM-ter\u00fcleteken (term\u00e9szettudom\u00e1ny, technol\u00f3gia, m\u00e9rn\u00f6ki tudom\u00e1nyok, matematika) a fels\u0151oktat\u00e1sban, a kutat\u00e1sban \u00e9s a munkaer\u0151piacon is, m\u00e9g mindig megfigyelhet\u0151 az a sztereotip t\u00e9vhit, hogy ezek a tudom\u00e1nyok a l\u00e1nyoknak nem mennek vagy nem val\u00f3k nekik. Az ezen n\u00e9zetb\u0151l fakad\u00f3, jobb esetben j\u00f3sz\u00e1nd\u00e9k\u00fa tan\u00e1csok, rossz esetben ak\u00e1r g\u00fanyol\u00f3d\u00e1sok pedig \u00f6nmagukat beteljes\u00edtve b\u00e1tortalan\u00edtj\u00e1k el a f\u00e9rfiasnak kiki\u00e1ltott ter\u00fcletekt\u0151l m\u00e1r kisgyerekkorukban a n\u0151ket (<a href=\"https:\/\/wmn.hu\/long\/62451-lanyok-es-a-termeszettudomany--miert-veszik-el-a-kedvuket-tole\" target=\"_blank\" rel=\"nofollow noopener\">itt besz\u00e9lgett\u00fcnk a probl\u00e9m\u00e1r\u00f3l<\/a>) \u2013 mik\u00f6zben sz\u00e1mos <a href=\"https:\/\/wmn.hu\/ugy\/53931-kislanyom-te-szep-legyel-ne-mernok--falak-amelyek-gatoljak-a-noket-az-elorejutasban-a-termeszettudomanyos-es-muszaki-palyakon-\" target=\"_blank\" rel=\"nofollow noopener\">t\u00f6rt\u00e9nelmi<\/a> \u00e9s m\u00e1ra sz\u00e1mtalan kort\u00e1rs ellenp\u00e9lda sorakozik fel a t\u00e9vhit c\u00e1folatak\u00e9nt.\u00a0<\/p>\n<p dir=\"ltr\">Ilyen p\u00e9lda Pasterski\u00e9 is, akinek az apja hitt annyira a l\u00e1ny\u00e1ban, hogy ne egy gyerek m\u00faland\u00f3 szesz\u00e9lyek\u00e9nt kezelje fokoz\u00f3d\u00f3 rep\u00fcl\u00e9sm\u00e9rn\u00f6ki \u00e9rdekl\u0151d\u00e9s\u00e9t.\u00a0<\/p>\n<p>Amikor\u00a0Stephen Hawking hivatkozza a munk\u00e1dat<\/p>\n<p dir=\"ltr\">Pasterski 1993-ban sz\u00fcletett egy kubai-amerikai anya \u00e9s egy lengyel-amerikai apa gyermekek\u00e9nt, a sz\u00fclei mindketten \u00fcgyv\u00e9dek. <a href=\"https:\/\/timesofindia.indiatimes.com\/women\/voices-of-power\/meet-sabrina-gonzalez-pasterski-harvards-next-albert-einstein-who-has-rejected-million-dollar-offers-from-the-likes-of-jeff-bezos\/articleshow\/132264048.cms\" target=\"_blank\" rel=\"nofollow noopener\">Chicag\u00f3ban<\/a> n\u0151tt fel, \u00e9s m\u00e1r ott halmozni kezdte a tanulm\u00e1nyi sikereket. Amikor 2009-ben jelentkezett az amerikai m\u00e9rn\u00f6ki \u00e9s term\u00e9szettudom\u00e1nyos cs\u00facsegyetemre, az MIT-re, v\u00e1r\u00f3list\u00e1ra tett\u00e9k, egy mentor seg\u00edts\u00e9g\u00e9vel azonban siker\u00fclt \u00fagy k\u00e9peznie mag\u00e1t, hogy v\u00e9g\u00fcl 16 \u00e9vesen elkezdhette a fels\u0151fok\u00fa tanulm\u00e1nyait. \u00c9vfolyamels\u0151k\u00e9nt, minden t\u00e1rgyb\u00f3l sz\u00ednjelessel v\u00e9gezte el a fizika szakot, gyakornokk\u00e9nt dolgozott a NASA Kennedy \u0170rk\u00f6zpontj\u00e1ban \u00e9s a vil\u00e1g legnagyobb r\u00e9szecskefizikai laborat\u00f3rium\u00e1ban, a CERN-ben, valamint \u0151 lett az els\u0151 n\u0151, aki elnyerte az egyetem rangos Orloff-\u00f6szt\u00f6nd\u00edj\u00e1t.<\/p>\n<p dir=\"ltr\">A rep\u00fcl\u0151m\u00e9rn\u00f6ks\u00e9g viszont csal\u00f3d\u00e1st okozott neki. Ahogy a <a href=\"https:\/\/www.wired.com\/story\/women-in-science-sabrina-gonzalez-pasterski\/\" target=\"_blank\" rel=\"nofollow noopener\">Wired<\/a>nak elmondta, \u201emindenki csak a dr\u00f3nokkal akart j\u00e1tszani\u201d, a quadcopterek viszont az \u0151 fant\u00e1zi\u00e1j\u00e1t egy\u00e1ltal\u00e1n nem ind\u00edtott\u00e1k be, \u00e9s \u00fagy \u00e9rezte, a rep\u00fcl\u0151m\u00e9rn\u00f6ks\u00e9g stagn\u00e1l\u00f3 ter\u00fclet.\u00a0<\/p>\n<p>&#13;<br \/>\n&#13;<\/p>\n<p dir=\"ltr\">Az is aggasztotta, milyen er\u0151s szem\u00e9lyis\u00e9gekkel kellene majd megk\u00fczdenie a \u0171rrep\u00fcl\u0151iparban. \u201eMindig att\u00f3l tartottam, hogy valami rossz t\u00f6rt\u00e9nik, \u00e9s ezek a mag\u00e1nt\u0151ke-befektet\u0151k egyszer\u0171en t\u00f6nkreteszik az eg\u00e9sz ipar\u00e1gat. T\u00e9nyleg nagyon akarnod kell az eg\u00e9szet ahhoz, hogy ilyen \u00fcgyfelekkel foglalkozz\u201d \u2013 tette hozz\u00e1, utalva a milli\u00e1rdosokra, akik jelenleg meghat\u00e1rozz\u00e1k a rak\u00e9t\u00e1k \u00e9s az \u0171rrep\u00fcl\u00e9s vil\u00e1g\u00e1t.<\/p>\n<p dir=\"ltr\">Ott \u00e1llt teh\u00e1t, az MIT \u00e9ltanul\u00f3jak\u00e9nt, \u00e9s el kellett d\u00f6ntenie, hogy ha nem a rep\u00fcl\u00e9s, akkor merre tov\u00e1bb. V\u00e9g\u00fcl az seg\u00edtett neki, amikor r\u00e1j\u00f6tt, hogy mindazok szerint, akiket nagyra tart, a fizika szuper\u00e9rdekes.<\/p>\n<p>&#13;<\/p>\n<p dir=\"ltr\">\u201eN\u00e9ha nem az\u00e9rt v\u00e1lasztasz egy ter\u00fcletet, mert szerinted men\u0151, hanem az\u00e9rt, mert azok az emberek, akiket te men\u0151nek tartasz, men\u0151nek tartj\u00e1k\u201d<\/p>\n<p>&#13;<\/p>\n<p dir=\"ltr\">\u2013 viccel\u0151d\u00f6tt a Wired interj\u00faj\u00e1ban. A doktori fokozat\u00e1t ezut\u00e1n a Harvardon szerezte meg, posztdoktori \u00f6szt\u00f6nd\u00edjask\u00e9nt dolgozott a Princeton Egyetemen, majd 2021-ben az int\u00e9zm\u00e9ny valaha volt legfiatalabb kutat\u00f3jak\u00e9nt \u00e9s az akkori st\u00e1bban dolgoz\u00f3 h\u00e1rom n\u0151 egyikek\u00e9nt csatlakozott a kanadai elm\u00e9leti fizikai kutat\u00f3int\u00e9zethez, a Perimeter Institute-hoz.<\/p>\n<p dir=\"ltr\">Karrierje sor\u00e1n Jeff Bezos mellett elutas\u00edtotta a Google-t \u00e9s a Met\u00e1t is, nincs Facebook-, Instagram vagy X-fi\u00f3kja. A k\u00f6r\u00fcl\u00f6tte fel-felhabz\u00f3 hype is zavarba ejti. Miut\u00e1n egy \u00fajs\u00e1gcikk a k\u00f6vetkez\u0151 Einsteinnek nevezte, a <a href=\"https:\/\/physicsgirl.com\/\" target=\"_blank\" rel=\"nofollow noopener\">honlapj\u00e1n<\/a> azt \u00edrta: \u201eEln\u00e9z\u00e9st a megnevez\u00e9s miatt, \u00fagy t\u0171nik, a mentoraim csillag\u00e1szati magass\u00e1gokba t\u00f6r\u0151 rem\u00e9nyeket f\u0171znek hozz\u00e1m.\u201d<\/p>\n<p dir=\"ltr\">Csendesen v\u00e9gezte teh\u00e1t a kutat\u00e1sait, 2016-ban pedig m\u00e1r Stephen Hawking <a href=\"https:\/\/arxiv.org\/pdf\/1601.00921\" target=\"_blank\" rel=\"nofollow noopener\">hivatkozta<\/a> a munk\u00e1j\u00e1t.<\/p>\n<p dir=\"ltr\">\n<p>Mi k\u00f6ze a vil\u00e1gmindens\u00e9g k\u00f3dj\u00e1nak a hologramhoz?<\/p>\n<p dir=\"ltr\">M\u00e9g a harvardi \u00e9veiben, 2014-ben Pasterski \u00e9s koll\u00e9g\u00e1i felfedezt\u00e9k az \u00fagynevezett spinmem\u00f3ria-hat\u00e1st, amely egy olyan jelens\u00e9g, amely sor\u00e1n az \u0171rbe sug\u00e1rzott gravit\u00e1ci\u00f3s hull\u00e1mok maradand\u00f3 v\u00e1ltoz\u00e1st hagynak maguk ut\u00e1n a t\u00e9rid\u0151 szerkezet\u00e9ben (<a href=\"https:\/\/www.youtube.com\/watch?v=j1m3MXldepk\" target=\"_blank\" rel=\"nofollow noopener\">itt<\/a> \u00e9s <a href=\"https:\/\/www.quantamagazine.org\/gravitational-waves-should-permanently-distort-space-time-20211208\/\" target=\"_blank\" rel=\"nofollow noopener\">itt<\/a> j\u00f3l elmagyar\u00e1zz\u00e1k). A jelens\u00e9g l\u00e9tez\u00e9s\u00e9t m\u00e1r Albert Einstein el\u0151re jelezte az \u00e1ltal\u00e1nos relativit\u00e1selm\u00e9let\u00e9ben \u2013 mintegy sz\u00e1z \u00e9vvel k\u00e9s\u0151bb pedig Pasterski\u00e9knek siker\u00fclt bizony\u00edtania.<\/p>\n<p dir=\"ltr\">Ez biztos\u00edtotta Pasterski sz\u00e1m\u00e1ra az akad\u00e9miai szabads\u00e1got, \u00edgy 2015-ben \u00f6n\u00e1ll\u00f3 tanulm\u00e1nyban publik\u00e1lhatta eredm\u00e9nyeit. Ezt a tanulm\u00e1nyt, valamint k\u00e9t olyan publik\u00e1ci\u00f3t, amelyeknek t\u00e1rsszerz\u0151je volt, <a href=\"https:\/\/arxiv.org\/pdf\/1601.00921\" target=\"_blank\" rel=\"nofollow noopener\">id\u00e9zte<\/a>\u00a0Stephen Hawking a fekete lyukak kapcs\u00e1n.<\/p>\n<p>&#13;<\/p>\n<p dir=\"ltr\">Pasterski teh\u00e1t elm\u00e9leti r\u00e9szecskefizikusk\u00e9nt kutatja a kvantumgravit\u00e1ci\u00f3t \u2013 azaz a gravit\u00e1ci\u00f3 elm\u00e9let\u00e9t a kvantummechanika alapelveivel igyekszik egyes\u00edteni. A k\u00e9t elm\u00e9let ugyanis ma m\u00e9g ellentmond egym\u00e1snak, \u00e1m ha siker\u00fclne \u0151ket \u00f6sszehozni, az felt\u00e1rhatn\u00e1 az univerzum m\u0171k\u00f6d\u00e9s\u00e9t, vagy az univerzum forr\u00e1sk\u00f3dj\u00e1t, ahogy Pasterski fogalmaz.<\/p>\n<p>&#13;<\/p>\n<p dir=\"ltr\">Jelenleg a <a href=\"https:\/\/perimeterinstitute.ca\/research\/research-centres-and-initiatives\/celestial-holography-initiative\" target=\"_blank\" rel=\"nofollow noopener\">Celestial Holography Initiative<\/a> (\u00c9gi\/\u0170rb\u00e9li Hologr\u00e1fia Kezdem\u00e9nyez\u00e9s) nev\u0171 kutat\u00f3csoport vezet\u0151je. Ez a komplex projekt a fizikai univerzum meg\u00e9rt\u00e9s\u00e9re t\u00f6rekszik az\u00e1ltal, hogy \u201ea holografikus elvet olyan t\u00e9rid\u0151kre alkalmazza, amelyekben elt\u0171nik a kozmol\u00f3giai \u00e1lland\u00f3\u201d. Azaz, nagyon leegyszer\u0171s\u00edtve az \u0151 megk\u00f6zel\u00edt\u00e9s\u00fck az, hogy mi van, ha a rettenetesen komplex n\u00e9gydimenzi\u00f3s val\u00f3s\u00e1gunk le\u00edrhat\u00f3 egy k\u00e9tdimenzi\u00f3s fel\u00fcleten. Vagy m\u00e1sk\u00e9ppen: mi van, ha a n\u00e9gydimenzi\u00f3s val\u00f3s\u00e1gunk meg\u00e9rthet\u0151 \u00fagy, ahogyan a hologram m\u0171k\u00f6dik. (<a href=\"https:\/\/www.youtube.com\/watch?v=-j9Fv0bGk18\" target=\"_blank\" rel=\"nofollow noopener\">Ezt a vide\u00f3t<\/a> is aj\u00e1nlom a lenti mellett.)<\/p>\n<p dir=\"ltr\">\n<p dir=\"ltr\">Ha elveszettnek \u00e9rzed magad a meg\u00e9rt\u00e9si folyamatban, nem vagy egyed\u00fcl :). Pasterski <a href=\"https:\/\/physics.mit.edu\/news\/on-the-hunt-for-the-source-code-of-the-universe\/\" target=\"_blank\" rel=\"nofollow noopener\">becsl\u00e9se szerint<\/a> a vil\u00e1gon val\u00f3sz\u00edn\u0171leg mind\u00f6ssze n\u00e9h\u00e1ny ezer ember van, akivel \u00e9rdemben besz\u00e9lgetni tud a fizik\u00e1ban v\u00e9gzett munk\u00e1j\u00e1r\u00f3l. \u00c1m ezen a k\u00f6z\u00f6ss\u00e9gen bel\u00fcl a munka a szoros egy\u00fcttm\u0171k\u00f6d\u00e9sen alapul:<\/p>\n<p>&#13;<\/p>\n<p dir=\"ltr\">\u201eValami n\u00e1lad sokkal nagyobbat \u00e9p\u00edtesz.\u201d<\/p>\n<p>&#13;<\/p>\n<p style=\"text-align: right;\">\n\t\t\t\t\t\t\t<a href=\"https:\/\/wmn.hu\/szerzo\/sandor-anna\/\" class=\"section-color\" style=\"text-decoration: none;\" rel=\"nofollow noopener\" target=\"_blank\">S\u00e1ndor Anna<\/a>\n\t\t\t\t\t\t<\/p>\n<p>A kiemelt k\u00e9p forr\u00e1sa:\u00a0Perimeter Institute \/ Gabriela Secara<\/p>\n<p>\t\t\t\t\t\tV\u00e1runk a WMN-Tags\u00e1gba!<\/p>\n<p>A WMN igazod\u00e1si pont egy keszekusza vil\u00e1gban, \u00e9s egy l\u00e9legzetv\u00e9telnyi nyugalom a fesz\u00fclts\u00e9g t\u00e1rsadalm\u00e1ban.  Reag\u00e1lunk a t\u00e1rsadalomra \u00e9s a vil\u00e1gra, amelyben \u00e9l\u00fcnk. Figyel\u00fcnk a k\u00f6z\u00f6s \u00fcgyeinkre, a k\u00f6z\u00f6ss\u00e9gi \u00e9s mag\u00e1n\u00e9leti tereinkben zajl\u00f3, mindannyiunk \u00e9let\u00e9t meghat\u00e1roz\u00f3 folyamatokra \u00e9s figyel\u00fcnk r\u00e1d. Ha szeretn\u00e9d, hogy megmaradjunk, \u00e9s tov\u00e1bbra is l\u00e9tezz\u00fcnk, t\u00e1mogass minket a tags\u00e1ggal, \u00e9s f\u00e9rj hozz\u00e1 minden tartalmunkhoz!<\/p>\n","protected":false},"excerpt":{"rendered":"Az univerzum le\u00edrhat\u00f3 hologramk\u00e9nt? Sabrina Gonz\u00e1lez Pasterski kvantumfizikus szerint igen. Laikusk\u00e9nt megh\u00f6kkent\u0151nek t\u0171nik az \u00e1ll\u00edt\u00e1s, \u00e1m a 33&hellip;\n","protected":false},"author":2,"featured_media":229176,"comment_status":"","ping_status":"","sticky":false,"template":"","format":"standard","meta":{"footnotes":"","_share_on_mastodon":"0"},"categories":[8],"tags":[5063,42,4682,43,34,60777,60776,124,94,93,92,49362],"class_list":["post-229175","post","type-post","status-publish","format-standard","has-post-thumbnail","category-vilag","tag-hologram","tag-hungarian","tag-kvantumfizika","tag-magyar","tag-news","tag-sabrina-gonzalez-pasterski","tag-stephen-hawking","tag-tudomany","tag-vilag","tag-world","tag-world-news","tag-zseni"],"share_on_mastodon":{"url":"https:\/\/pubeurope.com\/@hu\/117198005934789695","error":""},"_links":{"self":[{"href":"https:\/\/www.europesays.com\/hu\/wp-json\/wp\/v2\/posts\/229175","targetHints":{"allow":["GET"]}}],"collection":[{"href":"https:\/\/www.europesays.com\/hu\/wp-json\/wp\/v2\/posts"}],"about":[{"href":"https:\/\/www.europesays.com\/hu\/wp-json\/wp\/v2\/types\/post"}],"author":[{"embeddable":true,"href":"https:\/\/www.europesays.com\/hu\/wp-json\/wp\/v2\/users\/2"}],"replies":[{"embeddable":true,"href":"https:\/\/www.europesays.com\/hu\/wp-json\/wp\/v2\/comments?post=229175"}],"version-history":[{"count":0,"href":"https:\/\/www.europesays.com\/hu\/wp-json\/wp\/v2\/posts\/229175\/revisions"}],"wp:featuredmedia":[{"embeddable":true,"href":"https:\/\/www.europesays.com\/hu\/wp-json\/wp\/v2\/media\/229176"}],"wp:attachment":[{"href":"https:\/\/www.europesays.com\/hu\/wp-json\/wp\/v2\/media?parent=229175"}],"wp:term":[{"taxonomy":"category","embeddable":true,"href":"https:\/\/www.europesays.com\/hu\/wp-json\/wp\/v2\/categories?post=229175"},{"taxonomy":"post_tag","embeddable":true,"href":"https:\/\/www.europesays.com\/hu\/wp-json\/wp\/v2\/tags?post=229175"}],"curies":[{"name":"wp","href":"https:\/\/api.w.org\/{rel}","templated":true}]}}