{"id":229229,"date":"2026-09-01T22:44:08","date_gmt":"2026-09-01T22:44:08","guid":{"rendered":"https:\/\/www.europesays.com\/hu\/229229\/"},"modified":"2026-09-01T22:44:08","modified_gmt":"2026-09-01T22:44:08","slug":"lemondta-a-valogatottsagot-a-nemetek-ketszeres-bl-gyoztes-vedoje","status":"publish","type":"post","link":"https:\/\/www.europesays.com\/hu\/229229\/","title":{"rendered":"Lemondta a v\u00e1logatotts\u00e1got a n\u00e9metek k\u00e9tszeres BL-gy\u0151ztes v\u00e9d\u0151je"},"content":{"rendered":"<p>Miut\u00e1n N\u00e9metorsz\u00e1g <a target=\"_blank\" href=\"https:\/\/24.hu\/sport\/foci\/2026\/06\/29\/foci-vb-2026-nemetorszag-paraguay-elo\/\" rel=\"nofollow noopener\">a vil\u00e1gbajnoks\u00e1gon tizenegyesekkel kiesett Paraguay ellen<\/a>, Antonio R\u00fcdigernek k\u00e9t h\u00f3napra volt sz\u00fcks\u00e9ge, hogy eld\u00f6ntse, hogyan k\u00e9pzeli a j\u00f6v\u0151j\u00e9t.<\/p>\n<p>Nos, 16 nappal a Hollandia, G\u00f6r\u00f6gorsz\u00e1g \u00e9s Szerbia elleni Nemzetek Lig\u00e1ja-m\u00e9rk\u0151z\u00e9sek kerethirdet\u00e9se el\u0151tt a Real Madrid v\u00e9d\u0151je az Instagramon bejelentette: t\u00f6bb mint tizenk\u00e9t \u00e9v ut\u00e1n visszavonul a n\u00e9met v\u00e1logatotts\u00e1gt\u00f3l.<\/p>\n<p>N\u00e9mi \u00e1tgondol\u00e1s ut\u00e1n elj\u00f6tt az ideje, hogy befejezzem a v\u00e1logatottbeli p\u00e1lyafut\u00e1somat, \u00e9s utat adjak a fiatalabb gener\u00e1ci\u00f3nak<\/p>\n<p>\u2013 \u00edrta R\u00fcdiger.<\/p>\n<p>Meghat\u00e1roz\u00f3 id\u0151szak<\/p>\n<p>A berlini sz\u00fclet\u00e9s\u0171 j\u00e1t\u00e9kos a 2014-es vil\u00e1gbajnoks\u00e1g el\u0151tt \u2013 m\u00e1jus 13-\u00e1n a Lengyelorsz\u00e1g elleni 0-0-s d\u00f6ntetlen sor\u00e1n \u2013 deb\u00fct\u00e1lt, de akkor nem lett v\u00e9g\u00fcl tagja a vb-aranyig menetel\u0151 egy\u00fcttesnek.<\/p>\n<p>\u201eAmikor 2014-ben el\u0151sz\u00f6r \u00f6lthettem magamra a v\u00e1logatott mezt, a legvadabb \u00e1lmaimban sem gondoltam volna, hogy ez v\u00e9g\u00fcl 86 szerepl\u00e9shez vezet.\u201d<\/p>\n<p>R\u00fcdiger \u00f6t nagyobb esem\u00e9nyen vett r\u00e9szt, a legsikeresebb torn\u00e1ja a 2024-es Eur\u00f3pa-bajnoks\u00e1g volt, ahol a n\u00e9met v\u00e1logatott a negyedd\u00f6nt\u0151ig jutott, ahol hosszabb\u00edt\u00e1s ut\u00e1n kapott ki Spanyolorsz\u00e1gt\u00f3l.<\/p>\n<p>Annak ellen\u00e9re, hogy az elm\u00falt n\u00e9h\u00e1ny torn\u00e1n elmaradtunk a nagy sikert\u0151l, \u00e9s n\u00e9h\u00e1ny f\u00e1jdalmas veres\u00e9get szenvedt\u00fcnk, ez az id\u0151szak rendk\u00edv\u00fcl k\u00fcl\u00f6nleges fejezet volt \u00e9letemben, \u00e9s \u00f6r\u00f6kre meghat\u00e1roz\u00f3 lesz<\/p>\n<p>\u2013 magyar\u00e1zta R\u00fcdiger.<\/p>\n<p>Sikerek klubszinten<\/p>\n<p>A 33 \u00e9ves v\u00e9d\u0151 legnagyobb siker\u00e9t a 2017-es Konf\u00f6der\u00e1ci\u00f3s-kupa megnyer\u00e9s\u00e9vel aratta a nemzeti csapatban.<\/p>\n<p>Klubszinten sokkal sikeresebb volt, hiszen a Chelsea-vel \u00e9s a Real Madriddal is nyert Bajnokok Lig\u00e1j\u00e1t, illetve klubv\u00e9b\u00e9t, emellett 2018-19-ben r\u00e9szese volt az angol csapat Eur\u00f3pa Liga-gy\u0151zelm\u00e9nek, m\u00edg a Reallal 2024-ben spanyol bajnok lett.<\/p>\n","protected":false},"excerpt":{"rendered":"Miut\u00e1n N\u00e9metorsz\u00e1g a vil\u00e1gbajnoks\u00e1gon tizenegyesekkel kiesett Paraguay ellen, Antonio R\u00fcdigernek k\u00e9t h\u00f3napra volt sz\u00fcks\u00e9ge, hogy eld\u00f6ntse, hogyan k\u00e9pzeli&hellip;\n","protected":false},"author":2,"featured_media":229230,"comment_status":"","ping_status":"","sticky":false,"template":"","format":"standard","meta":{"footnotes":"","_share_on_mastodon":"0"},"categories":[14],"tags":[9406,378,44,42,40,502,43,41,18257,2310,45,131,515],"class_list":["post-229229","post","type-post","status-publish","format-standard","has-post-thumbnail","category-sport","tag-antonio-rudiger","tag-foci","tag-hu","tag-hungarian","tag-hungary","tag-labdarugas","tag-magyar","tag-magyarorszag","tag-nemet-valogatott","tag-real-madrid","tag-sport","tag-sports","tag-visszavonulas"],"share_on_mastodon":{"url":"https:\/\/pubeurope.com\/@hu\/117198210168755587","error":""},"_links":{"self":[{"href":"https:\/\/www.europesays.com\/hu\/wp-json\/wp\/v2\/posts\/229229","targetHints":{"allow":["GET"]}}],"collection":[{"href":"https:\/\/www.europesays.com\/hu\/wp-json\/wp\/v2\/posts"}],"about":[{"href":"https:\/\/www.europesays.com\/hu\/wp-json\/wp\/v2\/types\/post"}],"author":[{"embeddable":true,"href":"https:\/\/www.europesays.com\/hu\/wp-json\/wp\/v2\/users\/2"}],"replies":[{"embeddable":true,"href":"https:\/\/www.europesays.com\/hu\/wp-json\/wp\/v2\/comments?post=229229"}],"version-history":[{"count":0,"href":"https:\/\/www.europesays.com\/hu\/wp-json\/wp\/v2\/posts\/229229\/revisions"}],"wp:featuredmedia":[{"embeddable":true,"href":"https:\/\/www.europesays.com\/hu\/wp-json\/wp\/v2\/media\/229230"}],"wp:attachment":[{"href":"https:\/\/www.europesays.com\/hu\/wp-json\/wp\/v2\/media?parent=229229"}],"wp:term":[{"taxonomy":"category","embeddable":true,"href":"https:\/\/www.europesays.com\/hu\/wp-json\/wp\/v2\/categories?post=229229"},{"taxonomy":"post_tag","embeddable":true,"href":"https:\/\/www.europesays.com\/hu\/wp-json\/wp\/v2\/tags?post=229229"}],"curies":[{"name":"wp","href":"https:\/\/api.w.org\/{rel}","templated":true}]}}