{"id":229310,"date":"2026-09-02T00:13:14","date_gmt":"2026-09-02T00:13:14","guid":{"rendered":"https:\/\/www.europesays.com\/hu\/229310\/"},"modified":"2026-09-02T00:13:14","modified_gmt":"2026-09-02T00:13:14","slug":"index-fomo-ebben-a-balaton-parti-varosban-hatszor-tobbszor-loptak-a-nyaron-mint-mashol","status":"publish","type":"post","link":"https:\/\/www.europesays.com\/hu\/229310\/","title":{"rendered":"Index &#8211; FOMO &#8211; Ebben a Balaton-parti v\u00e1rosban hatszor t\u00f6bbsz\u00f6r loptak a ny\u00e1ron, mint m\u00e1shol"},"content":{"rendered":"<p>K\u00e9t h\u0151kupola \u00e9s a ny\u00e1r adta szabads\u00e1g alatt a nagyv\u00e1rosok ki\u00fcr\u00fclnek, m\u00edg a Balaton k\u00f6rny\u00e9ki telep\u00fcl\u00e9sek n\u00e9pess\u00e9ge megsokszoroz\u00f3dik. Legyen sz\u00f3 a K\u00e9kszalagr\u00f3l, a Balaton-\u00e1t\u00fasz\u00e1sr\u00f3l, egyszer\u0171 pihen\u00e9sr\u0151l vagy h\u0171s\u00f6l\u00e9sr\u0151l, a magyar tenger tov\u00e1bbra is sl\u00e1gernek sz\u00e1m\u00edt, ha hazai kikapcsol\u00f3d\u00e1sr\u00f3l van sz\u00f3. Egy h\u00f3nappal ezel\u0151tt m\u00e1r k\u00f6zelebbr\u0151l is  <a href=\"https:\/\/index.hu\/belfold\/2026\/07\/27\/balaton-nyaralas-pihenes-bunozes-bunugyi-terkep\/\" id=\"hyperlink_747d0a288c90cae8219568f51c5caced\" rel=\"nofollow noopener\" target=\"_blank\">megvizsg\u00e1ltuk<\/a>, hogy a t\u00f3 k\u00f6rny\u00e9k\u00e9n milyen t\u00edpus\u00fa b\u0171ncselekm\u00e9ny \u00e9s mennyire p\u00f6rg\u00f6tt fel a ny\u00e1r els\u0151 h\u00f3napj\u00e1ban.<\/p>\n<p>\n                          Az Orsz\u00e1gos Rend\u0151r-f\u0151kapit\u00e1nys\u00e1g (ORFK) hossz\u00fa ideje vezet a honlapj\u00e1n egy fert\u0151z\u00f6tts\u00e9gi t\u00e9rk\u00e9pet, ahol ugyan 30 napos cs\u00fasz\u00e1ssal, de v\u00e1rmegy\u00e9re, majd j\u00e1r\u00e1sra vet\u00edtve tekinthetj\u00fck meg, hogy 10 b\u0171ncselekm\u00e9nyt\u00edpusra lebontva mennyire is fert\u0151zte meg a b\u0171n az adott ter\u00fcletet. A k\u00f6vetkez\u0151 \u00f6ssze\u00e1ll\u00edt\u00e1sunkat is ennek a t\u00e9rk\u00e9pnek a felhaszn\u00e1l\u00e1s\u00e1val k\u00e9sz\u00edtett\u00fck, fontos azonban m\u00e1r a cikk elej\u00e9n lesz\u00f6gezn\u00fcnk, hogy az adatokat a rend\u0151rs\u00e9g a 100 ezer lakosra jut\u00f3 b\u0171ncselekm\u00e9nysz\u00e1mra vonatkoz\u00f3an jelen\u00edti meg. A t\u00e9rk\u00e9pen \u00e1br\u00e1zolt b\u0171n\u00fcgyi adatok t\u00e1j\u00e9koztat\u00f3 jelleg\u0171ek, \u00e9s nem tartalmazz\u00e1k azoknak a nyomoz\u00e1soknak az eredm\u00e9nyeit, amelyekben b\u00e1rmely inform\u00e1ci\u00f3 id\u0151 el\u0151tti nyilv\u00e1noss\u00e1gra hozatala s\u00e9rten\u00e9 a nyomoz\u00e1s \u00e9rdekeit.\n                        <\/p>\n<p>Ahogy a 2025-\u00f6s \u00e9v v\u00e9gi  <a href=\"https:\/\/dex.hu\/x.php?id=index_belfold_cikklink&amp;url=https%3A%2F%2Findex.hu%2Fbelfold%2F2025%2F12%2F23%2Fbunugyi-terkep-orszagos-rendorfokapitanysag-statisztika-buncselekmeny-heves-varmegye%2F\" id=\"hyperlink_14d256cb6b2b45cb0cf124bb05496536\" rel=\"nofollow noopener\" target=\"_blank\">\u00f6sszes\u00edt\u00e9s\u00fcnkb\u0151l<\/a>  kider\u00fclt, tavaly a Heves megyei rend\u0151r\u00f6k biztosan nem ismert\u00e9k az unalmas h\u00e9tk\u00f6znap fogalm\u00e1t, de Budapesten \u00e9s N\u00f3gr\u00e1dban is b\u0151ven volt dolguk az egyenruh\u00e1soknak. Most pedig az Index g\u00f3rcs\u0151 al\u00e1 vette, mi t\u00f6rt\u00e9nt eddig a ny\u00e1r legmelegebb napjaiban a Balaton kedvelt \u00fcd\u00fcl\u0151helyein.<\/p>\n<p>A k\u00e9pzeletbeli tr\u00f3n els\u0151 hely\u00e9re a k\u00f6zter\u00fcleten elk\u00f6vetett b\u0171ncselekm\u00e9nyek sz\u00e1m\u00e1t tekintve  Si\u00f3fok  ker\u00fcl, ami aligha meglep\u0151, hisz az m\u00e1r a kor\u00e1bbi cikk\u00fcnkb\u0151l kider\u00fclt, hogy itt bizony nem kev\u00e9s feladatuk akad a rend \u0151reinek. A b\u0171n\u00fcgyi fert\u0151z\u00f6tts\u00e9g t\u00e9rk\u00e9pe szerint a parthoz k\u00f6zeli utc\u00e1kban t\u00f6rt\u00e9ntek legink\u00e1bb ezek a b\u0171ncselekm\u00e9nyek, ami viszont meglepet\u00e9sre adhat okot, hogy milyen s\u0171r\u0171s\u00e9ggel. M\u00edg Si\u00f3fok ter\u00fclet\u00e9n 75 alkalommal int\u00e9zkedtek az egyenruh\u00e1sok ilyen \u00fcgyb\u0151l fakad\u00f3an, addig a dobog\u00f3 m\u00e1sodik hely\u00e9n l\u00e9v\u0151  Balatonf\u00fcredn\u00e9l  ez a sz\u00e1m mind\u00f6ssze 22.\u00a0<\/p>\n<p>\n                          G\u00e9pkocsilop\u00e1sok ter\u00e9n a Balaton partja eg\u00e9szen j\u00f3l teljes\u00edtett, hiszen j\u00faniusban \u00e9s j\u00faliusban \u00f6sszesen csak \u00f6t ilyen esetet regisztr\u00e1ltak, ebb\u0151l csak h\u00e1rmat Als\u00f3\u00f6rs\u00f6n. Lak\u00e1sbet\u00f6r\u00e9s miatt sem kellett sokszor kivonulniuk a rend\u0151r\u00f6knek, mivel csak 1-1 alkalom akadt Si\u00f3fokon \u00e9s Balatonkenes\u00e9n. Nem \u00fagy, mint gar\u00e1zdas\u00e1g \u00e9s rendbont\u00e1s miatt, 13 olyan eset volt, amelyek sor\u00e1n Si\u00f3fok belv\u00e1ros\u00e1ban \u00e9s sz\u00f3rakoz\u00f3helyekkel teli ter\u00fcletein kellett int\u00e9zkedni\u00fck az egyenruh\u00e1soknak. Ez aligha lehet meglep\u0151, hiszen m\u00e1r kor\u00e1bban is annyi esetet regisztr\u00e1ltak az ORFK adatb\u00e1zis\u00e1ban, hogy szinte kitakart\u00e1k a z\u00f6ld jel\u00f6l\u0151 pontok a v\u00e1rost a t\u00e9rk\u00e9pr\u0151l. A sz\u00e1m az\u00e9rt is t\u0171nhet meglep\u0151en magasnak, mert a m\u00e1sodik helyen Fony\u00f3d \u00e1ll a maga szer\u00e9ny hat gar\u00e1zdas\u00e1gi \u00fcgy\u00e9vel ugyanebben az id\u0151szakban.\u00a0\n                        <\/p>\n<p>A lop\u00e1sok sz\u00e1m\u00e1t tekintve a t\u00f3 keleti fel\u00e9t\u0151l a nyugati partj\u00e1ig akadt dolga a rend \u0151reinek b\u0151ven, de Si\u00f3fok itt is kiemelked\u0151en teljes\u00edtett, hiszen \u00e1tlagosan hatszor t\u00f6bb lop\u00e1st k\u00f6vettek el itt, mint m\u00e1shol.<\/p>\n<p>\n                          K\u00e1r Si\u00f3fokot k\u00e9t h\u00f3napnyi adatsor alapj\u00e1n a k\u00f6rny\u00e9k Chicag\u00f3j\u00e1nak kiki\u00e1ltani, azonban m\u00e9gis mindenki sz\u00e1m\u00e1ra int\u0151jel lehet a k\u00e9th\u00f3napnyi adathalmaz: b\u00e1r mi szabads\u00e1gra ment\u00fcnk, a b\u0171nelk\u00f6vet\u0151k nem, \u00edgy \u00e9rdemes r\u00e9sen lenni, m\u00e9g miel\u0151tt egy apr\u00f3 figyelmetlens\u00e9g vagy meggondolatlan cselekedet az eg\u00e9sz pihen\u00e9s\u00fcnket t\u00f6nkretenn\u00e9.\n                        <\/p>\n<p>\n                          Ugyanakkor nem kell b\u0171n\u00fcgyekkel teli helysz\u00ednnek gondolni a magyar tengert, hiszen megyei bont\u00e1sban m\u00e1r alig t\u0171nnek kiemelked\u0151nek a Balatont \u00e9rint\u0151 megy\u00e9k. Zala, Veszpr\u00e9m \u00e9s Somogy v\u00e1rmegye is csak az er\u0151s k\u00f6z\u00e9pmez\u0151nyben tal\u00e1lta mag\u00e1t az orsz\u00e1gos list\u00e1n, az \u00f6sszes b\u0171ncselekm\u00e9nyre vet\u00edtve:\n                        <\/p>\n<p>                        Budapest 403,<br \/>\n                        J\u00e1sz-Nagykun-Szolnok v\u00e1rmegye 357,<br \/>\n                        N\u00f3gr\u00e1d v\u00e1rmegye 332,<br \/>\n                        Heves v\u00e1rmegye 298,<br \/>\n                        Szabolcs-Szatm\u00e1r-Bereg v\u00e1rmegye 281,<br \/>\n                        Tolna v\u00e1rmegye 265,<br \/>\n                        Borsod-Aba\u00faj-Zempl\u00e9n v\u00e1rmegye 256,<br \/>\n                        Gy\u0151r-Moson-Sopron v\u00e1rmegye 243,<br \/>\n                        B\u00e1cs-Kiskun v\u00e1rmegye 242,<br \/>\n                        Somogy v\u00e1rmegye 241,<br \/>\n                        Csongr\u00e1d-Csan\u00e1d v\u00e1rmegye 228,<br \/>\n                        Pest v\u00e1rmegye 222,<br \/>\n                        B\u00e9k\u00e9s v\u00e1rmegye 214,<br \/>\n                        Baranya v\u00e1rmegye 208,\u00a0<br \/>\n                        Fej\u00e9r v\u00e1rmegye 208,<br \/>\n                        Veszpr\u00e9m v\u00e1rmegye 207,<br \/>\n                        Kom\u00e1rom-Esztergom v\u00e1rmegye 193,<br \/>\n                        Hajd\u00fa-Bihar v\u00e1rmegye 186,\u00a0<br \/>\n                        Vas v\u00e1rmegye 186,<br \/>\n                        m\u00edg Zala v\u00e1rmegye 173 esetet regisztr\u00e1lt a vizsg\u00e1lt 60 nap alatt.<\/p>\n<p>\n                          (Bor\u00edt\u00f3k\u00e9p: Si\u00f3fok. Fot\u00f3: Shutterstock)\u00a0\n                        <\/p>\n<p><a href=\"https:\/\/dex.hu\/x.php?id=googlepref_desktop&amp;url=https:\/\/google.com\/preferences\/source?q=https:\/\/index.hu\" class=\"google-pref-banner \" id=\"googlePrefBanner\" rel=\"nofollow noopener\" target=\"_blank\"><\/p>\n<p>    Itt \u00e1ll\u00edtsa be, hogy az Index az els\u0151k k\u00f6z\u00f6tt legyen a Google-tal\u00e1latokban!<\/p>\n<p><\/a><\/p>\n<p>                <img decoding=\"async\" src=\"https:\/\/www.europesays.com\/hu\/wp-content\/uploads\/2026\/09\/1788307992_657_nemnormalis.png\" loading=\"lazy\" alt=\"Nemnorm\u00e1lis \u00fatjaim\"\/><\/p>\n<p>                So\u00f3s Gergely<br \/>\n                Nemnorm\u00e1lis \u00fatjaim<\/p>\n<p>Fedezd fel ezt a humoros, l\u00e1tv\u00e1nyos fot\u00f3kkal illusztr\u00e1lt k\u00f6nyvet, amely t\u00edz lebilincsel\u0151 utaz\u00e1sra visz el a bakancslist\u00e1n t\u00fal.<\/p>\n<p>                <a class=\"book_index_btn\" href=\"https:\/\/indexadhu.hit.gemius.pl\/hitredir?id=nSCbubuYpDWJZLZs0TssLrbt33Lk5kbipuiZrkg89G3.g7&amp;stparam=qcieeufqqk&amp;fastid=bvzowidfowmjtsegztqotwmdbwns&amp;nc=0&amp;url=https:\/\/www.indapresskiado.hu\/products\/nemnormalis-utjaim\" target=\"_blank\" rel=\"nofollow noopener\">\u00c9RDEKEL<\/a><\/p>\n<p>                <a href=\"https:\/\/indapresskiado.hu\/\" target=\"_blank\" rel=\"nofollow noopener\"><br \/>\n                    <img decoding=\"async\" src=\"https:\/\/index.hu\/assets\/images\/konyvajanlo\/book_indapress\/book_indapress_logo.svg\" loading=\"lazy\" alt=\"Inda Press Kiad\u00f3\"\/><br \/>\n                <\/a><\/p>\n<p>    <img loading=\"lazy\" decoding=\"async\" src=\"https:\/\/www.europesays.com\/hu\/wp-content\/uploads\/2026\/09\/1788307994_272_redot.gif\" border=\"0\" height=\"0\" width=\"0\"\/><\/p>\n<p>    <img decoding=\"async\" src=\"https:\/\/index.hu\/assets\/images\/social-follow\/logo-big.svg\" alt=\"Index.hu logo\"\/><\/p>\n<p>K\u00f6vesse az Indexet Facebookon is!<\/p>\n<p>    <a href=\"https:\/\/facebook.com\/Indexhu\" target=\"_blank\" rel=\"nofollow noopener\"><\/p>\n<p>        K\u00f6vetem!<br \/>\n    <\/a><\/p>\n","protected":false},"excerpt":{"rendered":"K\u00e9t h\u0151kupola \u00e9s a ny\u00e1r adta szabads\u00e1g alatt a nagyv\u00e1rosok ki\u00fcr\u00fclnek, m\u00edg a Balaton k\u00f6rny\u00e9ki telep\u00fcl\u00e9sek n\u00e9pess\u00e9ge megsokszoroz\u00f3dik.&hellip;\n","protected":false},"author":2,"featured_media":229311,"comment_status":"","ping_status":"","sticky":false,"template":"","format":"standard","meta":{"footnotes":"","_share_on_mastodon":"0"},"categories":[6],"tags":[4891,1078,185,44,42,40,43,41,1497,269,14191],"class_list":["post-229310","post","type-post","status-publish","format-standard","has-post-thumbnail","category-magyarorszag","tag-balaton","tag-bunugy","tag-fomo","tag-hu","tag-hungarian","tag-hungary","tag-magyar","tag-magyarorszag","tag-nyaralas","tag-rendorseg","tag-siofok"],"share_on_mastodon":{"url":"https:\/\/pubeurope.com\/@hu\/117198560467665998","error":""},"_links":{"self":[{"href":"https:\/\/www.europesays.com\/hu\/wp-json\/wp\/v2\/posts\/229310","targetHints":{"allow":["GET"]}}],"collection":[{"href":"https:\/\/www.europesays.com\/hu\/wp-json\/wp\/v2\/posts"}],"about":[{"href":"https:\/\/www.europesays.com\/hu\/wp-json\/wp\/v2\/types\/post"}],"author":[{"embeddable":true,"href":"https:\/\/www.europesays.com\/hu\/wp-json\/wp\/v2\/users\/2"}],"replies":[{"embeddable":true,"href":"https:\/\/www.europesays.com\/hu\/wp-json\/wp\/v2\/comments?post=229310"}],"version-history":[{"count":0,"href":"https:\/\/www.europesays.com\/hu\/wp-json\/wp\/v2\/posts\/229310\/revisions"}],"wp:featuredmedia":[{"embeddable":true,"href":"https:\/\/www.europesays.com\/hu\/wp-json\/wp\/v2\/media\/229311"}],"wp:attachment":[{"href":"https:\/\/www.europesays.com\/hu\/wp-json\/wp\/v2\/media?parent=229310"}],"wp:term":[{"taxonomy":"category","embeddable":true,"href":"https:\/\/www.europesays.com\/hu\/wp-json\/wp\/v2\/categories?post=229310"},{"taxonomy":"post_tag","embeddable":true,"href":"https:\/\/www.europesays.com\/hu\/wp-json\/wp\/v2\/tags?post=229310"}],"curies":[{"name":"wp","href":"https:\/\/api.w.org\/{rel}","templated":true}]}}