{"id":229341,"date":"2026-09-02T00:56:07","date_gmt":"2026-09-02T00:56:07","guid":{"rendered":"https:\/\/www.europesays.com\/hu\/229341\/"},"modified":"2026-09-02T00:56:07","modified_gmt":"2026-09-02T00:56:07","slug":"telex-viii-haakon-cadillacen-erkezett-majd-letette-eskujet-a-parlamentben","status":"publish","type":"post","link":"https:\/\/www.europesays.com\/hu\/229341\/","title":{"rendered":"Telex: VIII. Haakon Cadillacen \u00e9rkezett, majd letette esk\u00fcj\u00e9t a parlamentben"},"content":{"rendered":"<p>VIII. Haakon norv\u00e9g kir\u00e1ly, apja <a href=\"https:\/\/telex.hu\/kulfold\/2026\/08\/28\/harald-kiraly-halala-haakon-kiraly-tronra-lepese-norvegia\" class=\"\" rel=\"nofollow noopener\" target=\"_blank\">m\u00falt heti hal\u00e1l\u00e1t k\u00f6vet\u0151en<\/a>, kedden esk\u00fct tett a parlament el\u0151tt, amiben megfogadta, hogy tiszteletben tartja az orsz\u00e1g alkotm\u00e1ny\u00e1t \u00e9s t\u00f6rv\u00e9nyeit. Haakon nyitott tetej\u0171, fekete, 1966-os Lincoln Continentalban \u00e9rkezett a Storting \u00e9p\u00fclet\u00e9hez az osl\u00f3i Karl Johan sug\u00e1r\u00faton \u00e1t, mik\u00f6zben a t\u00f6meg integetett neki. A kir\u00e1lyt a parlament eln\u00f6ke, Masud Gharahkhani, a teljes kabinet \u00e9s a t\u00f6rv\u00e9nyhoz\u00f3k k\u00eds\u00e9rt\u00e9k be, hogy Norv\u00e9gia 1814-es alkotm\u00e1ny\u00e1ra h\u0171s\u00e9gesk\u00fct tegyen \u2013 \u00edrja az MTI.<\/p>\n<p>\u201eNorv\u00e9g parlament, meg\u00edg\u00e9rem \u00e9s esk\u00fcsz\u00f6m, hogy a Norv\u00e9g Kir\u00e1lys\u00e1got az alkotm\u00e1ny\u00e1nak \u00e9s t\u00f6rv\u00e9nyeinek megfelel\u0151en fogom korm\u00e1nyozni, \u00fagy seg\u00edtsen nekem a mindenhat\u00f3 \u00e9s mindentud\u00f3 Isten\u201d \u2013 mondta VIII. Haakon a cerem\u00f3ni\u00e1n.<\/p>\n<p>Gharahkhani az \u00fcnneps\u00e9gen felid\u00e9zte, hogy V. Harald kir\u00e1ly olyan \u00e9rt\u00e9keket teremtett, amelyek az orsz\u00e1g liberalizmus\u00e1nak \u00e9s demokr\u00e1ci\u00e1j\u00e1nak alapj\u00e1t k\u00e9pezik. \u201eAz egy\u00fctt\u00e9rz\u00e9s volt \u00fczenete k\u00f6z\u00e9ppontj\u00e1ban a j\u00f3 \u00e9s a neh\u00e9z id\u0151kben egyar\u00e1nt\u201d \u2013 tette hozz\u00e1 a parlament eln\u00f6ke, aki gyermekkor\u00e1ban menek\u00fcltk\u00e9nt \u00e9rkezett csal\u00e1dj\u00e1val Ir\u00e1nb\u00f3l az orsz\u00e1gba.<\/p>\n<p>Haakon feles\u00e9ge, az 53 \u00e9ves Mette-Marit kir\u00e1lyn\u00e9, aki a j\u00faniusi t\u00fcd\u0151\u00e1t\u00fcltet\u00e9s\u00e9b\u0151l l\u00e1badozik, \u00e1llapota miatt lemondta az esk\u00fct\u00e9telen val\u00f3 r\u00e9szv\u00e9tel\u00e9t \u2013 k\u00f6z\u00f6lte kedden orvos\u00e1ra hivatkozva a kir\u00e1lyi palota. A kir\u00e1lyn\u0151 helyett l\u00e1nya, a tr\u00f3n\u00f6r\u00f6k\u00f6s Ingrid Alexandra koronahercegn\u0151 \u00e1llt a kir\u00e1ly mellett a cerem\u00f3ni\u00e1n, amit a <a href=\"https:\/\/www.bbc.com\/news\/videos\/ceq8945e71ro\" target=\"_blank\" rel=\"nofollow noopener\">BBC vide\u00f3j\u00e1n<\/a> is megn\u00e9zhet.<\/p>\n<p>Haakon apja hal\u00e1l\u00e1nak pillanat\u00e1ban automatikusan kir\u00e1lly\u00e1 v\u00e1lt. Koron\u00e1z\u00e1st nem rendeznek, mivel Norv\u00e9gia 1908-ban elt\u00f6r\u00f6lte ezt a szok\u00e1st. Hogy mit \u00e9rdemes tudni az \u00faj kir\u00e1lyr\u00f3l, \u00e9s hogy mi\u00e9rt nincs m\u00e1r koron\u00e1z\u00e1s, arr\u00f3l <a href=\"https:\/\/telex.hu\/kulfold\/2026\/08\/31\/viii-haakon-uj-norveg-kiraly-v-harald-halala-utan\" class=\"\" rel=\"nofollow noopener\" target=\"_blank\">b\u0151vebben ebben a cikk\u00fcnkben<\/a> \u00edrtunk.<\/p>\n<p>V. Harald kopors\u00f3j\u00e1t, amihez rengeteg gy\u00e1szol\u00f3 \u00e9rkezik, hogy ler\u00f3ja tisztelet\u00e9t, szeptember 8-ig a palota k\u00e1poln\u00e1j\u00e1ban \u00e1ll\u00edtott\u00e1k fel. A n\u00e9hai kir\u00e1ly temet\u00e9s\u00e9t szeptember 9-\u00e9n tartj\u00e1k Osl\u00f3ban, a szertart\u00e1sra a vil\u00e1g minden t\u00e1j\u00e1r\u00f3l megh\u00edvt\u00e1k az \u00e1llamf\u0151ket.<\/p>\n","protected":false},"excerpt":{"rendered":"VIII. Haakon norv\u00e9g kir\u00e1ly, apja m\u00falt heti hal\u00e1l\u00e1t k\u00f6vet\u0151en, kedden esk\u00fct tett a parlament el\u0151tt, amiben megfogadta, hogy&hellip;\n","protected":false},"author":2,"featured_media":229342,"comment_status":"","ping_status":"","sticky":false,"template":"","format":"standard","meta":{"footnotes":"","_share_on_mastodon":"0"},"categories":[33],"tags":[38,35,37,44,42,40,7043,64,43,41,34,2206,36,1688,57691,39,60020],"class_list":["post-229341","post","type-post","status-publish","format-standard","has-post-thumbnail","category-hirek","tag-focimek","tag-headlines","tag-hirek","tag-hu","tag-hungarian","tag-hungary","tag-kiraly","tag-kulfold","tag-magyar","tag-magyarorszag","tag-news","tag-norvegia","tag-top-stories","tag-tronutodlas","tag-v-harald","tag-vezeto-hirek","tag-viii-haakon"],"share_on_mastodon":{"url":"https:\/\/pubeurope.com\/@hu\/117198728949945855","error":""},"_links":{"self":[{"href":"https:\/\/www.europesays.com\/hu\/wp-json\/wp\/v2\/posts\/229341","targetHints":{"allow":["GET"]}}],"collection":[{"href":"https:\/\/www.europesays.com\/hu\/wp-json\/wp\/v2\/posts"}],"about":[{"href":"https:\/\/www.europesays.com\/hu\/wp-json\/wp\/v2\/types\/post"}],"author":[{"embeddable":true,"href":"https:\/\/www.europesays.com\/hu\/wp-json\/wp\/v2\/users\/2"}],"replies":[{"embeddable":true,"href":"https:\/\/www.europesays.com\/hu\/wp-json\/wp\/v2\/comments?post=229341"}],"version-history":[{"count":0,"href":"https:\/\/www.europesays.com\/hu\/wp-json\/wp\/v2\/posts\/229341\/revisions"}],"wp:featuredmedia":[{"embeddable":true,"href":"https:\/\/www.europesays.com\/hu\/wp-json\/wp\/v2\/media\/229342"}],"wp:attachment":[{"href":"https:\/\/www.europesays.com\/hu\/wp-json\/wp\/v2\/media?parent=229341"}],"wp:term":[{"taxonomy":"category","embeddable":true,"href":"https:\/\/www.europesays.com\/hu\/wp-json\/wp\/v2\/categories?post=229341"},{"taxonomy":"post_tag","embeddable":true,"href":"https:\/\/www.europesays.com\/hu\/wp-json\/wp\/v2\/tags?post=229341"}],"curies":[{"name":"wp","href":"https:\/\/api.w.org\/{rel}","templated":true}]}}