{"id":229383,"date":"2026-09-02T02:05:09","date_gmt":"2026-09-02T02:05:09","guid":{"rendered":"https:\/\/www.europesays.com\/hu\/229383\/"},"modified":"2026-09-02T02:05:09","modified_gmt":"2026-09-02T02:05:09","slug":"gyanus-auto-jarja-a-balatoni-varos-utcait-hazakat-fotoznak","status":"publish","type":"post","link":"https:\/\/www.europesays.com\/hu\/229383\/","title":{"rendered":"Gyan\u00fas aut\u00f3 j\u00e1rja a balatoni v\u00e1ros utc\u00e1it, h\u00e1zakat fot\u00f3znak"},"content":{"rendered":"<p>Egy aut\u00f3 utasai t\u00f6bb utc\u00e1ban ingatlanokat f\u00e9nyk\u00e9peznek a Balaton-parti telep\u00fcl\u00e9sen \u2013 h\u00edvta fel a figyelmet a <a href=\"https:\/\/www.facebook.com\/szilvia.szanyi\" target=\"_blank\" rel=\"noopener noreferrer nofollow\">k\u00f6z\u00f6ss\u00e9gi m\u00e9di\u00e1ban<\/a> Szanyi Szilvia, <a href=\"https:\/\/nlc.hu\/szabadido\/20180809\/balatonfuzfo-bob-egy-ember-kiesett\/\" target=\"_blank\" rel=\"noopener nofollow\">Balatonf\u0171zf\u0151<\/a> polg\u00e1rmestere, aki arra k\u00e9ri a helyieket, jelezz\u00e9k, ha valamelyik <a href=\"https:\/\/nlc.hu\/otthon\/20220625\/balaton-legolcsobb-es-legdragabb-ingatlanok\/\" target=\"_blank\" rel=\"noopener nofollow\">ingatlann\u00e1l<\/a> bet\u00f6r\u00e9st, lop\u00e1st vagy m\u00e1s gyan\u00fas esem\u00e9nyt \u00e9szlelnek.<\/p>\n<p>Elmond\u00e1sa szerint egy MBT-vel kezd\u0151d\u0151 rendsz\u00e1m\u00fa <a href=\"https:\/\/nlc.hu\/ezvan\/20260401\/gyor-audi-gyar-othegeres-motor-gyartas-leallitas\/\" target=\"_blank\" rel=\"noopener nofollow\">Audi<\/a> cirk\u00e1l Balatonf\u0171zf\u0151 utc\u00e1in. A v\u00e1rosvezet\u0151 szerint az aut\u00f3 utasai a telep\u00fcl\u00e9s t\u00f6bb utc\u00e1j\u00e1ban ingatlanokat f\u00e9nyk\u00e9peznek.\u00a0<\/p>\n<p>Mint a <a href=\"https:\/\/www.veol.hu\/helyi-kek-hirek\/2026\/08\/balatonfuzfo-utcain-gyanus-auto-jar-ingatlant-fotoznak\" target=\"_blank\" rel=\"noopener noreferrer nofollow\">veol.hu megjegyzi<\/a>, a polg\u00e1rmester bejegyz\u00e9se nem \u00e1ll\u00edtja, hogy az aut\u00f3 utasai b\u0171ncselekm\u00e9nyt k\u00f6vettek volna el, csup\u00e1n a szokatlan tev\u00e9kenys\u00e9gre \u00e9s fokozott k\u00f6r\u00fcltekint\u00e9sre h\u00edvja fel a lakoss\u00e1g figyelm\u00e9t Szanyi Szilvia.<\/p>\n<p>Gyan\u00fas aut\u00f3: nem ez az els\u0151 eset<\/p>\n<p>J\u00faliusban am\u00fagy <a href=\"https:\/\/www.facebook.com\/Nagyoroszi\/posts\/pfbid0A2G5RG8NQgpRmmyMkoRyZwsXQAQ4BHqMiZMuJ5rWxZ89JjWVnRGi1CnkrBWZnvs1l?rdid=dYUXHhHIEyhrtDIm#\" target=\"_blank\" rel=\"noopener noreferrer nofollow\">Nagyoroszi hivatalos k\u00f6z\u00f6ss\u00e9gi oldala adott ki figyelemfelh\u00edv\u00e1st gyan\u00fas j\u00e1rm\u0171 miatt<\/a>, miut\u00e1n t\u00f6bb lakoss\u00e1gi bejelent\u00e9s is \u00e9rkezett egy felt\u0171n\u0151en k\u00f6zleked\u0151 aut\u00f3r\u00f3l. Akkor arra k\u00e9rt\u00e9k a helyieket, hogy fokozott \u00f3vatoss\u00e1ggal j\u00e1rjanak el: mindenki z\u00e1rja be az ingatlanok ajtajait \u00e9s kapuit, ne hagyjon \u00e9rt\u00e9keket \u0151rizetlen\u00fcl, valamint figyeljen az id\u0151sebb vagy egyed\u00fcl \u00e9l\u0151 szomsz\u00e9dokra is.<\/p>\n<p>A lakoss\u00e1g \u00e9bers\u00e9ge ugyanis jelent\u0151sen hozz\u00e1j\u00e1rulhat ahhoz, hogy megel\u0151zhet\u0151k legyenek a vagyon elleni b\u0171ncselekm\u00e9nyek, \u00e9s mindenki sz\u00e1m\u00e1ra biztons\u00e1gos maradjon a lak\u00f3helye.<\/p>\n<p>Kiemelt fot\u00f3: illusztr\u00e1ci\u00f3, Getty Images<\/p>\n","protected":false},"excerpt":{"rendered":"Egy aut\u00f3 utasai t\u00f6bb utc\u00e1ban ingatlanokat f\u00e9nyk\u00e9peznek a Balaton-parti telep\u00fcl\u00e9sen \u2013 h\u00edvta fel a figyelmet a k\u00f6z\u00f6ss\u00e9gi m\u00e9di\u00e1ban&hellip;\n","protected":false},"author":2,"featured_media":229384,"comment_status":"","ping_status":"","sticky":false,"template":"","format":"standard","meta":{"footnotes":"","_share_on_mastodon":"0"},"categories":[6],"tags":[4891,6878,11608,44,42,40,1670,9205,43,41],"class_list":["post-229383","post","type-post","status-publish","format-standard","has-post-thumbnail","category-magyarorszag","tag-balaton","tag-fotozas","tag-haz","tag-hu","tag-hungarian","tag-hungary","tag-ingatlan","tag-itt-most","tag-magyar","tag-magyarorszag"],"share_on_mastodon":{"url":"https:\/\/pubeurope.com\/@hu\/117199000327191325","error":""},"_links":{"self":[{"href":"https:\/\/www.europesays.com\/hu\/wp-json\/wp\/v2\/posts\/229383","targetHints":{"allow":["GET"]}}],"collection":[{"href":"https:\/\/www.europesays.com\/hu\/wp-json\/wp\/v2\/posts"}],"about":[{"href":"https:\/\/www.europesays.com\/hu\/wp-json\/wp\/v2\/types\/post"}],"author":[{"embeddable":true,"href":"https:\/\/www.europesays.com\/hu\/wp-json\/wp\/v2\/users\/2"}],"replies":[{"embeddable":true,"href":"https:\/\/www.europesays.com\/hu\/wp-json\/wp\/v2\/comments?post=229383"}],"version-history":[{"count":0,"href":"https:\/\/www.europesays.com\/hu\/wp-json\/wp\/v2\/posts\/229383\/revisions"}],"wp:featuredmedia":[{"embeddable":true,"href":"https:\/\/www.europesays.com\/hu\/wp-json\/wp\/v2\/media\/229384"}],"wp:attachment":[{"href":"https:\/\/www.europesays.com\/hu\/wp-json\/wp\/v2\/media?parent=229383"}],"wp:term":[{"taxonomy":"category","embeddable":true,"href":"https:\/\/www.europesays.com\/hu\/wp-json\/wp\/v2\/categories?post=229383"},{"taxonomy":"post_tag","embeddable":true,"href":"https:\/\/www.europesays.com\/hu\/wp-json\/wp\/v2\/tags?post=229383"}],"curies":[{"name":"wp","href":"https:\/\/api.w.org\/{rel}","templated":true}]}}