{"id":229433,"date":"2026-09-02T03:30:13","date_gmt":"2026-09-02T03:30:13","guid":{"rendered":"https:\/\/www.europesays.com\/hu\/229433\/"},"modified":"2026-09-02T03:30:13","modified_gmt":"2026-09-02T03:30:13","slug":"nagyot-esett-a-lakaspiaci-kereslet-augusztusban-az-elozo-evhez-kepest","status":"publish","type":"post","link":"https:\/\/www.europesays.com\/hu\/229433\/","title":{"rendered":"Nagyot esett a lak\u00e1spiaci kereslet augusztusban az el\u0151z\u0151 \u00e9vhez k\u00e9pest"},"content":{"rendered":"<p>Augusztusban t\u00f6bb mint 40 sz\u00e1zal\u00e9kkal cs\u00f6kkent az elad\u00f3 lak\u00f3ingatlanok ir\u00e1nti \u00e9rdekl\u0151d\u00e9s \u00e9ves szinten, \u00e9s 15 sz\u00e1zal\u00e9kkal esett vissza az \u00fajonnan piacra ker\u00fcl\u0151 lak\u00f3ingatlanok sz\u00e1ma \u2013 \u00edrja az ingatlan.com keddi k\u00f6zlem\u00e9ny\u00e9re hivatkozva az MTI.<\/p>\n<p>A legnagyobb \u00e9ves visszaes\u00e9st Budapesten (44 sz\u00e1zal\u00e9k) \u00e9s a megyesz\u00e9khelyeken (43 sz\u00e1zal\u00e9k) m\u00e9rt\u00e9k, a kereslet cs\u00f6kken\u00e9se a k\u00f6zs\u00e9gekben 31 sz\u00e1zal\u00e9kos volt. <\/p>\n<p>Balogh L\u00e1szl\u00f3, az ingatlan.com vezet\u0151 gazdas\u00e1gi szak\u00e9rt\u0151je a k\u00f6zlem\u00e9nyben kiemelte: a kereslet visszaes\u00e9se nem a lak\u00e1spiac hirtelen gyeng\u00fcl\u00e9s\u00e9t jelzi, hanem az egy \u00e9ve elindult Otthon Start Program hat\u00e1sa, ami olyan vev\u0151ket is a piacra terelt, akik eredetileg k\u00e9s\u0151bbre tervezt\u00e9k a v\u00e1s\u00e1rl\u00e1st.<\/p>\n<p>J\u00faliushoz k\u00e9pest 4,8 sz\u00e1zal\u00e9kkal m\u00e9rs\u00e9kl\u0151d\u00f6tt a kereslet orsz\u00e1gos szinten:<\/p>\n<p>a lak\u00e1sok ir\u00e1nti \u00e9rdekl\u0151d\u00e9s 5,9 sz\u00e1zal\u00e9kkal,<br \/>\na h\u00e1zak ir\u00e1nti 4 sz\u00e1zal\u00e9kkal cs\u00f6kkent.<\/p>\n<p>Budapesten 5 sz\u00e1zal\u00e9kkal cs\u00f6kkent a kereslet havi szinten, m\u00edg n\u00e9h\u00e1ny v\u00e1rmegy\u00e9ben \u00e9l\u00e9nk\u00fcl\u00e9s l\u00e1tszik. B\u00e9k\u00e9sben 8, Zal\u00e1ban \u00e9s Toln\u00e1ban 7, J\u00e1sz-Nagykun-Szolnokban 5, Veszpr\u00e9mben pedig 3 sz\u00e1zal\u00e9kkal t\u00f6bb telefonos \u00e9rdekl\u0151d\u00e9s \u00e9rkezett elad\u00f3 lak\u00f3ingatlanokra.<\/p>\n<p>Az ingatlank\u00f6zvet\u00edt\u0151 adatai szerint augusztusban orsz\u00e1gosan 10 sz\u00e1zal\u00e9kkal kevesebb \u00faj elad\u00f3 lak\u00f3ingatlant hirdettek meg, mint j\u00faliusban, \u00e9ves \u00f6sszevet\u00e9sben pedig 15 sz\u00e1zal\u00e9kkal cs\u00f6kkent az \u00faj k\u00edn\u00e1lat. Budapesten havi szinten 14, \u00e9ves szinten 16 sz\u00e1zal\u00e9kkal esett a friss hirdet\u00e9sek sz\u00e1ma. Vasban 24, Veszpr\u00e9m v\u00e1rmegy\u00e9ben 22, Barany\u00e1ban pedig 19 sz\u00e1zal\u00e9kos volt a havi visszaes\u00e9s.<\/p>\n<p> Kiv\u00e9telt jelentett Gy\u0151r-Moson-Sopron, ahol 5,4, valamint N\u00f3gr\u00e1d, ahol 0,3 sz\u00e1zal\u00e9kkal n\u0151tt az \u00faj k\u00edn\u00e1lat j\u00faliushoz k\u00e9pest. <\/p>\n<p>\u00c9ves alapon Kom\u00e1rom-Esztergomban 5 sz\u00e1zal\u00e9kkal t\u00f6bb \u00faj ingatlan ker\u00fclt piacra. A friss k\u00edn\u00e1lat cs\u00f6kken\u00e9se ellen\u00e9re a teljes v\u00e1laszt\u00e9k 12 sz\u00e1zal\u00e9kkal, 148 ezerre b\u0151v\u00fclt \u00e9ves szinten, ami arra utal, hogy egyre t\u00f6bb ingatlan ragad bent a piacon \u2013 mondta Balogh L\u00e1szl\u00f3.<\/p>\n<p>Az ingatlan.com szerint az adatok a tavalyi rendk\u00edv\u00fcli id\u0151szak ut\u00e1ni normaliz\u00e1l\u00f3d\u00e1st jelzik. Az augusztusi keresletcs\u00f6kken\u00e9sben az Otthon Start tavalyi bejelent\u00e9se miatt magas b\u00e1zis \u00e9s a ny\u00e1ri szezon\u00e1lis visszafogotts\u00e1g egyar\u00e1nt szerepet j\u00e1tszott, \u00edgy az \u0151szi adatok mutathatj\u00e1k meg, milyen keresleti szint bizonyul tart\u00f3snak a lak\u00e1spiacon.<\/p>\n","protected":false},"excerpt":{"rendered":"Augusztusban t\u00f6bb mint 40 sz\u00e1zal\u00e9kkal cs\u00f6kkent az elad\u00f3 lak\u00f3ingatlanok ir\u00e1nti \u00e9rdekl\u0151d\u00e9s \u00e9ves szinten, \u00e9s 15 sz\u00e1zal\u00e9kkal esett vissza&hellip;\n","protected":false},"author":2,"featured_media":229434,"comment_status":"","ping_status":"","sticky":false,"template":"","format":"standard","meta":{"footnotes":"","_share_on_mastodon":"0"},"categories":[6],"tags":[23193,44,42,40,1670,1190,5083,43,41,23558],"class_list":["post-229433","post","type-post","status-publish","format-standard","has-post-thumbnail","category-magyarorszag","tag-elado-lakas","tag-hu","tag-hungarian","tag-hungary","tag-ingatlan","tag-lakas","tag-lakasvasarlas","tag-magyar","tag-magyarorszag","tag-visszaeses"],"share_on_mastodon":{"url":"https:\/\/pubeurope.com\/@hu\/117199334751347411","error":""},"_links":{"self":[{"href":"https:\/\/www.europesays.com\/hu\/wp-json\/wp\/v2\/posts\/229433","targetHints":{"allow":["GET"]}}],"collection":[{"href":"https:\/\/www.europesays.com\/hu\/wp-json\/wp\/v2\/posts"}],"about":[{"href":"https:\/\/www.europesays.com\/hu\/wp-json\/wp\/v2\/types\/post"}],"author":[{"embeddable":true,"href":"https:\/\/www.europesays.com\/hu\/wp-json\/wp\/v2\/users\/2"}],"replies":[{"embeddable":true,"href":"https:\/\/www.europesays.com\/hu\/wp-json\/wp\/v2\/comments?post=229433"}],"version-history":[{"count":0,"href":"https:\/\/www.europesays.com\/hu\/wp-json\/wp\/v2\/posts\/229433\/revisions"}],"wp:featuredmedia":[{"embeddable":true,"href":"https:\/\/www.europesays.com\/hu\/wp-json\/wp\/v2\/media\/229434"}],"wp:attachment":[{"href":"https:\/\/www.europesays.com\/hu\/wp-json\/wp\/v2\/media?parent=229433"}],"wp:term":[{"taxonomy":"category","embeddable":true,"href":"https:\/\/www.europesays.com\/hu\/wp-json\/wp\/v2\/categories?post=229433"},{"taxonomy":"post_tag","embeddable":true,"href":"https:\/\/www.europesays.com\/hu\/wp-json\/wp\/v2\/tags?post=229433"}],"curies":[{"name":"wp","href":"https:\/\/api.w.org\/{rel}","templated":true}]}}