{"id":229439,"date":"2026-09-02T03:39:10","date_gmt":"2026-09-02T03:39:10","guid":{"rendered":"https:\/\/www.europesays.com\/hu\/229439\/"},"modified":"2026-09-02T03:39:10","modified_gmt":"2026-09-02T03:39:10","slug":"index-futball-futball-1146","status":"publish","type":"post","link":"https:\/\/www.europesays.com\/hu\/229439\/","title":{"rendered":"Index &#8211; Futball &#8211; Futball"},"content":{"rendered":"<p>Josh Kushner, Donald Trump amerikai eln\u00f6k vej\u00e9nek a testv\u00e9re, ki\u00e1llt Infantino javaslat\u00e1nak alapelvei mellett, ugyanakkor elismerte, hogy a Thrive nem l\u00e1tta \u00e1t teljes m\u00e9rt\u00e9kben a labdar\u00fag\u00e1s vil\u00e1g\u00e1t \u00f6vez\u0151 politikai viszonyokat. Infantino j\u00faliusban, a vb-t k\u00f6vet\u0151en n\u00e9h\u00e1ny nap ut\u00e1n vonta vissza a javaslatot, amely 20 milli\u00e1rd doll\u00e1rra becs\u00fclte a vb \u00e9s egy\u00e9b FIFA-torn\u00e1k kereskedelmi jogainak \u00e9rt\u00e9k\u00e9t, miut\u00e1n az eur\u00f3pai sz\u00f6vets\u00e9g (UEFA) \u00e9s sok m\u00e1s \u00e9rintett r\u00e9sz\u00e9r\u0151l heves ellen\u00e1ll\u00e1sba \u00fctk\u00f6z\u00f6tt.<\/p>\n<p>B\u00e1r tov\u00e1bbra is t\u00e1mogatjuk a sz\u00e1nd\u00e9kot, nem m\u00e9rt\u00fck fel megfelel\u0151en a glob\u00e1lis labdar\u00fag\u00e1s politikai viszonyait, illetve azt, hogy egyesek meddig hajland\u00f3ak elmenni. A Thrive hossz\u00fa ideje megb\u00edzhat\u00f3 partnere valamennyi \u00e9rintett f\u00e9lnek. Ha tudtuk volna, hov\u00e1 fajulnak a dolgok, nem vett\u00fcnk volna r\u00e9szt a folyamatban.<\/p>\n<p>\u2013 fogalmazott k\u00f6zlem\u00e9ny\u00e9ben az amerikai milli\u00e1rdos.<\/p>\n<p>Egy b\u00edr\u00f3s\u00e1gi beadv\u00e1ny szerint az UEFA a m\u00falt h\u00e9ten enged\u00e9lyt k\u00e9rt egy amerikai sz\u00f6vets\u00e9gi b\u00edr\u00f3s\u00e1gt\u00f3l arra, hogy tan\u00favallom\u00e1sokat \u00e9s dokumentumokat szerezhessen be a FIFA-t\u00f3l, \u00e9s ezeket egy Sv\u00e1jcban tervezett, Infantino elleni b\u00fcntet\u0151elj\u00e1r\u00e1s sor\u00e1n k\u00edv\u00e1nja felhaszn\u00e1lni. Infantino a FIFA 211 tagsz\u00f6vets\u00e9g\u00e9nek k\u00fcld\u00f6tt j\u00faliusi level\u00e9ben a Thrive Capitalt nevezte meg a javaslat vezet\u0151 befektet\u0151jek\u00e9nt. B\u00e1r a FIFA-eln\u00f6k bocs\u00e1natot k\u00e9rt a meghi\u00fasult javaslattal kapcsolatos hib\u00e1k\u00e9rt, k\u00e9s\u0151bb m\u00e9gis v\u00e9delm\u00e9be vette a koncepci\u00f3t, mondv\u00e1n: a c\u00e9l az volt, hogy a kor\u00e1bbiakn\u00e1l t\u00f6bb p\u00e9nzt juttassanak a szeg\u00e9nyebb nemzeti sz\u00f6vets\u00e9geknek. Kushner k\u00f6zlem\u00e9ny\u00e9ben hasonl\u00f3 \u00e1ll\u00e1spontot fogalmazott meg.\u00a0<\/p>\n<p>Szerinte a labdar\u00fag\u00e1sban a p\u00e9nz t\u00f6rt\u00e9nelmileg egy sz\u0171k orsz\u00e1gcsoport kez\u00e9ben \u00f6sszpontosult. Az elk\u00e9pzel\u00e9s l\u00e9nyege pedig az volt, hogy t\u00f6bb t\u0151k\u00e9t \u00e9s forr\u00e1st osszanak el egyenl\u0151 ar\u00e1nyban mind a 211 tagorsz\u00e1g k\u00f6z\u00f6tt, \u00edgy jelent\u0151sen t\u00f6bb befektet\u00e9st biztos\u00edtva a kev\u00e9sb\u00e9 fejlett nemzetek sz\u00e1m\u00e1ra a helyi tehets\u00e9gek gondoz\u00e1sa, az amat\u0151r labdar\u00fag\u00e1s t\u00e1mogat\u00e1sa, a szurkol\u00f3i \u00e9lm\u00e9ny jav\u00edt\u00e1sa, \u00e9s v\u00e9gs\u0151 soron a sport\u00e1g glob\u00e1lis fejleszt\u00e9se \u00e9rdek\u00e9ben. Ez egy olyan kezdem\u00e9nyez\u00e9s (nem pedig k\u00f6telezetts\u00e9g vagy el\u0151\u00edrt d\u00f6nt\u00e9s) volt, amelyr\u0151l minden tagsz\u00f6vets\u00e9g szavazhatott volna.<\/p>\n<p>Kor\u00e1bban <a href=\"https:\/\/index.hu\/sport\/futball\/2026\/08\/20\/csanyi-sandor-gianni-infantino-fifa-mlsz-labdarugas\/\" id=\"hyperlink_aaf07750c609f0dd46693b3db06a98e6\" target=\"_self\" title=\"Cs\u00e1nyi S\u00e1ndor kem\u00e9ny hangv\u00e9tel\u0171 lev\u00e9lben ment neki a FIFA eln\u00f6k\u00e9nek\" data-recommendation=\"bekezdes_utan\" data-recommendation-preview=\"{&quot;og:title&quot;:&quot;Cs\u00e1nyi S\u00e1ndor kem\u00e9ny hangv\u00e9tel\\u0171 lev\u00e9lben ment neki a FIFA eln\u00f6k\u00e9nek&quot;,&quot;og:description&quot;:&quot;Egyre forr\u00f3bb a talaj az olasz\u2013sv\u00e1jci sportvezet\\u0151 talpa alatt.&quot;,&quot;og:image&quot;:&quot;\\\/\\\/kep.cdn.indexvas.hu\\\/1\\\/0\\\/7111\\\/71110\\\/711108\\\/71110891_5244233_f5f0f22634571aef20d223e897937da1_wm.jpg&quot;}\" data-recommendation-id=\"6265557\" rel=\"nofollow noopener\">Cs\u00e1nyi S\u00e1ndor, a Magyar Labdar\u00fag\u00f3-sz\u00f6vets\u00e9g eln\u00f6ke, a FIFA aleln\u00f6ke is kih\u00e1tr\u00e1lt Infantino m\u00f6g\u00fcl.<\/a> \u00dagy fogalmazott, \u201eelvesztette azt a bizalmat, amelyet kor\u00e1bban a FIFA-eln\u00f6kbe helyezett.\u201d<\/p>\n<p>Az UEFA kor\u00e1bban a vil\u00e1gbajnoks\u00e1g bojkott\u00e1l\u00e1s\u00e1val is fenyeget\u0151z\u00f6tt, azonban k\u00e9s\u0151bb lemondott ezen terv\u00e9r\u0151l.<\/p>\n<p>A FIFA k\u00f6vetkez\u0151 eln\u00f6kv\u00e1laszt\u00e1s\u00e1t 2027 m\u00e1rcius\u00e1ban tartj\u00e1k.\u00a0<\/p>\n<p><a href=\"https:\/\/dex.hu\/x.php?id=googlepref_desktop&amp;url=https:\/\/google.com\/preferences\/source?q=https:\/\/index.hu\" class=\"google-pref-banner \" id=\"googlePrefBanner\" rel=\"nofollow noopener\" target=\"_blank\"><\/p>\n<p>    Itt \u00e1ll\u00edtsa be, hogy az Index az els\u0151k k\u00f6z\u00f6tt legyen a Google-tal\u00e1latokban!<\/p>\n<p><\/a><\/p>\n<p>                <a href=\"https:\/\/konyvek.index.hu\/\" target=\"_blank\" rel=\"nofollow noopener\"><br \/>\n                <img decoding=\"async\" src=\"https:\/\/index.hu\/assets\/images\/konyvajanlo\/book_indapress\/book_indapress_logo.svg\" loading=\"lazy\" alt=\"Inda Press Kiad\u00f3\"\/><br \/>\n                <\/a><\/p>\n<p>                <img decoding=\"async\" src=\"https:\/\/www.europesays.com\/hu\/wp-content\/uploads\/2026\/09\/1788320348_182_rossi.png\" loading=\"lazy\" alt=\"Rossi\"\/><\/p>\n<p>Ismerd meg a magyar labdar\u00fag\u00e1s h\u0151s\u00e9nek eml\u00e9kezetes pillanatait!<br \/>Folytassa, Mister!<\/p>\n<p>                <a class=\"book_index_btn\" href=\"https:\/\/indexadhu.hit.gemius.pl\/hitredir\/id=nSCbubuYpDWJZLZs0TssLrbt33Lk5kbipuiZrkg89G3.g7\/stparam=uciklwjurk\/fastid=efdamtuhsxcjschvtzobuxredglq\/nc=0\/url=https:\/\/www.indapresskiado.hu\/products\/marco-rossi?_pos=1&amp;_psq=rossi&amp;_ss=e&amp;_v=1.0\" target=\"_blank\" rel=\"nofollow noopener\">MEGVESZEM<\/a><\/p>\n<p>    <img loading=\"lazy\" decoding=\"async\" src=\"https:\/\/www.europesays.com\/hu\/wp-content\/uploads\/2026\/09\/1788320350_426_nc=0.gif\" border=\"0\" height=\"0\" width=\"0\"\/><\/p>\n<p>    <img decoding=\"async\" src=\"https:\/\/index.hu\/assets\/images\/social-follow\/logo-big.svg\" alt=\"Index.hu logo\"\/><\/p>\n<p>K\u00f6vesse az Indexet Facebookon is!<\/p>\n<p>    <a href=\"https:\/\/facebook.com\/Indexhu\" target=\"_blank\" rel=\"nofollow noopener\"><\/p>\n<p>        K\u00f6vetem!<br \/>\n    <\/a><\/p>\n","protected":false},"excerpt":{"rendered":"Josh Kushner, Donald Trump amerikai eln\u00f6k vej\u00e9nek a testv\u00e9re, ki\u00e1llt Infantino javaslat\u00e1nak alapelvei mellett, ugyanakkor elismerte, hogy a&hellip;\n","protected":false},"author":2,"featured_media":229440,"comment_status":"","ping_status":"","sticky":false,"template":"","format":"standard","meta":{"footnotes":"","_share_on_mastodon":"0"},"categories":[14],"tags":[65,4195,553,7573,44,42,40,60809,502,43,41,45,131,60810,552,4710],"class_list":["post-229439","post","type-post","status-publish","format-standard","has-post-thumbnail","category-sport","tag-donald-trump","tag-fifa","tag-futball","tag-gianni-infantino","tag-hu","tag-hungarian","tag-hungary","tag-josh-kushner","tag-labdarugas","tag-magyar","tag-magyarorszag","tag-sport","tag-sports","tag-thrive","tag-uefa","tag-vilagbajnoksag"],"share_on_mastodon":{"url":"https:\/\/pubeurope.com\/@hu\/117199370164930143","error":""},"_links":{"self":[{"href":"https:\/\/www.europesays.com\/hu\/wp-json\/wp\/v2\/posts\/229439","targetHints":{"allow":["GET"]}}],"collection":[{"href":"https:\/\/www.europesays.com\/hu\/wp-json\/wp\/v2\/posts"}],"about":[{"href":"https:\/\/www.europesays.com\/hu\/wp-json\/wp\/v2\/types\/post"}],"author":[{"embeddable":true,"href":"https:\/\/www.europesays.com\/hu\/wp-json\/wp\/v2\/users\/2"}],"replies":[{"embeddable":true,"href":"https:\/\/www.europesays.com\/hu\/wp-json\/wp\/v2\/comments?post=229439"}],"version-history":[{"count":0,"href":"https:\/\/www.europesays.com\/hu\/wp-json\/wp\/v2\/posts\/229439\/revisions"}],"wp:featuredmedia":[{"embeddable":true,"href":"https:\/\/www.europesays.com\/hu\/wp-json\/wp\/v2\/media\/229440"}],"wp:attachment":[{"href":"https:\/\/www.europesays.com\/hu\/wp-json\/wp\/v2\/media?parent=229439"}],"wp:term":[{"taxonomy":"category","embeddable":true,"href":"https:\/\/www.europesays.com\/hu\/wp-json\/wp\/v2\/categories?post=229439"},{"taxonomy":"post_tag","embeddable":true,"href":"https:\/\/www.europesays.com\/hu\/wp-json\/wp\/v2\/tags?post=229439"}],"curies":[{"name":"wp","href":"https:\/\/api.w.org\/{rel}","templated":true}]}}