{"id":229477,"date":"2026-09-02T04:34:10","date_gmt":"2026-09-02T04:34:10","guid":{"rendered":"https:\/\/www.europesays.com\/hu\/229477\/"},"modified":"2026-09-02T04:34:10","modified_gmt":"2026-09-02T04:34:10","slug":"nagy-fero-nyugdija-femina","status":"publish","type":"post","link":"https:\/\/www.europesays.com\/hu\/229477\/","title":{"rendered":"Nagy Fer\u00f3 nyugd\u00edja | Femina"},"content":{"rendered":"<p data-alignment=\"left\" class=\"text-left\" data-block-key=\"ncqwu\">Nagy Fer\u00f3t senkinek sem kell bemutatni, hiszen a hetvenes \u00e9vek \u00f3ta a magyar rockzene egyik legmeghat\u00e1roz\u00f3bb alakja. A nemzet cs\u00f3t\u00e1nya \u00e9s egykori t\u00e9v\u00e9s mentor 80 \u00e9vesen is \u00f3ri\u00e1si n\u00e9pszer\u0171s\u00e9gnek \u00f6rvend, azonban mindenkit meglepett, amikor \u0151szint\u00e9n vallott a nyugd\u00edj\u00e1r\u00f3l.<\/p>\n<p>      Nagy Fer\u00f3 nyugd\u00edja<\/p>\n<p data-alignment=\"left\" class=\"text-left\" data-block-key=\"a0ec\">Nagy Fer\u00f3t gyakorlatilag mindenki ismeri Magyarorsz\u00e1gon, a mai napig rengeteg ember rajong \u00e9rte \u00e9s a zen\u00e9j\u00e9\u00e9rt. M\u00e9g 1973-ban csatlakozott a legend\u00e1s Beatrice zenekarhoz, az \u00e9vtizedek sor\u00e1n pedig olyan hatalmas, felejthetetlen sz\u00e1mokat k\u00f6sz\u00f6nhet\u00fcnk neki, mint a\u00a0Gyere, kisl\u00e1ny, gyere\u00a0vagy a\u00a08 \u00f3ra munka.<\/p>\n<p data-alignment=\"left\" class=\"text-left\" data-block-key=\"ncqwu\">P\u00e1lyafut\u00e1sa alatt t\u00f6bb ezer fell\u00e9p\u00e9st tudhat maga m\u00f6g\u00f6tt szerte az orsz\u00e1gban \u00e9s k\u00fclf\u00f6ld\u00f6n egyar\u00e1nt. B\u00e1r ma m\u00e1r 80 \u00e9ves nyugd\u00edjas, a sz\u00ednpadnak esze \u00e1g\u00e1ban sincs h\u00e1tat ford\u00edtani. A mai napig folyamatosan j\u00e1rja az orsz\u00e1got, \u00e9s minden fell\u00e9p\u00e9sre \u00f6r\u00f6mmel elmegy, ahov\u00e1 csak h\u00edvj\u00e1k, legyen az egy kisebb falunap, vagy egy nagyobb rendezv\u00e9ny.<\/p>\n<p data-alignment=\"left\" class=\"text-left\" data-block-key=\"i8a6\"><a href=\"https:\/\/tv2play.hu\/\" target=\"_blank\" rel=\" noopener noreferrer nofollow\">A TV2\u00a0Akt\u00edv\u00a0c\u00edm\u0171 m\u0171sor\u00e1nak<\/a> kamer\u00e1i el\u0151tt \u0151szint\u00e9n mes\u00e9lt arr\u00f3l, hogy a hivatalos \u00e1llami nyugd\u00edja mind\u00f6ssze 74 ezer forint. \u2013 <a href=\"https:\/\/www.blikk.hu\/sztarvilag\/hazai-sztarok\/nagy-fero-nyugdij-fellepes-penz-kampanyidoszak-vallomas-video\/7qyk0b0\" target=\"_blank\" rel=\" noopener noreferrer nofollow\">sz\u00farta ki a Blikk.<\/a> A <a href=\"https:\/\/femina.hu\/hazai_sztar\/nagy-fero-takaritas\/\" target=\"_blank\" rel=\" noopener noreferrer nofollow\">meg\u00e9lhet\u00e9se miatt azonban nem kell agg\u00f3dnia<\/a>, kifejezetten szeret elmenni ezekre a fell\u00e9p\u00e9sekre, hiszen a koncertek stabil bev\u00e9telt jelentenek sz\u00e1m\u00e1ra, amib\u0151l a csal\u00e1dj\u00e1t is tudja t\u00e1mogatni.<\/p>\n<p data-alignment=\"left\" class=\"text-left\" data-block-key=\"ncqwu\">&#8211; Az\u00e9rt ezek nagyon j\u00f3k, valljuk be, mivel j\u00f3l fizetnek. A nagyobb \u00fcnnepeken, kar\u00e1csony vagy sz\u00fclinap, mindig utalok a babak\u00f6tv\u00e9nyre. Nekem el\u00e9g a 74 ezer forintos nyugd\u00edjam \u2013 fogalmazott Nagy Fer\u00f3.<\/p>\n<p data-alignment=\"left\" class=\"text-left\" data-block-key=\"c389p\">Azt persze hozz\u00e1tette, hogy hi\u00e1ba <a href=\"https:\/\/femina.hu\/hazai_sztar\/nagy-fero-azahriah-beszolas\/\" target=\"_blank\" rel=\" noopener noreferrer nofollow\">az akt\u00edv koncertez\u00e9s<\/a>, az\u00e9rt egy kicsit \u0151 is lass\u00edtott az \u00e9letvitel\u00e9n \u00e9s a kor\u00e1bbi fesz\u00edtett temp\u00f3n. Jelenleg a legfontosabbak sz\u00e1m\u00e1ra az \u00f6t unok\u00e1ja, a mindennapokban legink\u00e1bb r\u00e1juk f\u00f3kusz\u00e1l. A folyamatos fell\u00e9p\u00e9sek \u00e9s a j\u00f3l meg\u00e9rdemelt fizet\u00e9sek mellett r\u00e1ad\u00e1sul rendszeresen kapja a jogd\u00edjakat is a Beatrice \u00e9s a saj\u00e1t sz\u00e1mai ut\u00e1n, valamint a m\u00e9di\u00e1ban is akt\u00edv maradt, hiszen saj\u00e1t m\u0171sora van az egyik hazai r\u00e1di\u00f3ban.<\/p>\n<p>            <a href=\"https:\/\/femina.hu\/hazai_sztar\/sztarok-nyugdija\/\" rel=\"nofollow noopener\" target=\"_blank\"><\/p>\n<p>              <img loading=\"lazy\" decoding=\"async\" alt=\"56206987_4155867_9f11c0e5980afe191c31f24e0e135603_wm.png\" class=\"w-full object-cover aspect-square rounded-[24px]\" height=\"370\" loading=\"\" src=\"https:\/\/www.europesays.com\/hu\/wp-content\/uploads\/2026\/09\/56206987_4155867_9f11c.2e16d0ba.format-jpeg.fill-370x370.jpg\"  width=\"370\"\/><\/p>\n<p>            <\/a><\/p>\n<p>          60 ezer forint a nyugd\u00edja a legend\u00e1s \u00e9nekesn\u0151nek: 76 \u00e9vesen is dolgozni k\u00e9nytelen<\/p>\n<p class=\"!text-[18px] !leading-[28px] !mb-0\">\n          Nem Zalatnay Sarolta az egyetlen hazai szt\u00e1r, akinek annyira alacsony a nyugd\u00edja, hogy a mai napig dolgozik.\n        <\/p>\n<p>          <a href=\"https:\/\/femina.hu\/hazai_sztar\/sztarok-nyugdija\/\" class=\"!no-underline !text-black flex justify-center items-center text-[20px] h-[62px] w-fit default-rounded-button content-center px-6 py-4 font-semibold after:content-[&#039;&#039;] after:inline-block after:h-[1em] after:w-[1.5em] after:ml-[1em] after:bg-[url(&#039;\/static\/images\/femina\/arrow_link_right.svg&#039;)] after:bg-no-repeat after:bg-center after:bg-[length:100%_auto]\" rel=\"nofollow noopener\" target=\"_blank\"><br \/>\n            Elolvasom<br \/>\n          <\/a><\/p>\n<p>&#13;<br \/>\n  &#13;\n<\/p>\n<p>`, adoceanServer:&#8221;indexhu.adocean.pl&#8221;, tags:&#8221;[\\u0022szt\\u005Cu00e1r\\u0022, \\u0022nagy fer\\u005Cu00f3\\u0022, \\u0022\\u005Cu00e9nekes\\u0022, \\u0022p\\u005Cu00e9nz\\u0022, \\u0022zen\\u005Cu00e9sz\\u0022, \\u0022nyugd\\u005Cu00edj\\u0022]&#8221;, identCodes:&#8221;{\\u0022fe30\\u0022: \\u00221\\u0022, \\u0022fe06\\u0022: \\u00221\\u0022}&#8221;})&#8221;<br \/>\n      :id=&#8221;zoneId&#8221; x-cloak<\/p>\n<p>      class=&#8221;ad-node &#8221; x-init=&#8221;load();&#8221;&gt;<\/p>\n<p>\n  hirdet\u00e9s\n<\/p>\n<p><a href=\"https:\/\/google.com\/preferences\/source?q=https%3A\/\/femina.hu\" rel=\"noopener nofollow\" referrerpolicy=\"no-referrer-when-downgrade\" class=\"!flex !items-center !gap-5 !py-2 !px-3 w-full !rounded-xl !font-bold cursor-pointer !no-underline relative !bg-white !text-[#202124] !border !border-[#858585] dark:!bg-[#323232] dark:!text-white dark:border-none my-4 \" target=\"_blank\"><br \/>\n  <img decoding=\"async\" src=\"https:\/\/femina.hu\/neon\/static\/images\/favicons\/google_favicon.svg\" alt=\"Google\" class=\"shrink-0 w-7 h-7\"\/><br \/>\n  \u00c1ll\u00edtsd be a Google keres\u0151j\u00e9t, hogy a tal\u00e1latok k\u00f6z\u00f6tt biztos ott legyen a Femina!<\/p>\n<p><\/a><\/p>\n","protected":false},"excerpt":{"rendered":"Nagy Fer\u00f3t senkinek sem kell bemutatni, hiszen a hetvenes \u00e9vek \u00f3ta a magyar rockzene egyik legmeghat\u00e1roz\u00f3bb alakja. A&hellip;\n","protected":false},"author":2,"featured_media":229478,"comment_status":"","ping_status":"","sticky":false,"template":"","format":"standard","meta":{"footnotes":"","_share_on_mastodon":"0"},"categories":[16],"tags":[675,137,44,42,40,43,41,1183,671,327,138,205,868],"class_list":["post-229477","post","type-post","status-publish","format-standard","has-post-thumbnail","category-szorakozas","tag-enekes","tag-entertainment","tag-hu","tag-hungarian","tag-hungary","tag-magyar","tag-magyarorszag","tag-nagy-fero","tag-nyugdij","tag-penz","tag-szorakozas","tag-sztar","tag-zenesz"],"share_on_mastodon":{"url":"https:\/\/pubeurope.com\/@hu\/117199586660980371","error":""},"_links":{"self":[{"href":"https:\/\/www.europesays.com\/hu\/wp-json\/wp\/v2\/posts\/229477","targetHints":{"allow":["GET"]}}],"collection":[{"href":"https:\/\/www.europesays.com\/hu\/wp-json\/wp\/v2\/posts"}],"about":[{"href":"https:\/\/www.europesays.com\/hu\/wp-json\/wp\/v2\/types\/post"}],"author":[{"embeddable":true,"href":"https:\/\/www.europesays.com\/hu\/wp-json\/wp\/v2\/users\/2"}],"replies":[{"embeddable":true,"href":"https:\/\/www.europesays.com\/hu\/wp-json\/wp\/v2\/comments?post=229477"}],"version-history":[{"count":0,"href":"https:\/\/www.europesays.com\/hu\/wp-json\/wp\/v2\/posts\/229477\/revisions"}],"wp:featuredmedia":[{"embeddable":true,"href":"https:\/\/www.europesays.com\/hu\/wp-json\/wp\/v2\/media\/229478"}],"wp:attachment":[{"href":"https:\/\/www.europesays.com\/hu\/wp-json\/wp\/v2\/media?parent=229477"}],"wp:term":[{"taxonomy":"category","embeddable":true,"href":"https:\/\/www.europesays.com\/hu\/wp-json\/wp\/v2\/categories?post=229477"},{"taxonomy":"post_tag","embeddable":true,"href":"https:\/\/www.europesays.com\/hu\/wp-json\/wp\/v2\/tags?post=229477"}],"curies":[{"name":"wp","href":"https:\/\/api.w.org\/{rel}","templated":true}]}}