{"id":229499,"date":"2026-09-02T04:57:07","date_gmt":"2026-09-02T04:57:07","guid":{"rendered":"https:\/\/www.europesays.com\/hu\/229499\/"},"modified":"2026-09-02T04:57:07","modified_gmt":"2026-09-02T04:57:07","slug":"magyar-peter-az-europai-neppart-elnoket-fogadta-hamarosan-az-europai-tanacs-elnokevel-is-talalkozik","status":"publish","type":"post","link":"https:\/\/www.europesays.com\/hu\/229499\/","title":{"rendered":"Magyar P\u00e9ter az Eur\u00f3pai N\u00e9pp\u00e1rt eln\u00f6k\u00e9t fogadta, hamarosan az Eur\u00f3pai Tan\u00e1cs eln\u00f6k\u00e9vel is tal\u00e1lkozik"},"content":{"rendered":"<p>A te vezet\u00e9sed alatt Magyarorsz\u00e1g m\u00e1r most hatalmas fejl\u0151d\u00e9st \u00e9rt el<\/p>\n<p>\u2013 \u00edrta <a target=\"_blank\" href=\"https:\/\/www.facebook.com\/manfred.weber.en\/posts\/dear-p%C3%A9ter-magyar-thank-you-for-your-warm-welcome-in-budapest-under-your-leaders\/1685689192921562\/\" rel=\"nofollow noopener\">Facebook-bejegyz\u00e9s\u00e9ben<\/a> Manfred Weber, az Eur\u00f3pai N\u00e9pp\u00e1rt (EPP) eln\u00f6ke, aki budapesti l\u00e1togat\u00e1s\u00e1r\u00f3l k\u00f6z\u00f6s fot\u00f3t is posztolt Magyar P\u00e9terrel. A k\u00e9t politikus nem nyilv\u00e1nos t\u00e1rgyal\u00e1st folytatott.<\/p>\n<p>Az EPP vezet\u0151je nem el\u0151sz\u00f6r j\u00e1rt Magyarn\u00e1l Budapesten: n\u00e9h\u00e1ny nappal a 2024-es EP-v\u00e1laszt\u00e1s, <a target=\"_blank\" href=\"https:\/\/24.hu\/belfold\/2024\/06\/12\/manfred-weber-budapest-tisza-part-magyar-peter\/\" rel=\"nofollow noopener\">h\u00e1rom h\u00f3nappal a Tisza megalakul\u00e1sa ut\u00e1n is a magyar f\u0151v\u00e1rosba j\u00f6tt Weber<\/a>, hogy az EP-mand\u00e1tumot szerzett h\u00e9t tisz\u00e1s politikus Eur\u00f3pai N\u00e9pp\u00e1rthoz val\u00f3 csatlakoz\u00e1s\u00e1r\u00f3l t\u00e1rgyaljon.<\/p>\n<p>Ant\u00f3nio Costa is Budapestre \u00e9rkezik<\/p>\n<p>Magyar P\u00e9ter minisztereln\u00f6kkel tal\u00e1lkozik Ant\u00f3nio Costa, az uni\u00f3s tagorsz\u00e1gok vezet\u0151it t\u00f6m\u00f6r\u00edt\u0151 Eur\u00f3pai Tan\u00e1cs eln\u00f6ke is szerd\u00e1n.<\/p>\n<p>Costa <a target=\"_blank\" href=\"https:\/\/24.hu\/belfold\/2026\/08\/28\/europai-tanacs-latogatas-budapest-magyar-peter\/\" rel=\"nofollow noopener\">az el\u0151z\u0151 h\u00e9tf\u0151n k\u00f6z\u00f6lte<\/a>, hogy augusztus 25. \u00e9s szeptember 17. k\u00f6z\u00f6tt felkeresi az Eur\u00f3pai Uni\u00f3 tag\u00e1llamainak t\u00f6bbs\u00e9g\u00e9t, hogy a tagorsz\u00e1gok vezet\u0151ivel egyeztessen t\u00f6bbek k\u00f6z\u00f6tt az EU k\u00f6vetkez\u0151 hossz\u00fa t\u00e1v\u00fa k\u00f6lts\u00e9gvet\u00e9s\u00e9r\u0151l. Az \u00e9vente tartott k\u00f6r\u00fat c\u00e9lja, hogy az Eur\u00f3pai Tan\u00e1cs eln\u00f6ke megismerje az uni\u00f3s \u00e1llam-, illetve korm\u00e1nyf\u0151k \u00e1ll\u00e1spontj\u00e1t \u00e9s priorit\u00e1sait.<\/p>\n<p>K\u00f6zl\u00e9se szerint az idei megbesz\u00e9l\u00e9sek k\u00f6z\u00e9ppontj\u00e1ban az EU k\u00f6vetkez\u0151 hossz\u00fa t\u00e1v\u00fa k\u00f6lts\u00e9gvet\u00e9se \u00e1ll, de sz\u00f3 lesz a v\u00e9delemr\u0151l, a versenyk\u00e9pess\u00e9gr\u0151l, az uni\u00f3s b\u0151v\u00edt\u00e9sr\u0151l \u00e9s Ukrajna t\u00e1mogat\u00e1s\u00e1r\u00f3l is. <\/p>\n<p>V\u00e9gigj\u00e1rja az Eur\u00f3pai tag\u00e1llamok vezet\u0151it<\/p>\n<p>Az Eur\u00f3pai Tan\u00e1cs eln\u00f6ke m\u00falt p\u00e9nteken k\u00f6zlem\u00e9nyben t\u00e1j\u00e9koztatott arr\u00f3l, hogy az uni\u00f3s korm\u00e1nyf\u0151kkel folytatott megbesz\u00e9l\u00e9sei m\u00e1sodik het\u00e9nek szerdai napj\u00e1n el\u0151bb Luxemburg minisztereln\u00f6k\u00e9vel, Luc Friedennel, majd ugyanazon a napon Z\u00e1gr\u00e1bban Horv\u00e1torsz\u00e1g minisztereln\u00f6k\u00e9vel, Andrej Plenkovic-csal, valamint Budapesten Magyar P\u00e9ter minisztereln\u00f6kkel tal\u00e1lkozik.<\/p>\n<p>Costa a szeptember 2-ai tal\u00e1lkoz\u00f3kat k\u00f6vet\u0151en szeptember 3-\u00e1n Bukarestben, Sz\u00f3fi\u00e1ban \u00e9s Ath\u00e9nban t\u00e1rgyal, szeptember 4-\u00e9n Nicosi\u00e1ban, majd Ljubljan\u00e1ban. Az Eur\u00f3pai Tan\u00e1cs eln\u00f6ke uni\u00f3s k\u00f6r\u00fatj\u00e1nak els\u0151 het\u00e9ben, augusztus 25-\u00e9n Pozsonyban, majd Tallinnban t\u00e1rgyalt, augusztus 26-\u00e1n Rig\u00e1ban, valamint Vilniusban folytatott megbesz\u00e9l\u00e9st, augusztus 27-\u00e9n pedig Pr\u00e1g\u00e1ba l\u00e1togatott.<\/p>\n","protected":false},"excerpt":{"rendered":"A te vezet\u00e9sed alatt Magyarorsz\u00e1g m\u00e1r most hatalmas fejl\u0151d\u00e9st \u00e9rt el \u2013 \u00edrta Facebook-bejegyz\u00e9s\u00e9ben Manfred Weber, az Eur\u00f3pai&hellip;\n","protected":false},"author":2,"featured_media":229500,"comment_status":"","ping_status":"","sticky":false,"template":"","format":"standard","meta":{"footnotes":"","_share_on_mastodon":"0"},"categories":[22],"tags":[4466,73,10539,5578,429,44,42,40,6315,43,944,41,14138],"class_list":["post-229499","post","type-post","status-publish","format-standard","has-post-thumbnail","category-budapest","tag-antonio-costa","tag-budapest","tag-europai-neppart","tag-europai-tanacs","tag-europai-unio","tag-hu","tag-hungarian","tag-hungary","tag-latogatas","tag-magyar","tag-magyar-peter","tag-magyarorszag","tag-manfred-weber"],"share_on_mastodon":{"url":"https:\/\/pubeurope.com\/@hu\/117199676816599716","error":""},"_links":{"self":[{"href":"https:\/\/www.europesays.com\/hu\/wp-json\/wp\/v2\/posts\/229499","targetHints":{"allow":["GET"]}}],"collection":[{"href":"https:\/\/www.europesays.com\/hu\/wp-json\/wp\/v2\/posts"}],"about":[{"href":"https:\/\/www.europesays.com\/hu\/wp-json\/wp\/v2\/types\/post"}],"author":[{"embeddable":true,"href":"https:\/\/www.europesays.com\/hu\/wp-json\/wp\/v2\/users\/2"}],"replies":[{"embeddable":true,"href":"https:\/\/www.europesays.com\/hu\/wp-json\/wp\/v2\/comments?post=229499"}],"version-history":[{"count":0,"href":"https:\/\/www.europesays.com\/hu\/wp-json\/wp\/v2\/posts\/229499\/revisions"}],"wp:featuredmedia":[{"embeddable":true,"href":"https:\/\/www.europesays.com\/hu\/wp-json\/wp\/v2\/media\/229500"}],"wp:attachment":[{"href":"https:\/\/www.europesays.com\/hu\/wp-json\/wp\/v2\/media?parent=229499"}],"wp:term":[{"taxonomy":"category","embeddable":true,"href":"https:\/\/www.europesays.com\/hu\/wp-json\/wp\/v2\/categories?post=229499"},{"taxonomy":"post_tag","embeddable":true,"href":"https:\/\/www.europesays.com\/hu\/wp-json\/wp\/v2\/tags?post=229499"}],"curies":[{"name":"wp","href":"https:\/\/api.w.org\/{rel}","templated":true}]}}