{"id":229505,"date":"2026-09-02T05:07:12","date_gmt":"2026-09-02T05:07:12","guid":{"rendered":"https:\/\/www.europesays.com\/hu\/229505\/"},"modified":"2026-09-02T05:07:12","modified_gmt":"2026-09-02T05:07:12","slug":"a-nepalihoz-hasonlo-katasztrofa-varhat-europara-is","status":"publish","type":"post","link":"https:\/\/www.europesays.com\/hu\/229505\/","title":{"rendered":"A nep\u00e1lihoz hasonl\u00f3 katasztr\u00f3fa v\u00e1rhat Eur\u00f3p\u00e1ra is"},"content":{"rendered":"<p>A Nep\u00e1l \u00e9s K\u00edna hat\u00e1r\u00e1n t\u00f6rt\u00e9nt, t\u00f6bb mint ezer hal\u00e1los \u00e1ldozatot k\u00f6vetel\u0151 katasztr\u00f3fa nemcsak a Himal\u00e1ja s\u00e9r\u00fcl\u00e9kenys\u00e9g\u00e9re vil\u00e1g\u00edtott r\u00e1, hanem arra is, hogy a gyorsan meleged\u0151 Eur\u00f3pa magashegys\u00e9geiben is hasonl\u00f3 folyamatok zajlanak. Az Alpokban az olvad\u00f3 gleccserek \u00e9s a felenged\u0151 permafroszt egyre instabilabb\u00e1 teszik a hegyoldalakat, ami a szak\u00e9rt\u0151k szerint s\u00falyos vesz\u00e9lyt jelenthet a j\u00f6v\u0151ben.<\/p>\n<p>                    <a href=\"https:\/\/news.google.com\/publications\/CAAqIggKIhxDQklTRHdnTWFnc0tDWEpoYTJWMFlTNW9kU2dBUAE\" target=\"_blank\" class=\"google-news\" rel=\"nofollow noopener\">Leg\u00fajabb cikkeink\u00e9rt k\u00f6vess minket a Rak\u00e9ta Google News oldal\u00e1n is!<\/a><\/p>\n<p>M\u00e1r t\u00f6bb mint <a href=\"https:\/\/edition.cnn.com\/2026\/08\/31\/world\/live-news\/nepal-china-flood\" target=\"_blank\" rel=\"nofollow noopener\">1000 hal\u00e1los \u00e1ldozata<\/a> van a Nep\u00e1l \u00e9s K\u00edna hat\u00e1r\u00e1n t\u00f6rt\u00e9nt term\u00e9szeti kataszt\u00f3f\u00e1nak, \u00e9s t\u00f6bb mint 4400 embert elt\u0171ntk\u00e9nt tartanak nyilv\u00e1n \u2013 a ment\u0151alakulatok att\u00f3l tartanak, hogy sz\u00e1mos munk\u00e1s egy helyi <a href=\"https:\/\/www.cnn.com\/2026\/08\/31\/world\/video\/anderson-cooper-nepal-intldsk\" target=\"_blank\" rel=\"nofollow noopener\">v\u00edzer\u0151m\u0171-alag\u00fatjaiban rekedt<\/a>, miut\u00e1n vastag s\u00e1rr\u00e9teg temette be a l\u00e9tes\u00edtm\u00e9nyt, \u00e9s mintegy 900 munk\u00e1s t\u0171nt el. A ment\u00e9si munk\u00e1k folyamatosan zajlanak, a hat\u00f3s\u00e1gok \u00e9s a ment\u0151alakulatok hatodik napja futnak versenyt az id\u0151vel.<\/p>\n<p>M\u00falt szerd\u00e1n, a reggeli \u00f3r\u00e1kban v\u00edz \u00e9s s\u00e1r z\u00fadult al\u00e1 a Trishuli-foly\u00f3b\u00f3l, az \u00e1rad\u00e1s \u00e9p\u00fcleteket sodort el, \u00e9s mindent bebor\u00edtott s\u00e1rral. A katasztr\u00f3f\u00e1t egy gleccser leoml\u00e1sa <a href=\"https:\/\/www.theguardian.com\/world\/2026\/aug\/27\/what-caused-the-catastrophic-flash-flood-in-nepal-and-tibet-and-how-does-a-glacier-collapse\" target=\"_blank\" rel=\"nofollow noopener\">okozta<\/a> \u2013 noha el\u0151sz\u00f6r f\u00f6ldreng\u00e9sre gondoltak \u2013: maga az oml\u00e1s id\u00e9zte el\u0151 a f\u00f6ldmozg\u00e1st \u00e9s az \u00e1rvizet is.<\/p>\n<p>Szak\u00e9rt\u0151k most arra <a href=\"https:\/\/www.euronews.com\/my-europe\/2026\/08\/29\/nepal-flood-highlights-growing-risk-of-glacier-disasters-in-the-alps\" target=\"_blank\" rel=\"nofollow noopener\">figyelmeztetnek<\/a>, hogy hasonl\u00f3 gleccseroml\u00e1sok fordulhatnak el\u0151 Eur\u00f3p\u00e1ban is, mivel az Alpokban az olvad\u00f3 j\u00e9g \u00e9s az olvad\u00f3 permafrost destabiliz\u00e1lja a r\u00e9gi\u00f3t.<\/p>\n<p>Eur\u00f3pa gyorsabban melegszik, mint b\u00e1rmely m\u00e1s kontinens, \u00e9s a gleccserek olvad\u00e1sa az alpesi orsz\u00e1gokban m\u00e1r az elm\u00falt \u00e9vekben is okozott katasztr\u00f3f\u00e1t, p\u00e9ld\u00e1ul Sv\u00e1jcban, ahol 2025 m\u00e1jus\u00e1ban a Birch-gleccserb\u0151l szakadt le t\u00f6bb milli\u00f3 tonna j\u00e9g\u2013 \u00e9s k\u0151t\u00f6rmel\u00e9k, amely szinte teljesen <a href=\"https:\/\/www.bbc.com\/news\/articles\/cj4w9ggzxv4o\" target=\"_blank\" rel=\"nofollow noopener\">maga al\u00e1 temette<\/a> a 800 \u00e9ves, 300 lelkes Blatten falut, de ott legal\u00e1bb el\u0151tte evaku\u00e1lt\u00e1k a telep\u00fcl\u00e9st.<\/p>\n<p><a href=\"https:\/\/raketa.hu\/uploads\/2026\/09\/svajcGettyImages-1146897606.jpg\" data-lightbox=\"raketa-gallery\" data-title=\"V\u00edzes\u00e9s a Susten h\u00e1g\u00f3n\u00e1l Bern kantonban - fot\u00f3: GettyImages\" rel=\"nofollow noopener\" target=\"_blank\"><img decoding=\"async\" loading=\"lazy\" src=\"https:\/\/www.europesays.com\/hu\/wp-content\/uploads\/2026\/09\/svajcGettyImages-1146897606-1200x800.jpg\" width=\"1600\" height=\"1067\" alt=\"\" autoclip=\"\"\/><\/a><br \/>V\u00edzes\u00e9s a Susten h\u00e1g\u00f3n\u00e1l Bern kantonban &#8211; fot\u00f3: GettyImages<\/p>\n<p>\u00d6sszess\u00e9g\u00e9ben Sv\u00e1jc az elm\u00falt 50 \u00e9vben 1200 gleccsert vesz\u00edtett, \u00e9s m\u00e1ra m\u00e1r csak 1300 maradt, tov\u00e1bb\u00e1 2000 \u00e9s 2024 k\u00f6z\u00f6tt 38%-kal cs\u00f6kkent a sv\u00e1jci gleccserek t\u00e9rfogata.<\/p>\n<p>A Protect Our Winter in Switzerland (<a href=\"https:\/\/www.linkedin.com\/company\/protect-our-winters-switzerland\/posts?lipi=urn%3Ali%3Apage%3Ad_flagship3_feed_storyline%3BLh8szJQZT0SNQjnIF6u6Rg%3D%3D\" target=\"_blank\" rel=\"nofollow noopener\">POW<\/a>) kezdem\u00e9nyez\u00e9s m\u00e9g \u201eDics\u0151s\u00e9ges gleccsert\u00far\u00e1t\u201d (Glorious Glacier Ride) is szervez: egy ker\u00e9kp\u00e1roscsoport t\u00f6bb mint 756 km-t teker Innsbruckt\u00f3l Chamonix-ig, t\u00f6bb mint 16 ezer m\u00e9teres szintk\u00fcl\u00f6nbs\u00e9get legy\u0171rve, \u00e9s \u00e1thaladva az Alpok n\u00e9h\u00e1ny legikonikusabb \u00e9s leggyorsabban zsugorod\u00f3 gleccser\u00e9n.<\/p>\n<p>Mi\u00e9rt? Mert ez a t\u00fara er\u0151teljes eml\u00e9keztet\u0151 arra, hogy mi forog kock\u00e1n, ugyanis az Alpok gleccsereinek t\u00e9rfogata az elm\u00falt 25 \u00e9vben k\u00f6zel 40%-ot zsugorodott.<\/p>\n<p>Amit egyel\u0151re Eur\u00f3pa tehet, a fejlett monitoring-rendszerek ki\u00e9p\u00edt\u00e9se, korai figyelmeztet\u00e9ssel, adekv\u00e1t kommunik\u00e1ci\u00f3val \u00e9s adott esetben evaku\u00e1l\u00e1ssal, ami d\u00f6nt\u0151 lehet. A v\u00e1ltoz\u00f3 magashegyi k\u00f6rnyezetben a k\u00e9rd\u00e9s teh\u00e1t nemcsak az, hogy hol \u00e9s mikor v\u00e1lhat instabill\u00e1 egy gleccser, hanem az is, hogy felk\u00e9sz\u00fclt\u00fcnk-e arra az esetre, ha ez megt\u00f6rt\u00e9nik?<\/p>\n<p>(Nyit\u00f3k\u00e9p: a nep\u00e1li katasztr\u00f3fa, fot\u00f3: GettyImages)<\/p>\n<p>                    <a href=\"https:\/\/www.google.com\/preferences\/source?q=raketa.hu\" class=\"google-prefer-btn\" rel=\"nofollow noopener\" target=\"_blank\">Itt \u00e1ll\u00edthatod be, hogy a Rak\u00e9ta az els\u0151k k\u00f6z\u00f6tt legyen a Google keres\u0151ben<\/a><\/p>\n<p>                                        <br class=\"clear\"\/><\/p>\n","protected":false},"excerpt":{"rendered":"A Nep\u00e1l \u00e9s K\u00edna hat\u00e1r\u00e1n t\u00f6rt\u00e9nt, t\u00f6bb mint ezer hal\u00e1los \u00e1ldozatot k\u00f6vetel\u0151 katasztr\u00f3fa nemcsak a Himal\u00e1ja s\u00e9r\u00fcl\u00e9kenys\u00e9g\u00e9re vil\u00e1g\u00edtott&hellip;\n","protected":false},"author":2,"featured_media":229506,"comment_status":"","ping_status":"","sticky":false,"template":"","format":"standard","meta":{"footnotes":"","_share_on_mastodon":"0"},"categories":[3],"tags":[107,106,105,2253,13252,31216,42,104,1355,43,3777,5790,1564,46393],"class_list":["post-229505","post","type-post","status-publish","format-standard","has-post-thumbnail","category-europa","tag-eu","tag-europa","tag-europe","tag-felmelegedes","tag-gleccser","tag-himalaja","tag-hungarian","tag-kina","tag-klimavaltozas","tag-magyar","tag-nepal","tag-olvadas","tag-svajc","tag-termeszeti-katasztrofa"],"share_on_mastodon":{"url":"https:\/\/pubeurope.com\/@hu\/117199716737334980","error":""},"_links":{"self":[{"href":"https:\/\/www.europesays.com\/hu\/wp-json\/wp\/v2\/posts\/229505","targetHints":{"allow":["GET"]}}],"collection":[{"href":"https:\/\/www.europesays.com\/hu\/wp-json\/wp\/v2\/posts"}],"about":[{"href":"https:\/\/www.europesays.com\/hu\/wp-json\/wp\/v2\/types\/post"}],"author":[{"embeddable":true,"href":"https:\/\/www.europesays.com\/hu\/wp-json\/wp\/v2\/users\/2"}],"replies":[{"embeddable":true,"href":"https:\/\/www.europesays.com\/hu\/wp-json\/wp\/v2\/comments?post=229505"}],"version-history":[{"count":0,"href":"https:\/\/www.europesays.com\/hu\/wp-json\/wp\/v2\/posts\/229505\/revisions"}],"wp:featuredmedia":[{"embeddable":true,"href":"https:\/\/www.europesays.com\/hu\/wp-json\/wp\/v2\/media\/229506"}],"wp:attachment":[{"href":"https:\/\/www.europesays.com\/hu\/wp-json\/wp\/v2\/media?parent=229505"}],"wp:term":[{"taxonomy":"category","embeddable":true,"href":"https:\/\/www.europesays.com\/hu\/wp-json\/wp\/v2\/categories?post=229505"},{"taxonomy":"post_tag","embeddable":true,"href":"https:\/\/www.europesays.com\/hu\/wp-json\/wp\/v2\/tags?post=229505"}],"curies":[{"name":"wp","href":"https:\/\/api.w.org\/{rel}","templated":true}]}}